{"id":69725,"date":"2011-07-27T00:00:00","date_gmt":"2011-07-26T22:00:00","guid":{"rendered":"http:\/\/www.cronacaonline.it\/public\/content\/index.php\/2011\/07\/27\/provincia-di-cagliari-la-riunione-operativa-per-il-miglioramento-e-la-velocizzazione-dei-servizi-di-disinfestazione-insetti\/"},"modified":"2011-07-27T00:00:00","modified_gmt":"2011-07-26T22:00:00","slug":"provincia-di-cagliari-la-riunione-operativa-per-il-miglioramento-e-la-velocizzazione-dei-servizi-di-disinfestazione-insetti","status":"publish","type":"post","link":"https:\/\/www.cronacaonline.it\/index.php\/2011\/07\/27\/provincia-di-cagliari-la-riunione-operativa-per-il-miglioramento-e-la-velocizzazione-dei-servizi-di-disinfestazione-insetti\/","title":{"rendered":"Provincia di Cagliari &#8211; La riunione operativa per il miglioramento e la velocizzazione dei servizi di disinfestazione insetti."},"content":{"rendered":"<p>Si \u00e8 tenuta questa mattina la riunione operativa convocata dall'assessore provinciale di Cagliari alle Politiche ambientali e Tutela del territorio, Ignazio Tolu, per definire e risolvere le problematiche che finora hanno ostacolato una migliore e pi\u00f9 celere esecuzione degli interventi di disinfestazione insetti nel territorio provinciale. <\/p>\n<p>All'incontro erano presenti le amministrazioni locali, unitamente ai referenti del Servizio Igiene e Sanit\u00e0 Pubblica dell'Asl 8. Grande assente invece la societ\u00e0 Abbanoa, nonostante l'invito formale. Lo scopo principale della riunione \u00e8 stato quello di migliorare, coordinare e sveltire le procedure attinenti all'erogazione del Servizio Disinfestazione al fine di garantire una soddisfacente risposta ai problemi lamentati dai cittadini. Gli amministratori comunali hanno concordato sul fatto che la procedura d'intervento richiesta a tutt'oggi dall'Asl 8 debba essere rivista in funzione dello snellimento del procedimento. Per questo motivo si \u00e8 richiesto ai rappresentanti del Servizio Igiene e Sanit\u00e0 Pubblica della Asl di procedere alla formalizzazione di una semplificazione operativa in linea con le procedure poste in essere negli anni passati con il Centro Antinsetti che, a parere unanime, \u00e8 risultata essere pienamente efficace sia sotto il profilo del gradimento della cittadinanza, che per quanto riguarda l'aspetto del controllo delle infestazioni sul territorio, peraltro pi\u00f9 conforme al rispetto dell'ambiente, visto che cos\u00ec facendo si eviterebbe un inutile dispersione di sostanze chimiche. Concordi i rappresentanti Asl che hanno assicurato il riesame della procedura, fermo restando gli aspetti attinenti alla vigilanza sanitaria di propria competenza. <\/p>\n<p>In relazione alla problematica delle derattizzazioni si \u00e8 convenuto all'unanimit\u00e0 di coinvolgere la Ras sotto l'aspetto normativo, anche al fine di elaborare una delega alla LR 21\/99 che consenta di affrontare anche questa problematica, peraltro molto avvertita da parte dei Comuni. Circa l'assenza della societ\u00e0 Abbanoa, l'assessore provinciale Ignazio Tolu si \u00e8 detto \"scandalizzato per l'ennesima dimostrazione di poca collaborazione da parte di un soggetto pubblico che praticamente non esiste, non risponde e per\u00f2, puntualmente, pretende il pagamento dai cittadini per dei servizi che, francamente, lasciano spesso a desiderare\". Red.<\/p>\n","protected":false},"excerpt":{"rendered":"<p>Si \u00e8 tenuta questa mattina la riunione operativa convocata dall&#8217;assessore provinciale di Cagliari alle Politiche ambientali e Tutela del territorio, Ignazio Tolu, per definire e&#8230;<\/p>\n","protected":false},"author":2,"featured_media":9947,"comment_status":"closed","ping_status":"closed","sticky":false,"template":"","format":"standard","meta":[],"categories":[49],"tags":[],"_links":{"self":[{"href":"https:\/\/www.cronacaonline.it\/index.php\/wp-json\/wp\/v2\/posts\/69725"}],"collection":[{"href":"https:\/\/www.cronacaonline.it\/index.php\/wp-json\/wp\/v2\/posts"}],"about":[{"href":"https:\/\/www.cronacaonline.it\/index.php\/wp-json\/wp\/v2\/types\/post"}],"author":[{"embeddable":true,"href":"https:\/\/www.cronacaonline.it\/index.php\/wp-json\/wp\/v2\/users\/2"}],"replies":[{"embeddable":true,"href":"https:\/\/www.cronacaonline.it\/index.php\/wp-json\/wp\/v2\/comments?post=69725"}],"version-history":[{"count":0,"href":"https:\/\/www.cronacaonline.it\/index.php\/wp-json\/wp\/v2\/posts\/69725\/revisions"}],"wp:featuredmedia":[{"embeddable":true,"href":"https:\/\/www.cronacaonline.it\/index.php\/wp-json\/"}],"wp:attachment":[{"href":"https:\/\/www.cronacaonline.it\/index.php\/wp-json\/wp\/v2\/media?parent=69725"}],"wp:term":[{"taxonomy":"category","embeddable":true,"href":"https:\/\/www.cronacaonline.it\/index.php\/wp-json\/wp\/v2\/categories?post=69725"},{"taxonomy":"post_tag","embeddable":true,"href":"https:\/\/www.cronacaonline.it\/index.php\/wp-json\/wp\/v2\/tags?post=69725"}],"curies":[{"name":"wp","href":"https:\/\/api.w.org\/{rel}","templated":true}]}}