{"id":69698,"date":"2011-07-28T00:00:00","date_gmt":"2011-07-27T22:00:00","guid":{"rendered":"http:\/\/www.cronacaonline.it\/public\/content\/index.php\/2011\/07\/28\/lavoro-assessore-manca-coesione-sociale-determinante-per-rilanciare-leconomia\/"},"modified":"2011-07-28T00:00:00","modified_gmt":"2011-07-27T22:00:00","slug":"lavoro-assessore-manca-coesione-sociale-determinante-per-rilanciare-leconomia","status":"publish","type":"post","link":"https:\/\/www.cronacaonline.it\/index.php\/2011\/07\/28\/lavoro-assessore-manca-coesione-sociale-determinante-per-rilanciare-leconomia\/","title":{"rendered":"Lavoro &#8211; Assessore Manca: &#8220;Coesione sociale determinante per rilanciare l&#8217;economia&#8221;."},"content":{"rendered":"<p>L\u2019assessore regionale del Lavoro, Franco Manca, durante il suo intervento al convegno di oggi a Cagliari sul lavoro giovanile organizzato da Cgil, Cisl e Uil, ha affermato: \"In un momento come quello attuale, di grave crisi dell\u2019economia internazionale, la coesione sociale diventa una variabile determinante per intraprendere tutti insieme un percorso che possa risollevare nel medio e lungo termine anche il sistema produttivo e l\u2019occupazione in Sardegna\". <\/p>\n<p>\"Nessuno - ha osservato Manca - ha la bacchetta magica per risolvere in un anno il problema della disoccupazione nella nostra Isola, per\u00f2 forse non \u00e8 un caso che tra il 2009 e il 2010, come emerge dai dati Istat, questo fenomeno tra i giovani sia passato dal 44,7 al 38,8 per cento. E forse non \u00e8 un caso che in Sardegna il tasso di povert\u00e0 nel 2010 rispetto al 2009 sia diminuito del 2,9 per cento, contrariamente al resto d\u2019Italia (+0,1%) e al Mezzogiorno dove invece \u00e8 cresciuto. Non bisogna brindare per una situazione molto difficile, ma forse i diversi provvedimenti varati dalla Giunta Cappellacci sulle politiche attive del lavoro qualche effetto positivo lo stanno portando\". <\/p>\n<p>L\u2019assessore a questo proposito ha ricordato i 185 milioni spesi sul Fondo sociale europeo dal 2009 al giugno scorso (era di appena 15mila euro la spesa tra il 2007 e l\u2019autunno 2009), i 2.000 giovani coinvolti nei Piani di inserimento professionale, le 600 persone, soprattutto giovani e donne, per i bandi di auto-impresa; gli 8mila lavoratori impiegati sui due bandi Lunga estate; il bando sull\u2019apprendistato, il microcredito, che ha fatto e sta facendo partire numerose piccole aziende; la riapertura dei bandi sulla formazione, i tirocini formativi e di orientamento presentati ieri. \"E' ovvio - ha concluso l\u2019assessore - che la situazione \u00e8 complessa e grave e nessuno ha voglia di esultare, per\u00f2 almeno si \u00e8 fermata l\u2019emorragia e quando anche fiducia e aspettative diventano variabili importanti nel mercato del lavoro, come in questa fase storica, gridare sempre che tutto va malissimo, anche quando ci sono pur minimi segni di ripresa, non aiuta a rilanciare economia e occupazione\". Red.<\/p>\n","protected":false},"excerpt":{"rendered":"<p>L\u2019assessore regionale del Lavoro, Franco Manca, durante il suo intervento al convegno di oggi a Cagliari sul lavoro giovanile organizzato da Cgil, Cisl e Uil,&#8230;<\/p>\n","protected":false},"author":2,"featured_media":0,"comment_status":"closed","ping_status":"closed","sticky":false,"template":"","format":"standard","meta":[],"categories":[49],"tags":[],"_links":{"self":[{"href":"https:\/\/www.cronacaonline.it\/index.php\/wp-json\/wp\/v2\/posts\/69698"}],"collection":[{"href":"https:\/\/www.cronacaonline.it\/index.php\/wp-json\/wp\/v2\/posts"}],"about":[{"href":"https:\/\/www.cronacaonline.it\/index.php\/wp-json\/wp\/v2\/types\/post"}],"author":[{"embeddable":true,"href":"https:\/\/www.cronacaonline.it\/index.php\/wp-json\/wp\/v2\/users\/2"}],"replies":[{"embeddable":true,"href":"https:\/\/www.cronacaonline.it\/index.php\/wp-json\/wp\/v2\/comments?post=69698"}],"version-history":[{"count":0,"href":"https:\/\/www.cronacaonline.it\/index.php\/wp-json\/wp\/v2\/posts\/69698\/revisions"}],"wp:attachment":[{"href":"https:\/\/www.cronacaonline.it\/index.php\/wp-json\/wp\/v2\/media?parent=69698"}],"wp:term":[{"taxonomy":"category","embeddable":true,"href":"https:\/\/www.cronacaonline.it\/index.php\/wp-json\/wp\/v2\/categories?post=69698"},{"taxonomy":"post_tag","embeddable":true,"href":"https:\/\/www.cronacaonline.it\/index.php\/wp-json\/wp\/v2\/tags?post=69698"}],"curies":[{"name":"wp","href":"https:\/\/api.w.org\/{rel}","templated":true}]}}