{"id":69683,"date":"2011-07-04T00:00:00","date_gmt":"2011-07-03T22:00:00","guid":{"rendered":"http:\/\/www.cronacaonline.it\/public\/content\/index.php\/2011\/07\/04\/paolo-fresu-a-orani-con-eivind-aarset-e-dhafer-youssef-per-il-centenario-della-nascita-di-costantino-nivola\/"},"modified":"2011-07-04T00:00:00","modified_gmt":"2011-07-03T22:00:00","slug":"paolo-fresu-a-orani-con-eivind-aarset-e-dhafer-youssef-per-il-centenario-della-nascita-di-costantino-nivola","status":"publish","type":"post","link":"https:\/\/www.cronacaonline.it\/index.php\/2011\/07\/04\/paolo-fresu-a-orani-con-eivind-aarset-e-dhafer-youssef-per-il-centenario-della-nascita-di-costantino-nivola\/","title":{"rendered":"Paolo Fresu a Orani con Eivind Aarset e Dhafer Youssef per il centenario della nascita di Costantino Nivola."},"content":{"rendered":"<p>Prosegue nel nuorese il tour \"!50\": domani, marted\u00ec 5 luglio, alle 19.30, nel parco del Museo Nivola, Paolo Fresu sar\u00e0 a Orani (Nu) per aprire le celebrazioni per il centenario della nascita di Costantino Nivola, il grande scultore e pittore che ha visto la luce nel paese barbaricino proprio il 5 luglio del 1911.<\/p>\n<p><BR><BR>Assieme al trombettista, saranno al centro dei riflettori il chitarrista norvegese Eivind Aarset e il cantante e virtuoso dell'oud tunisino Dhafer Youssef. Il concerto, con ingresso gratuito e organizzato con il contributo della Fondazione Nivola (che a breve saluter\u00e0 anche l'inaugurazione dei nuovi spazi espositivi del Museo), sar\u00e0 preceduto dalla lettura di uno scritto dell'artista oranese affidata all'attore Gavino Poddighe. <BR><BR>\"Ogni concerto \u00e8 un viaggio - ha dichiarato Paolo Fresu - non c'\u00e8 un punto a cui si debba per forza approdare. Ci sono le composizioni e molta improvvisazione; non ci sono veri assoli, si utilizzano dei cicli, e quel che conta \u00e8 l'energia collettiva, \u00e8 che i musicisti siano davvero coinvolti, \u00e8 l'equilibrio fra di loro. Quando si suona, ci vuole sempre una parte di dubbio. Se si sa gi\u00e0 troppo dove si andr\u00e0, la musica non avr\u00e0 la stessa intensit\u00e0. Essere musicisti \u2013 ovviamente in questo senso - non \u00e8 un mestiere\". <BR><BR>Alle 11.00 il musicista sar\u00e0 a Nuoro, nella Biblioteca dell'I.S.R.E., in via Papandrea 6, per presentare alla stampa il programma della ventitreesima edizione del <\/FONT><FONT color=#0000ff size=3><FONT color=#0000ff size=3>Seminario Jazz<\/FONT><\/FONT><FONT size=3> in programma dal 24 agosto al 3 settembre di cui \u00e8 ideatore e coordinatore. Com.<\/p>\n","protected":false},"excerpt":{"rendered":"<p>Prosegue nel nuorese il tour &#8220;!50&#8221;: domani, marted\u00ec 5 luglio, alle 19.30, nel parco del Museo Nivola, Paolo Fresu sar\u00e0 a Orani (Nu) per aprire&#8230;<\/p>\n","protected":false},"author":2,"featured_media":10164,"comment_status":"closed","ping_status":"closed","sticky":false,"template":"","format":"standard","meta":[],"categories":[49],"tags":[],"_links":{"self":[{"href":"https:\/\/www.cronacaonline.it\/index.php\/wp-json\/wp\/v2\/posts\/69683"}],"collection":[{"href":"https:\/\/www.cronacaonline.it\/index.php\/wp-json\/wp\/v2\/posts"}],"about":[{"href":"https:\/\/www.cronacaonline.it\/index.php\/wp-json\/wp\/v2\/types\/post"}],"author":[{"embeddable":true,"href":"https:\/\/www.cronacaonline.it\/index.php\/wp-json\/wp\/v2\/users\/2"}],"replies":[{"embeddable":true,"href":"https:\/\/www.cronacaonline.it\/index.php\/wp-json\/wp\/v2\/comments?post=69683"}],"version-history":[{"count":0,"href":"https:\/\/www.cronacaonline.it\/index.php\/wp-json\/wp\/v2\/posts\/69683\/revisions"}],"wp:featuredmedia":[{"embeddable":true,"href":"https:\/\/www.cronacaonline.it\/index.php\/wp-json\/"}],"wp:attachment":[{"href":"https:\/\/www.cronacaonline.it\/index.php\/wp-json\/wp\/v2\/media?parent=69683"}],"wp:term":[{"taxonomy":"category","embeddable":true,"href":"https:\/\/www.cronacaonline.it\/index.php\/wp-json\/wp\/v2\/categories?post=69683"},{"taxonomy":"post_tag","embeddable":true,"href":"https:\/\/www.cronacaonline.it\/index.php\/wp-json\/wp\/v2\/tags?post=69683"}],"curies":[{"name":"wp","href":"https:\/\/api.w.org\/{rel}","templated":true}]}}