{"id":69679,"date":"2011-07-20T00:00:00","date_gmt":"2011-07-19T22:00:00","guid":{"rendered":"http:\/\/www.cronacaonline.it\/public\/content\/index.php\/2011\/07\/20\/tagli-alle-spese-e-ai-servizi-negli-enti-locali-domani-a-villa-clara-la-conferenza-stampa-della-provincia-di-cagliari\/"},"modified":"2011-07-20T00:00:00","modified_gmt":"2011-07-19T22:00:00","slug":"tagli-alle-spese-e-ai-servizi-negli-enti-locali-domani-a-villa-clara-la-conferenza-stampa-della-provincia-di-cagliari","status":"publish","type":"post","link":"https:\/\/www.cronacaonline.it\/index.php\/2011\/07\/20\/tagli-alle-spese-e-ai-servizi-negli-enti-locali-domani-a-villa-clara-la-conferenza-stampa-della-provincia-di-cagliari\/","title":{"rendered":"Tagli alle spese e ai servizi negli Enti Locali &#8211; Domani a Villa Clara la conferenza stampa della Provincia di Cagliari."},"content":{"rendered":"<p>Il presidente della Provincia di Cagliari, Graziano Milia, e l\u2019assessore alle Politiche culturali, Francesco Sicliano, hanno indetto per domani, gioved\u00ec 21 luglio, alle ore 10.30, a Villa Clara, sulla sommit\u00e0 del Parco di Monte Claro, una conferenza stampa che servir\u00e0 a fare il punto su Patto di stabilit\u00e0, manovra finanziaria nazionale, taglio alle spese e ai servizi negli Enti Locali. <\/p>\n<\/p>\n<p>L'incontro sar\u00e0 utile soprattutto per illustrare la portata del problema e gli sforzi che nonostante tutto l\u2019amministrazione provinciale sta facendo per non abdicare al proprio ruolo. I tagli alla spesa corrente che in ragione del Patto di stabilit\u00e0 la Provincia di Cagliari finora \u00e8 stata costretta a fare al proprio bilancio, ma soprattutto quelli che nei prossimi mesi sar\u00e0 necessario apportare a seguito della manovra finanziaria nazionale recentemente approvata, rischiano di compromettere la programmazione delle attivit\u00e0 culturali dell\u2019Ente e pi\u00f9 nello specifico il Sistema Bibliotecario, una delle eccellenze che da sempre contraddistingue l\u2019attivit\u00e0 della Provincia di Cagliari. Sette milioni di euro in meno per le spese correnti costringeranno cos\u00ec l\u2019amministrazione \u2013 suo malgrado \u2013 a rimodulare gli interventi nel settore del personale, della cultura e dei servizi sociali. Com.<\/p>\n","protected":false},"excerpt":{"rendered":"<p>Il presidente della Provincia di Cagliari, Graziano Milia, e l\u2019assessore alle Politiche culturali, Francesco Sicliano, hanno indetto per domani, gioved\u00ec 21 luglio, alle ore 10.30,&#8230;<\/p>\n","protected":false},"author":2,"featured_media":9947,"comment_status":"closed","ping_status":"closed","sticky":false,"template":"","format":"standard","meta":[],"categories":[49],"tags":[],"_links":{"self":[{"href":"https:\/\/www.cronacaonline.it\/index.php\/wp-json\/wp\/v2\/posts\/69679"}],"collection":[{"href":"https:\/\/www.cronacaonline.it\/index.php\/wp-json\/wp\/v2\/posts"}],"about":[{"href":"https:\/\/www.cronacaonline.it\/index.php\/wp-json\/wp\/v2\/types\/post"}],"author":[{"embeddable":true,"href":"https:\/\/www.cronacaonline.it\/index.php\/wp-json\/wp\/v2\/users\/2"}],"replies":[{"embeddable":true,"href":"https:\/\/www.cronacaonline.it\/index.php\/wp-json\/wp\/v2\/comments?post=69679"}],"version-history":[{"count":0,"href":"https:\/\/www.cronacaonline.it\/index.php\/wp-json\/wp\/v2\/posts\/69679\/revisions"}],"wp:featuredmedia":[{"embeddable":true,"href":"https:\/\/www.cronacaonline.it\/index.php\/wp-json\/"}],"wp:attachment":[{"href":"https:\/\/www.cronacaonline.it\/index.php\/wp-json\/wp\/v2\/media?parent=69679"}],"wp:term":[{"taxonomy":"category","embeddable":true,"href":"https:\/\/www.cronacaonline.it\/index.php\/wp-json\/wp\/v2\/categories?post=69679"},{"taxonomy":"post_tag","embeddable":true,"href":"https:\/\/www.cronacaonline.it\/index.php\/wp-json\/wp\/v2\/tags?post=69679"}],"curies":[{"name":"wp","href":"https:\/\/api.w.org\/{rel}","templated":true}]}}