{"id":69658,"date":"2011-07-05T00:00:00","date_gmt":"2011-07-04T22:00:00","guid":{"rendered":"http:\/\/www.cronacaonline.it\/public\/content\/index.php\/2011\/07\/05\/proseguono-con-successo-le-selezioni-del-concorso-nazionale-miss-italia-per-la-stagione-2011\/"},"modified":"2011-07-05T00:00:00","modified_gmt":"2011-07-04T22:00:00","slug":"proseguono-con-successo-le-selezioni-del-concorso-nazionale-miss-italia-per-la-stagione-2011","status":"publish","type":"post","link":"https:\/\/www.cronacaonline.it\/index.php\/2011\/07\/05\/proseguono-con-successo-le-selezioni-del-concorso-nazionale-miss-italia-per-la-stagione-2011\/","title":{"rendered":"Proseguono con successo le selezioni del Concorso Nazionale Miss Italia per la stagione 2011"},"content":{"rendered":"<p><SPAN class=apple-style-span><SPAN style=\"LINE-HEIGHT: 115%; FONT-FAMILY: 'Verdana', 'sans-serif'; COLOR: black; FONT-SIZE: 12pt\">Nel fantastico scenario de Le Terrazze di Calamosca a Cagliari per la selezione Miss Wella Professionals Ricciolo\" una madrina d'eccezione, Miss Italia in carica \"Francesca Testasecca \".<\/SPAN><\/SPAN><\/p>\n<p><SPAN class=apple-style-span><SPAN style=\"LINE-HEIGHT: 115%; FONT-FAMILY: 'Verdana', 'sans-serif'; COLOR: black; FONT-SIZE: 12pt\">L'affascinante Miss Italia 2010 per la prima volta presente durante il Concorso nell'isola - ha incoronato reginetta della serata<\/SPAN><\/SPAN><SPAN class=apple-converted-space><SPAN style=\"LINE-HEIGHT: 115%; FONT-FAMILY: 'Verdana', 'sans-serif'; COLOR: black; FONT-SIZE: 12pt\">&nbsp;<\/SPAN><\/SPAN><SPAN class=apple-style-span><SPAN style=\"LINE-HEIGHT: 115%; FONT-FAMILY: 'Verdana', 'sans-serif'; COLOR: black; FONT-SIZE: 12pt\">Silvia Sanna 20 anni di Selargius bionda con occhi castani alta 1,75, aspirante modella che sogna di girare il mondo.&nbsp;&nbsp;<\/SPAN><\/SPAN><SPAN style=\"LINE-HEIGHT: 115%; FONT-SIZE: 12pt\"><\/SPAN><\/p>\n<p><SPAN class=apple-style-span><SPAN style=\"LINE-HEIGHT: 115%; FONT-FAMILY: 'Verdana', 'sans-serif'; COLOR: black; FONT-SIZE: 12pt\">L'evento sponsorizzato dal Ricciolo di Annalisa Pinna e Marco Ferrone ha visto premiate anche&nbsp;Erika Aurora Pistis 20 anni di Cagliari, Martina Deliperi 17 anni di Carbonia e Federica Pintus 18 anni di Selargius.<\/SPAN><\/SPAN><SPAN style=\"LINE-HEIGHT: 115%; FONT-SIZE: 12pt\"><\/SPAN><\/p>\n<p><SPAN class=apple-style-span><SPAN style=\"LINE-HEIGHT: 115%; FONT-FAMILY: 'Verdana', 'sans-serif'; COLOR: black; FONT-SIZE: 12pt\">Il preparato staff del Ricciolo si \u00e8 preso cura delle acconciature delle 20 concorrenti in gara mentre il trucco \u00e8 stato realizzato dalla beauty house di Alessandro Sciarra.<\/SPAN><\/SPAN><SPAN style=\"LINE-HEIGHT: 115%; FONT-SIZE: 12pt\"><\/SPAN><\/p>\n<p><SPAN class=apple-style-span><SPAN style=\"LINE-HEIGHT: 115%; FONT-FAMILY: 'Verdana', 'sans-serif'; COLOR: black; FONT-SIZE: 12pt\">La selezione presentata da Matteo Bruni ha visto in giuria due avvocati, il responsabile della Wella Sardegna e il titolare della gioielleria Laccu per Miluna, unica donna in giuria la bellissima Francesca Testasecca.<\/SPAN><\/SPAN><\/p>\n<p><SPAN class=apple-style-span><SPAN style=\"LINE-HEIGHT: 115%; FONT-FAMILY: 'Verdana', 'sans-serif'; COLOR: black; FONT-SIZE: 12pt\">Il prossimo appuntamento sar\u00e0<\/SPAN><\/SPAN><SPAN class=apple-converted-space><SPAN style=\"LINE-HEIGHT: 115%; FONT-FAMILY: 'Verdana', 'sans-serif'; COLOR: black; FONT-SIZE: 12pt\">&nbsp;<\/SPAN><\/SPAN><SPAN class=apple-style-span><SPAN style=\"LINE-HEIGHT: 115%; FONT-FAMILY: 'Verdana', 'sans-serif'; COLOR: black; FONT-SIZE: 12pt\"><A href=\"javascript:mails_addtocal(2,%22domani%22);\"><SPAN style=\"COLOR: #ff8000\">domani<\/SPAN><\/A><\/SPAN><\/SPAN><SPAN class=apple-converted-space><SPAN style=\"LINE-HEIGHT: 115%; FONT-FAMILY: 'Verdana', 'sans-serif'; COLOR: black; FONT-SIZE: 12pt\">&nbsp;<\/SPAN><\/SPAN><SPAN class=apple-style-span><SPAN style=\"LINE-HEIGHT: 115%; FONT-FAMILY: 'Verdana', 'sans-serif'; COLOR: black; FONT-SIZE: 12pt\">mercoledi 6 luglio nella suggestiva cornice del Forte Village Resort per l'assegnazione del titolo \"Miss Eleganza S\u00ec \u00e8 Lei\".<\/SPAN><\/SPAN><\/p>\n<p><SPAN class=apple-style-span><SPAN style=\"LINE-HEIGHT: 115%; FONT-FAMILY: 'Verdana', 'sans-serif'; COLOR: black; FONT-SIZE: 12pt\">La fase regionale di Miss Italia si svolger\u00e0 in tutta l'isola: dopo le selezioni verranno assegnati i titoli regionali abbinati al concorso, biglietto valido per le prefinali nazionali, prima della finalissima regionale di fine agosto, dove verr\u00e0 eletta Miss Sardegna che acceder\u00e0 direttamente alla finalissima nazionale dove verr\u00e0 incoronata la \"Reginetta 2011\".<\/SPAN><\/SPAN><\/p>\n<p><SPAN class=apple-style-span><SPAN style=\"LINE-HEIGHT: 115%; FONT-FAMILY: 'Verdana', 'sans-serif'; COLOR: black; FONT-SIZE: 12pt\">l limite di et\u00e0 minima per partecipare al Concorso \u00e8 fissato a quota 18, a condizione che le candidate li compiano entro il 10 settembre 2011. L'et\u00e0 massima, invece, \u00e8 26, da compiere entro l'anno in corso. Red<\/SPAN><\/SPAN><\/p>\n","protected":false},"excerpt":{"rendered":"<p>Nel fantastico scenario de Le Terrazze di Calamosca a Cagliari per la selezione Miss Wella Professionals Ricciolo&#8221; una madrina d&#8217;eccezione, Miss Italia in carica &#8220;Francesca&#8230;<\/p>\n","protected":false},"author":2,"featured_media":10158,"comment_status":"closed","ping_status":"closed","sticky":false,"template":"","format":"standard","meta":[],"categories":[49],"tags":[],"_links":{"self":[{"href":"https:\/\/www.cronacaonline.it\/index.php\/wp-json\/wp\/v2\/posts\/69658"}],"collection":[{"href":"https:\/\/www.cronacaonline.it\/index.php\/wp-json\/wp\/v2\/posts"}],"about":[{"href":"https:\/\/www.cronacaonline.it\/index.php\/wp-json\/wp\/v2\/types\/post"}],"author":[{"embeddable":true,"href":"https:\/\/www.cronacaonline.it\/index.php\/wp-json\/wp\/v2\/users\/2"}],"replies":[{"embeddable":true,"href":"https:\/\/www.cronacaonline.it\/index.php\/wp-json\/wp\/v2\/comments?post=69658"}],"version-history":[{"count":0,"href":"https:\/\/www.cronacaonline.it\/index.php\/wp-json\/wp\/v2\/posts\/69658\/revisions"}],"wp:featuredmedia":[{"embeddable":true,"href":"https:\/\/www.cronacaonline.it\/index.php\/wp-json\/"}],"wp:attachment":[{"href":"https:\/\/www.cronacaonline.it\/index.php\/wp-json\/wp\/v2\/media?parent=69658"}],"wp:term":[{"taxonomy":"category","embeddable":true,"href":"https:\/\/www.cronacaonline.it\/index.php\/wp-json\/wp\/v2\/categories?post=69658"},{"taxonomy":"post_tag","embeddable":true,"href":"https:\/\/www.cronacaonline.it\/index.php\/wp-json\/wp\/v2\/tags?post=69658"}],"curies":[{"name":"wp","href":"https:\/\/api.w.org\/{rel}","templated":true}]}}