{"id":69647,"date":"2011-07-26T00:00:00","date_gmt":"2011-07-25T22:00:00","guid":{"rendered":"http:\/\/www.cronacaonline.it\/public\/content\/index.php\/2011\/07\/26\/firmato-protocollo-dintesa-a-madrid-tra-listar-e-il-ministero-spagnolo-della-cultura\/"},"modified":"2011-07-26T00:00:00","modified_gmt":"2011-07-25T22:00:00","slug":"firmato-protocollo-dintesa-a-madrid-tra-listar-e-il-ministero-spagnolo-della-cultura","status":"publish","type":"post","link":"https:\/\/www.cronacaonline.it\/index.php\/2011\/07\/26\/firmato-protocollo-dintesa-a-madrid-tra-listar-e-il-ministero-spagnolo-della-cultura\/","title":{"rendered":"Firmato protocollo d&#8217;intesa a Madrid tra l&#8217;Istar e il Ministero spagnolo della cultura."},"content":{"rendered":"<p>L'Istituto Storico Arborense per la Ricerca e la Documentazione sul Giudicato d'Arborea e il Marchesato di Oristano, rappresentato da Giampaolo Mele, direttore scientifico dell'Ente, il 20 maggio scorso a Madrid, ha sottoscritto un importante protocollo d'intesa con il Ministero Spagnolo della Cultura, nella persona del Director General del Libro, Archivos y Bibliotecas, Rogelio Blanco Mart\u00ednez, che consentir\u00e0 di approfondire gli studi sulla storia della Sardegna e in particolare su quella di Oristano, attraverso l'acquisizione di importanti documenti conservati presso il prestigioso Archivio della Corona d'Aragona di Barcellona, in assoluto tra i pi\u00f9 eminenti centri di studio per la storia mediterranea ed europea.<\/p>\n<p>\"L'operazione \u00e8 stata possibile grazie alla disponibilit\u00e0 e sensibilit\u00e0 culturale. del Direttore dell'Archivio della Corona d'Arago, Carlos L\u00f3pez Rodr\u00edguez, che ha seguito passo per passo la complessa istruzione del documento \u2013 ha spiegato il direttore dell'Istar, Giampaolo Mele - Sono gi\u00e0 giunti i primi documenti, ovvero una serie di 17 registri del Maestro Racional del Real Patrimonio, pi\u00f9 altri dieci volumi della Real Cancilleria. Procesos contra los Arborea e i Registri del Maestro Racional, digitalizzati da una societ\u00e0 di Barcelona, fiduciaria dell'Aca, per una spesa che si aggira sui 19.000 euro\".<\/p>\n<p>\"Grazie a questa intesa, entriamo in possesso di documenti digitali di straordinario valore per la nostra storia - ha aggiunto il Sindaco Angela Nonnis \u2013 sono per la maggior parte documenti inediti della massima importanza, per la conoscenza della nostra storia giudicale e sui rapporti tra gli Arborea e la Corona d'Aragona\".<\/p>\n<p>\"La storia sarda e quella giudicale in particolare devono diventare parte integrante dell'offerta formativa delle nostre scuole \u2013 ha sottolineato l'Assessore alla Cultura, Luca Faedda -. L'Istar, in questo senso, ha un ruolo strategico importante per la ricerca e la diffusione della conoscenza\".<\/p>\n<p>Per il momento, il materiale non sar\u00e0 ancora accessibile agli studiosi, perch\u00e9 deve essere adeguatamente catalogato e integrato con il resto della documentazione esistente nell'Archivio Storico del Comune, per essere resi fruibili. La valorizzazione e la divulgazione della documentazione sar\u00e0 fatta in sinergia tra la Biblioteca Comunale e l'Archivio Storico del Comune. E' anche in avanzata fase di elaborazione, un progetto per costituire un fondo documentario e bibliografico riguardante la musica e la liturgia nel Giudicato d'Arborea. In concomitanza con la presentazione dell'importante risultato, Carlo L\u00f2pez Rodriguez, dell'Archivio della Corona di Aragona di Barcellona, ha fatto pervenire una nota nella quale esprime tutta la sua soddisfazione per il risultato raggiunto, in quanto \"anticamente il Regno di Sardegna, era parte integrante della Corona di Aragona dal 1323 al 1713, che in tutti quei secoli gener\u00f2 una mole enorme di documenti, gran parte dei quali, sono custoditi nell'archivio barcellonese, che sono stati digitalizzati in alta definizione per essere resi fruibili dagli studiosi sardi\". Red.<\/p>\n","protected":false},"excerpt":{"rendered":"<p>L&#8217;Istituto Storico Arborense per la Ricerca e la Documentazione sul Giudicato d&#8217;Arborea e il Marchesato di Oristano, rappresentato da Giampaolo Mele, direttore scientifico dell&#8217;Ente, il&#8230;<\/p>\n","protected":false},"author":2,"featured_media":0,"comment_status":"closed","ping_status":"closed","sticky":false,"template":"","format":"standard","meta":[],"categories":[49],"tags":[],"_links":{"self":[{"href":"https:\/\/www.cronacaonline.it\/index.php\/wp-json\/wp\/v2\/posts\/69647"}],"collection":[{"href":"https:\/\/www.cronacaonline.it\/index.php\/wp-json\/wp\/v2\/posts"}],"about":[{"href":"https:\/\/www.cronacaonline.it\/index.php\/wp-json\/wp\/v2\/types\/post"}],"author":[{"embeddable":true,"href":"https:\/\/www.cronacaonline.it\/index.php\/wp-json\/wp\/v2\/users\/2"}],"replies":[{"embeddable":true,"href":"https:\/\/www.cronacaonline.it\/index.php\/wp-json\/wp\/v2\/comments?post=69647"}],"version-history":[{"count":0,"href":"https:\/\/www.cronacaonline.it\/index.php\/wp-json\/wp\/v2\/posts\/69647\/revisions"}],"wp:attachment":[{"href":"https:\/\/www.cronacaonline.it\/index.php\/wp-json\/wp\/v2\/media?parent=69647"}],"wp:term":[{"taxonomy":"category","embeddable":true,"href":"https:\/\/www.cronacaonline.it\/index.php\/wp-json\/wp\/v2\/categories?post=69647"},{"taxonomy":"post_tag","embeddable":true,"href":"https:\/\/www.cronacaonline.it\/index.php\/wp-json\/wp\/v2\/tags?post=69647"}],"curies":[{"name":"wp","href":"https:\/\/api.w.org\/{rel}","templated":true}]}}