{"id":69620,"date":"2011-07-29T00:00:00","date_gmt":"2011-07-28T22:00:00","guid":{"rendered":"http:\/\/www.cronacaonline.it\/public\/content\/index.php\/2011\/07\/29\/processo-lungo-si-del-senato-dopo-la-bagarre\/"},"modified":"2011-07-29T00:00:00","modified_gmt":"2011-07-28T22:00:00","slug":"processo-lungo-si-del-senato-dopo-la-bagarre","status":"publish","type":"post","link":"https:\/\/www.cronacaonline.it\/index.php\/2011\/07\/29\/processo-lungo-si-del-senato-dopo-la-bagarre\/","title":{"rendered":"Processo lungo&#8217;, s\u00ec del Senato dopo la bagarre"},"content":{"rendered":"<p><SPAN class=apple-style-span><SPAN style=\"LINE-HEIGHT: 115%; FONT-FAMILY: 'Arial', 'sans-serif'; COLOR: black; FONT-SIZE: 10.5pt\"><FONT face=Arial>L'Aula del Senato ha approvato la questione di fiducia posta dal governo sul ddl che prevede l'inapplicabilit\u00e0 del giudizio abbreviato ai delitti puniti con la pena dell'ergastolo in cui \u00e8 stata inserita la norma sul cosiddetto processo lungo. I s\u00ec sono stati 160, i no 139. Il ddl torna ora all'esame della Camera.<\/FONT><\/SPAN><\/SPAN><\/p>\n<p><SPAN class=apple-style-span><SPAN style=\"LINE-HEIGHT: 115%; FONT-FAMILY: 'Arial', 'sans-serif'; COLOR: black; FONT-SIZE: 10.5pt\">\"Il corpo della politica&nbsp;\u00e8 invaso dalle metastasi per colpa vostra, siete causa dell'antipolitica. Affondate nella sfiducia del popolo italiano, sarete ricordati come la pagina pi\u00f9 buia della Repubblica. Ora fiduciatevi, non cadrete in piedi, ma con le spalle al popolo cercando di evitare i meritati e sacrosanti calci nel sedere\". Il senatore dell'Idv, Luigi Li Gotti, nel corso della dichiarazione di voto al Senato sulla fiducia posta dal governo al ddl sul cosiddetto processo lungo, non lesina accuse alla maggioranza trasformando il suo discorso in una requisitoria.<\/SPAN><\/SPAN><\/p>\n<p><SPAN class=apple-style-span><SPAN style=\"LINE-HEIGHT: 115%; FONT-FAMILY: 'Arial', 'sans-serif'; COLOR: black; FONT-SIZE: 10.5pt\">\"Siete espressione di un potere arrogante che protegge il capo assoluto. Avete sbagliato - afferma - sempre senza commettere errori, cio\u00e8 senza incorrere nell'errore di fare qualcosa di giusto. Una condizione unica. Voi siete i berlusconiani, cio\u00e8 l'espressione della malattia di un Paese\".<\/SPAN><\/SPAN><\/p>\n<p><SPAN class=apple-style-span><SPAN style=\"LINE-HEIGHT: 115%; FONT-FAMILY: 'Arial', 'sans-serif'; COLOR: black; FONT-SIZE: 10.5pt\">I senatori dell'Idv hanno poi esposto nell'aula di Palazzo Madama dei cartelli con la scritta \"Ladri di Giustizia!\". Nonostante i continui richiami del presidente Schifani, i parlamentari dipietristi hanno proseguito la protesta contro il provvedimento ribattezzato 'processo lungo' per il quale la maggioranza ed il Governo hanno posto la questione di fiducia.<\/SPAN><\/SPAN><\/SPAN><\/p>\n","protected":false},"excerpt":{"rendered":"<p>L&#8217;Aula del Senato ha approvato la questione di fiducia posta dal governo sul ddl che prevede l&#8217;inapplicabilit\u00e0 del giudizio abbreviato ai delitti puniti con la&#8230;<\/p>\n","protected":false},"author":2,"featured_media":0,"comment_status":"closed","ping_status":"closed","sticky":false,"template":"","format":"standard","meta":[],"categories":[49],"tags":[],"_links":{"self":[{"href":"https:\/\/www.cronacaonline.it\/index.php\/wp-json\/wp\/v2\/posts\/69620"}],"collection":[{"href":"https:\/\/www.cronacaonline.it\/index.php\/wp-json\/wp\/v2\/posts"}],"about":[{"href":"https:\/\/www.cronacaonline.it\/index.php\/wp-json\/wp\/v2\/types\/post"}],"author":[{"embeddable":true,"href":"https:\/\/www.cronacaonline.it\/index.php\/wp-json\/wp\/v2\/users\/2"}],"replies":[{"embeddable":true,"href":"https:\/\/www.cronacaonline.it\/index.php\/wp-json\/wp\/v2\/comments?post=69620"}],"version-history":[{"count":0,"href":"https:\/\/www.cronacaonline.it\/index.php\/wp-json\/wp\/v2\/posts\/69620\/revisions"}],"wp:attachment":[{"href":"https:\/\/www.cronacaonline.it\/index.php\/wp-json\/wp\/v2\/media?parent=69620"}],"wp:term":[{"taxonomy":"category","embeddable":true,"href":"https:\/\/www.cronacaonline.it\/index.php\/wp-json\/wp\/v2\/categories?post=69620"},{"taxonomy":"post_tag","embeddable":true,"href":"https:\/\/www.cronacaonline.it\/index.php\/wp-json\/wp\/v2\/tags?post=69620"}],"curies":[{"name":"wp","href":"https:\/\/api.w.org\/{rel}","templated":true}]}}