{"id":69616,"date":"2011-07-04T00:00:00","date_gmt":"2011-07-03T22:00:00","guid":{"rendered":"http:\/\/www.cronacaonline.it\/public\/content\/index.php\/2011\/07\/04\/da-domani-martedi-5-luglio-si-riuniscono-tutte-le-commissioni\/"},"modified":"2011-07-04T00:00:00","modified_gmt":"2011-07-03T22:00:00","slug":"da-domani-martedi-5-luglio-si-riuniscono-tutte-le-commissioni","status":"publish","type":"post","link":"https:\/\/www.cronacaonline.it\/index.php\/2011\/07\/04\/da-domani-martedi-5-luglio-si-riuniscono-tutte-le-commissioni\/","title":{"rendered":"Da domani, marted\u00ec 5 luglio, si riuniscono tutte le commissioni"},"content":{"rendered":"<p><SPAN style=\"FONT-FAMILY: 'Verdana', 'sans-serif'; mso-bidi-font-size: 12.0pt\">Oltre alla Prima commissione (Autonomia), presieduta da Pietro Pittalis (Pdl), che si riunir\u00e0 nel pomeriggio di mercoled\u00ec 6 luglio e la mattina di gioved\u00ec 7, come annunciato in Aula ieri dalla presidente Claudia Lombardo, per l\u2019esame degli emendamenti presentati al Dl 71 in materia di personale della Regione, domani, marted\u00ec 5 luglio alle ore 16.30 si riunir\u00e0 la Quinta commissione (Agricoltura), presieduta da Paolo Terzo Sanna (Pdl) per la programmazione dei lavori e l\u2019esame del testo unificato delle proposte di legge 107, 126 e 132 sulle concessioni demaniali marittime, il distretto del tonno e l\u2019ittiturismo.<\/SPAN><\/p>\n<p><SPAN style=\"FONT-FAMILY: 'Verdana', 'sans-serif'; mso-bidi-font-size: 12.0pt\">Sempre per marted\u00ec alle ore 16.30 \u00e8 convocata la Settima commissione (Sanit\u00e0), presieduta da Felice Contu (Udc-Fli) per la programmazione dei lavori e l\u2019illustrazione delle proposte di legge 18, 87, 116, 148 e 252, tutte riguardanti norme sulla famiglia. I lavori della commissione proseguiranno mercoled\u00ec 6 luglio alle 10.30 per l\u2019audizione del presidente della conferenza sanitaria provinciale<SPAN style=\"mso-spacerun: yes\">&nbsp; <\/SPAN>sull\u2019ospedale di San Gavino e il centro di Santa Maria Assunta e per l\u2019approvazione definitiva della riforma del Sistema Sanitario Regionale.<\/SPAN><\/p>\n<p><SPAN style=\"FONT-FAMILY: 'Verdana', 'sans-serif'; mso-bidi-font-size: 12.0pt\">Convocata anche l\u2019Ottava commissione (Cultura), presieduta da Attilio Dedoni (Riformatori), che marted\u00ec alle ore 17 esaminer\u00e0 le proposte di legge 235 e 236 sui beni culturali, le proposte 74, 185 e 255 sull\u2019archeologia, le Pl 100, 168 e 169 sulle politiche giovanili e la proposta di legge 54 sulla Scuola d\u2019Europa.<\/SPAN><\/p>\n<p><SPAN style=\"FONT-FAMILY: 'Verdana', 'sans-serif'; mso-bidi-font-size: 12.0pt\">Mercoled\u00ec 6 luglio alle ore 10.00 in Terza commissione (Bilancio), presieduta da Paolo Maninchedda (Psd\u2019Az), \u00e8 prevista l\u2019audizione dell\u2019assessore al Lavoro, Franco Manca, sull\u2019andamento delle spese programmate del fondo regionale per l\u2019occupazione. La seduta proseguir\u00e0 con l\u2019esame dei pareri 143 e 145 sull\u2019alienazione del terreno ex Isola nel Comune di Armungia e sulla cessione di un immobile al Comune di La Maddalena.<\/SPAN><\/p>\n<p><SPAN style=\"FONT-FAMILY: 'Verdana', 'sans-serif'; mso-bidi-font-size: 12.0pt\">Convocata per mercoled\u00ec 6 luglio alle ore 11 anche la Sesta commissione (Industria), presieduta da Alberto Randazzo (Pdl) per l\u2019esame della proposta di legge 102 che disciplina le attivit\u00e0 turistico-ricettive e dell\u2019ospitalit\u00e0 in Sardegna e la proposta 271, testo unico in materia di turismo.<\/SPAN><\/p>\n<p><SPAN style=\"FONT-FAMILY: 'Verdana', 'sans-serif'; mso-bidi-font-size: 12.0pt\">La Quarta commissione (Urbanistica), presieduta da Matteo Sanna (Udc-Fli), si riunir\u00e0 mercoled\u00ec 6 alle ore 16 per l\u2019esame del disegno di legge 265 presentato dall\u2019assessorato regionale all\u2019Urbanistica di modifica e integrazione della legge 4 del 2009 (Piano casa).<\/SPAN><\/p>\n<p><SPAN style=\"FONT-FAMILY: 'Verdana', 'sans-serif'; mso-bidi-font-size: 12.0pt\">La Seconda commissione (Diritti civili), presieduta da Silvestro Ladu (Pdl) si riunir\u00e0 gioved\u00ec 7 alle 10.30 per il parere 144 sul regolamento del Corecom e l\u2019esame del testo unificato delle proposte di legge 131 e 133 sulle adozioni e gli affidi. Red<\/SPAN><\/p>\n","protected":false},"excerpt":{"rendered":"<p>Oltre alla Prima commissione (Autonomia), presieduta da Pietro Pittalis (Pdl), che si riunir\u00e0 nel pomeriggio di mercoled\u00ec 6 luglio e la mattina di gioved\u00ec 7,&#8230;<\/p>\n","protected":false},"author":2,"featured_media":0,"comment_status":"closed","ping_status":"closed","sticky":false,"template":"","format":"standard","meta":[],"categories":[49],"tags":[],"_links":{"self":[{"href":"https:\/\/www.cronacaonline.it\/index.php\/wp-json\/wp\/v2\/posts\/69616"}],"collection":[{"href":"https:\/\/www.cronacaonline.it\/index.php\/wp-json\/wp\/v2\/posts"}],"about":[{"href":"https:\/\/www.cronacaonline.it\/index.php\/wp-json\/wp\/v2\/types\/post"}],"author":[{"embeddable":true,"href":"https:\/\/www.cronacaonline.it\/index.php\/wp-json\/wp\/v2\/users\/2"}],"replies":[{"embeddable":true,"href":"https:\/\/www.cronacaonline.it\/index.php\/wp-json\/wp\/v2\/comments?post=69616"}],"version-history":[{"count":0,"href":"https:\/\/www.cronacaonline.it\/index.php\/wp-json\/wp\/v2\/posts\/69616\/revisions"}],"wp:attachment":[{"href":"https:\/\/www.cronacaonline.it\/index.php\/wp-json\/wp\/v2\/media?parent=69616"}],"wp:term":[{"taxonomy":"category","embeddable":true,"href":"https:\/\/www.cronacaonline.it\/index.php\/wp-json\/wp\/v2\/categories?post=69616"},{"taxonomy":"post_tag","embeddable":true,"href":"https:\/\/www.cronacaonline.it\/index.php\/wp-json\/wp\/v2\/tags?post=69616"}],"curies":[{"name":"wp","href":"https:\/\/api.w.org\/{rel}","templated":true}]}}