{"id":69606,"date":"2011-07-05T00:00:00","date_gmt":"2011-07-04T22:00:00","guid":{"rendered":"http:\/\/www.cronacaonline.it\/public\/content\/index.php\/2011\/07\/05\/alberto-scanu-confermato-presidente-dellassociazione-industriali-province-della-sardegna-meridionale-confindustria-per-il-biennio-2011-2013\/"},"modified":"2011-07-05T00:00:00","modified_gmt":"2011-07-04T22:00:00","slug":"alberto-scanu-confermato-presidente-dellassociazione-industriali-province-della-sardegna-meridionale-confindustria-per-il-biennio-2011-2013","status":"publish","type":"post","link":"https:\/\/www.cronacaonline.it\/index.php\/2011\/07\/05\/alberto-scanu-confermato-presidente-dellassociazione-industriali-province-della-sardegna-meridionale-confindustria-per-il-biennio-2011-2013\/","title":{"rendered":"Alberto Scanu confermato presidente dell\u2019associazione industriali  province della Sardegna meridionale \u2013Confindustria per il biennio 2011-2013."},"content":{"rendered":"<p><st1:PersonName w:st=\"on\" ProductID=\"ALBERTO SCANU\"><SPAN style=\"FONT-FAMILY: 'Verdana', 'sans-serif'\">Alberto Scanu<\/SPAN><\/st1:PersonName><SPAN style=\"FONT-FAMILY: 'Verdana', 'sans-serif'\"> \u00e8 stato confermato Presidente dell\u2019Associazione Industriali Province della Sardegna Meridionale \u2013 Confindustria anche<SPAN style=\"mso-spacerun: yes\">&nbsp; <\/SPAN>per il biennio 2011-2013. E' stato eletto questo pomeriggio a Cagliari dall\u2019Assemblea Generale dei Soci dell\u2019Associazione, riunita presso la sede di viale Colombo.<\/SPAN><\/p>\n<p><SPAN style=\"FONT-FAMILY: 'Verdana', 'sans-serif'\">Giunto al suo terzo mandato ( l\u2019ultimo consecutivo consentito dallo Statuto dell\u2019Associazione), Scanu ha ottenuto il<SPAN style=\"mso-spacerun: yes\">&nbsp; <\/SPAN>gradimento<SPAN style=\"mso-spacerun: yes\">&nbsp; <\/SPAN>unanime degli Associati che hanno approvato l' attivit\u00e0 svolta, le linee politiche e gli indirizzi programmatici per il prossimo biennio.<\/SPAN><\/p>\n<p><SPAN style=\"FONT-FAMILY: 'Verdana', 'sans-serif'\">Nel corso della sua relazione il Presidente Scanu ha confermato che il sistema produttivo del Sud Sardegna continua a subire gli effetti della crisi globale, con pesanti ripercussioni sul PIL e sui livelli occupazionali.<\/SPAN><\/p>\n<p><SPAN style=\"FONT-FAMILY: 'Verdana', 'sans-serif'\">Per cercare di accelerare i tempi della ripresa, <SPAN style=\"mso-bidi-font-weight: bold\">Scanu ha detto che va rilanciato con decisione il ruolo dell\u2019industria manifatturiera come principale motore di crescita economica. \u201cSenza industria niente PIL\u201d, ha detto riprendendo i concetti espressi dal Centro Studi della Confindustria in occasione della presentazione dell\u2019ultimo rapporto sull\u2019industria italiana. L\u2019industria manifatturiera genera infatti i guadagni di produttivit\u00e0, crea posti di lavoro qualificati e meglio remunerati, stimola la ricerca e l\u2019innovazione, genera il 78% delle esportazioni, produce pi\u00f9 del 33% del PIL nazionale (turismo il 3,1% del totale).<\/SPAN><\/SPAN><\/p>\n<p><SPAN style=\"FONT-FAMILY: 'Verdana', 'sans-serif'; mso-bidi-font-weight: bold\">Ma in Sardegna, a suo parere,<SPAN style=\"mso-spacerun: yes\">&nbsp; <\/SPAN>il sistema industriale \u00e8 ancora troppo sbilanciato sulla<SPAN style=\"mso-spacerun: yes\">&nbsp; <\/SPAN>piccola impresa a carattere<SPAN style=\"mso-spacerun: yes\">&nbsp; <\/SPAN>famigliare ed \u00e8 necessario interrogarsi su cosa limiti il diffondersi di modalit\u00e0 alternative di propriet\u00e0, controllo e finanza delle nostre imprese, agire sul capitale di rischio e sul management, con aperture verso l\u2019esterno.<\/SPAN><\/p>\n<p><SPAN style=\"FONT-FAMILY: 'Verdana', 'sans-serif'; mso-bidi-font-weight: bold\">Il perdurare della crisi, ha aggiunto Scanu, impone per\u00f2 anche<SPAN style=\"mso-spacerun: yes\">&nbsp; <\/SPAN>un impegno straordinario sui fronti di crisi. Le imprese non possono ulteriormente sopportare le diseconomie che derivano dai tanti nodi irrisolti della nostra economia. Da troppi anni si continua infatti a parlare indistintamente dell\u2019universo dei problemi del nostro territorio senza aver trovato sino ad oggi soluzione ad alcuno di essi. E\u2019 perci\u00f2 necessario cercare di risolvere i problemi<SPAN style=\"mso-spacerun: yes\">&nbsp; <\/SPAN>che da tempo le imprese segnalano come prioritari: Efficienza della P.A (incapacit\u00e0 o inadeguatezza<SPAN style=\"mso-spacerun: yes\">&nbsp; <\/SPAN>della spesa pubblica e ritardo nei pagamenti), credito (corretti apporti di risorse finanziarie), trasporti per merci e passeggeri, energia<SPAN style=\"mso-spacerun: yes\">&nbsp; <\/SPAN>(rinnovabili, carbone, recupero co2, galsi), Infrastrutture ( viabilit\u00e0, porti ed aeroporti).<\/SPAN><\/p>\n<p><SPAN style=\"FONT-FAMILY: 'Verdana', 'sans-serif'; mso-bidi-font-weight: bold\">Per rilanciare l\u2019economia del territorio sar\u00e0 inoltre necessario valorizzare i nuovi settori, che corrispondono alle vocazioni naturali della Sardegna quali turismo, agroindustria ed<SPAN style=\"mso-spacerun: yes\">&nbsp; <\/SPAN>economia verde. Settori con costanti potenzialit\u00e0 di crescita, in grado di generare ricadute positive anche per gli altri settori.<\/SPAN><\/p>\n<p><SPAN style=\"FONT-FAMILY: 'Verdana', 'sans-serif'; mso-bidi-font-weight: bold\">Scanu ha infine<SPAN style=\"mso-spacerun: yes\">&nbsp; <\/SPAN>sottolineato la necessit\u00e0 di migliorare l\u2019azione dell\u2019Associazione sia sotto il profilo organizzativo sia nei rapporti con le Istituzioni indicando i principali progetti che l\u2019Associazione porter\u00e0 avanti nel prossimo biennio per sostenere l\u2019attivit\u00e0 delle imprese:<\/SPAN><SPAN style=\"LINE-HEIGHT: 115%; FONT-FAMILY: 'Verdana', 'sans-serif'; COLOR: white; FONT-SIZE: 16pt; mso-bidi-font-weight: bold; mso-effects-shadow-color: black; mso-effects-shadow-alpha: 40.0%; mso-effects-shadow-dpiradius: 4.0pt; mso-effects-shadow-dpidistance: 3.0pt; mso-effects-shadow-angledirection: 2700000; mso-effects-shadow-align: topleft; mso-effects-shadow-pctsx: 100.0%; mso-effects-shadow-pctsy: 100.0%; mso-effects-shadow-anglekx: 0; mso-effects-shadow-angleky: 0\"> <\/SPAN><SPAN style=\"FONT-FAMILY: 'Verdana', 'sans-serif'; mso-bidi-font-weight: bold\">Credito e CONFIDI, Accordi con<SPAN style=\"mso-spacerun: yes\">&nbsp; <\/SPAN>Agenzia delle Entrate ed Equitalia; Missioni internazionali,<SPAN style=\"mso-spacerun: yes\">&nbsp; <\/SPAN>Scuola di Management MEMES, Sicurezza sul lavoro, Innovazione e ricerca, Formazione, Efficientamento delle imprese impiantistiche, DMO (Destination Mangement Organization) Cagliari e Sardinia Golf per la crescita del settore turistico, utilizzo dei Contratti di rete.<\/SPAN><\/p>\n<p><SPAN style=\"FONT-FAMILY: 'Verdana', 'sans-serif'; mso-bidi-font-weight: bold\">Nella stessa riunione l\u2019Assemblea Generale della Confindustria Cagliaritana ha confermato l\u2019ing. Maurizio de Pascale nella carica di Vice Presidente Vicario dell\u2019Associazione ed ha eletto i cinque componenti che, insieme ai Presidenti delle Sezioni merceologiche, al Presidente della Piccola Industria, al Presidente dei Giovani Imprenditori, ai cinque rappresentanti delle imprese maggiori, ai due cooptati dalla Giunta ed ai past Presidents, formeranno <st1:PersonName w:st=\"on\" ProductID=\"la Giunta\">la Giunta<\/st1:PersonName> dell\u2019Associazione<SPAN style=\"mso-spacerun: yes\">&nbsp; <\/SPAN>nel prossimo biennio. Sono stati eletti i signori: Simona Pellegrini, Ugo Benedetti, Matteo Baire, Vittorio Fradelloni e Nicola Palomba.<\/SPAN><\/p>\n<p><SPAN style=\"FONT-FAMILY: 'Verdana', 'sans-serif'; mso-bidi-font-weight: bold\">Ai lavori dell'Assemblea \u00e8 intervenuto l' Assessore all' Industria della Regione, Oscar Cherchi, il quale ha condiviso l\u2019analisi degli industriali sulla situazione economica<SPAN style=\"mso-spacerun: yes\">&nbsp; <\/SPAN>ed ha espresso apprezzamento per le iniziative e le linee programmatiche esposte dal presidente Scanu.<\/SPAN><\/p>\n<p><SPAN style=\"FONT-FAMILY: 'Verdana', 'sans-serif'; mso-bidi-font-weight: bold\">Cherchi ha<SPAN style=\"mso-spacerun: yes\">&nbsp; <\/SPAN>confermato che la Giunta regionale continuer\u00e0 in tutti i modi<SPAN style=\"mso-spacerun: yes\">&nbsp; <\/SPAN>a sostenere lo sforzo delle imprese per far si che il sistema produttivo isolano, che incomincia a dare segni di ripresa, possa finalmente uscire dalla crisi che lo attanaglia e riavvicinare la Sardegna ai territori economicamente pi\u00f9 avanzati. Red<\/SPAN><\/p>\n<p><SPAN style=\"FONT-FAMILY: 'Verdana', 'sans-serif'; mso-bidi-font-weight: bold\"><\/SPAN>&nbsp;<\/p>\n","protected":false},"excerpt":{"rendered":"<p>Alberto Scanu \u00e8 stato confermato Presidente dell\u2019Associazione Industriali Province della Sardegna Meridionale \u2013 Confindustria anche&nbsp; per il biennio 2011-2013. E&#8217; stato eletto questo pomeriggio a&#8230;<\/p>\n","protected":false},"author":2,"featured_media":0,"comment_status":"closed","ping_status":"closed","sticky":false,"template":"","format":"standard","meta":[],"categories":[49],"tags":[],"_links":{"self":[{"href":"https:\/\/www.cronacaonline.it\/index.php\/wp-json\/wp\/v2\/posts\/69606"}],"collection":[{"href":"https:\/\/www.cronacaonline.it\/index.php\/wp-json\/wp\/v2\/posts"}],"about":[{"href":"https:\/\/www.cronacaonline.it\/index.php\/wp-json\/wp\/v2\/types\/post"}],"author":[{"embeddable":true,"href":"https:\/\/www.cronacaonline.it\/index.php\/wp-json\/wp\/v2\/users\/2"}],"replies":[{"embeddable":true,"href":"https:\/\/www.cronacaonline.it\/index.php\/wp-json\/wp\/v2\/comments?post=69606"}],"version-history":[{"count":0,"href":"https:\/\/www.cronacaonline.it\/index.php\/wp-json\/wp\/v2\/posts\/69606\/revisions"}],"wp:attachment":[{"href":"https:\/\/www.cronacaonline.it\/index.php\/wp-json\/wp\/v2\/media?parent=69606"}],"wp:term":[{"taxonomy":"category","embeddable":true,"href":"https:\/\/www.cronacaonline.it\/index.php\/wp-json\/wp\/v2\/categories?post=69606"},{"taxonomy":"post_tag","embeddable":true,"href":"https:\/\/www.cronacaonline.it\/index.php\/wp-json\/wp\/v2\/tags?post=69606"}],"curies":[{"name":"wp","href":"https:\/\/api.w.org\/{rel}","templated":true}]}}