{"id":69602,"date":"2011-07-15T00:00:00","date_gmt":"2011-07-14T22:00:00","guid":{"rendered":"http:\/\/www.cronacaonline.it\/public\/content\/index.php\/2011\/07\/15\/gruppo-consiliare-sardegna-pd-su-problema-della-sanatoria-del-precariato-va-superato-contrasto-con-atteggiamenti-responsabili-con-sel\/"},"modified":"2011-07-15T00:00:00","modified_gmt":"2011-07-14T22:00:00","slug":"gruppo-consiliare-sardegna-pd-su-problema-della-sanatoria-del-precariato-va-superato-contrasto-con-atteggiamenti-responsabili-con-sel","status":"publish","type":"post","link":"https:\/\/www.cronacaonline.it\/index.php\/2011\/07\/15\/gruppo-consiliare-sardegna-pd-su-problema-della-sanatoria-del-precariato-va-superato-contrasto-con-atteggiamenti-responsabili-con-sel\/","title":{"rendered":"Gruppo consiliare Sardegna Pd su problema della sanatoria del precariato: va superato contrasto con atteggiamenti responsabili con Sel"},"content":{"rendered":"<p><SPAN style=\"FONT-FAMILY: 'Arial', 'sans-serif'\">Il gruppo del Pd in Consiglio regionale ha ribadito la posizione assunta in Aula sul superamento del precariato nella Pubblica amministrazione e ha chiarito lo stato delle relazioni con gli esponenti di Sel alla luce di quanto emerso durante le votazioni del disegno di legge 71 approvato ieri sera. <\/SPAN><\/p>\n<p><SPAN style=\"FONT-FAMILY: 'Arial', 'sans-serif'\">Il capogruppo Mario Bruno ha definito \"a dir poco vergognoso\" il modo di legiferare del centrodestra: continua a proporre progetti senza strategia, riscrivendoli in Aula, facendo emergere una divisione profonda tra maggioranza e Giunta. L'azione di governo \u00e8 improvvisata in un momento drammatico per l'Italia e <ST1:PERSONNAME w:st=\"on\" ProductID=\"la Sardegna\">la Sardegna<\/ST1:PERSONNAME>, basti pensare ai problemi delle entrate e dei fondi Fas: \"Probabilmente il centrodestra vuol parlare d'altro, ci prendono a schiaffi, <ST1:PERSONNAME w:st=\"on\" ProductID=\"la Giunta\">la Giunta<\/ST1:PERSONNAME> non reagisce e il Consiglio si occupa di aspetti marginali senza riuscire a mettere le priorit\u00e0 all'ordine del giorno\". Bruno ha ribadito la posizione del Pd sul precariato. E' equilibrata, ha una visione generale e dice basta ad una spirale perversa: si deve assumere soltanto per il massimo del 3% della dotazione organica, in casi eccezionali e per necessit\u00e0 documentate, previa selezione pubblica tra chi abbia lavorato per 30 mesi, anche non continuativi. nell'arco di 5 anni.<\/SPAN><\/p>\n<p><SPAN style=\"FONT-FAMILY: 'Arial', 'sans-serif'\">Gian Valerio Sanna ha accusato il centrodestra di voler continuare a fare precariato quando, invece, occorre fermarlo in maniera tassativa e irreversibile, sanando solo chi precario lo \u00e8 stato davvero: per questo si chiedeva una ricognizione per poter ragionare sui fabbisogni. Sanna ha anche accusato la maggioranza di reiterare la violazione del principio del concorso pubblico: deve essere aperto a tutti senza riserve e non con il 40% dei posti riservato ai precari. Ha aggiunto che si cerca di forzare la pubblica amministrazione ribadendo una norma illegittima: \"Ci sono due modi per reagire: affrontare i problemi con responsabilit\u00e0 o reagire fuggendo dalla realt\u00e0. La posizione di alcune forze politiche \u00e8 stata palesemente drogata. Il principio del concorso pubblico, ha proseguito Sanna, \u00e8 la normalit\u00e0 : \"Sono loro che forzano la legalit\u00e0\" dopo essere stati gi\u00e0 per due volte colpiti dalla Corte Costituzionale.<\/SPAN><\/p>\n<p><SPAN style=\"FONT-FAMILY: 'Arial', 'sans-serif'\">Franco Sabatini ha voluto chiarire un aspetto del problema: loro non intendono assolutamente impedire la stabilizzazione dei 350 precari dei centri servizi per il lavoro (Csl e Cesil). Ha ricordato che nel 2008 era stato dato incarico alla Giunta di procedere stanziando 12 milioni di euro fino al 2013. Il finanziamento \u00e8 stato ribadito pi\u00f9 volte, ma nulla \u00e8 stato fatto salvo predisporre la riforma delle legge 20 sui servizi per l'impiego: li trasferiscono all'Agenzia regionale per il lavoro, ma \"precari erano e precari li lasciano\". <\/SPAN><\/p>\n<p><SPAN style=\"FONT-FAMILY: 'Arial', 'sans-serif'\">Renato Soru ha commentato: \"Non dobbiamo pensare a imbrogliare le leggi facendo passare le persone dalla porta di servizio\". D'accordo alla stabilizzazione delle persone che lavorano da anni, l'ex presidente della Regione ha spiegato di ritenere fondamentale avere sempre una visione generale sulle persone, sull'organizzazione degli uffici, sulla qualit\u00e0 dei servizi resi ai cittadini, sull'interesse della collettivit\u00e0. Sul fatto che <ST1:PERSONNAME w:st=\"on\" ProductID=\"la Manovra\">la Manovra<\/ST1:PERSONNAME> finanziaria nazionale blocchi i concorsi pubblici, costituendo un potenziale blocco alle stabilizzazioni,<SPAN style=\"mso-spacerun: yes\">&nbsp; <\/SPAN>Soru ha aggiunto: \"Dobbiamo chiederne conto al Governo Berlusconi\".<\/SPAN><\/p>\n<p><SPAN style=\"FONT-FAMILY: 'Arial', 'sans-serif'\">Infine, sul rapporto con Sinistra Ecologia e Libert\u00e0 il capogruppo del Pd Bruno ha precisato di essere sempre pronti al confronto e al dialogo perch\u00e9 il valore dell'unit\u00e0 del centrosinistra \u00e8 irrinunciabile, pur avendo posizioni diverse: \"Ho dato la disponibilit\u00e0 immediata ad un incontro per chiarirci con lealt\u00e0 e credibilit\u00e0 e senza confusioni di ruolo per rappresentare ai cittadini il fatto che noi siamo l'alternativa. Noi siamo opposizione e non vogliamo mischiarci \u2013 ha concluso - Diremo a Sel di fare qualche sforzo per evitare di dare una mano ad un centrodestra che sta facendo affondare <ST1:PERSONNAME w:st=\"on\" ProductID=\"la Sardegna\">la Sardegna<\/ST1:PERSONNAME>\".Red<\/SPAN><\/p>\n","protected":false},"excerpt":{"rendered":"<p>Il gruppo del Pd in Consiglio regionale ha ribadito la posizione assunta in Aula sul superamento del precariato nella Pubblica amministrazione e ha chiarito lo&#8230;<\/p>\n","protected":false},"author":2,"featured_media":0,"comment_status":"closed","ping_status":"closed","sticky":false,"template":"","format":"standard","meta":[],"categories":[49],"tags":[],"_links":{"self":[{"href":"https:\/\/www.cronacaonline.it\/index.php\/wp-json\/wp\/v2\/posts\/69602"}],"collection":[{"href":"https:\/\/www.cronacaonline.it\/index.php\/wp-json\/wp\/v2\/posts"}],"about":[{"href":"https:\/\/www.cronacaonline.it\/index.php\/wp-json\/wp\/v2\/types\/post"}],"author":[{"embeddable":true,"href":"https:\/\/www.cronacaonline.it\/index.php\/wp-json\/wp\/v2\/users\/2"}],"replies":[{"embeddable":true,"href":"https:\/\/www.cronacaonline.it\/index.php\/wp-json\/wp\/v2\/comments?post=69602"}],"version-history":[{"count":0,"href":"https:\/\/www.cronacaonline.it\/index.php\/wp-json\/wp\/v2\/posts\/69602\/revisions"}],"wp:attachment":[{"href":"https:\/\/www.cronacaonline.it\/index.php\/wp-json\/wp\/v2\/media?parent=69602"}],"wp:term":[{"taxonomy":"category","embeddable":true,"href":"https:\/\/www.cronacaonline.it\/index.php\/wp-json\/wp\/v2\/categories?post=69602"},{"taxonomy":"post_tag","embeddable":true,"href":"https:\/\/www.cronacaonline.it\/index.php\/wp-json\/wp\/v2\/tags?post=69602"}],"curies":[{"name":"wp","href":"https:\/\/api.w.org\/{rel}","templated":true}]}}