{"id":69579,"date":"2011-07-27T00:00:00","date_gmt":"2011-07-26T22:00:00","guid":{"rendered":"http:\/\/www.cronacaonline.it\/public\/content\/index.php\/2011\/07\/27\/presidente-sanciu-al-nuovo-ministro-nitto-palma-sottoporro-subito-problematiche-della-giustizia-in-sardegna\/"},"modified":"2011-07-27T00:00:00","modified_gmt":"2011-07-26T22:00:00","slug":"presidente-sanciu-al-nuovo-ministro-nitto-palma-sottoporro-subito-problematiche-della-giustizia-in-sardegna","status":"publish","type":"post","link":"https:\/\/www.cronacaonline.it\/index.php\/2011\/07\/27\/presidente-sanciu-al-nuovo-ministro-nitto-palma-sottoporro-subito-problematiche-della-giustizia-in-sardegna\/","title":{"rendered":"Presidente Sanciu: \u201cAl nuovo Ministro Nitto Palma sottoporr\u00f2 subito problematiche della giustizia in Sardegna\u201d."},"content":{"rendered":"<p>Il Presidente della Provincia di Olbia Tempio, Fedele Sanciu, intervenuto sulla nomina del Senatore Palma a Ministro della Giustizia al posto di Angelino Alfano, neo segretario politico nazionale del Pdl, ha commentato: \"Nitto Palma, oltrech\u00e9 uomo di grande prestigio e di grande spessore \u00e8 prima di tutto un amico della Sardegna verso la quale ha sempre avuto un\u2019attenzione particolare che gli ha fatto guadagnare tutta la nostra stima\".<\/p>\n<\/p>\n<p>\"Profondo conoscitore del mondo della giustizia, ma anche di quello della criminalit\u00e0 che ha sempre combattuto \u2013 ha proseguito Sanciu - \u00e8 l\u2019uomo giusto al posto giusto. Verso la Sardegna \u00e8 sempre stato attentissimo tutte le volte che lo abbiamo coinvolto nella gestione delle nostre emergenze, non ultime quelle degli incendi e della sicurezza in Gallura e ad Olbia in particolare\". <\/p>\n<\/p>\n<p>\"A lui vanno tutti i nostri auguri per l\u2019incarico che andr\u00e0 a ricoprire con la massima operosit\u00e0 ed attenzione che caratterizza la sua figura. Non mancher\u00f2 \u2013 conclude il Presidente della Provincia di Olbia Tempio \u2013 di sottoporgli quanto prima le problematiche del \u2018sistema giustizia\u2019 in Sardegna(carenza di organico nei tribunali, mezzi, strumenti, etc.)\". Red.<\/p>\n","protected":false},"excerpt":{"rendered":"<p>Il Presidente della Provincia di Olbia Tempio, Fedele Sanciu, intervenuto sulla nomina del Senatore Palma a Ministro della Giustizia al posto di Angelino Alfano, neo&#8230;<\/p>\n","protected":false},"author":2,"featured_media":0,"comment_status":"closed","ping_status":"closed","sticky":false,"template":"","format":"standard","meta":[],"categories":[49],"tags":[],"_links":{"self":[{"href":"https:\/\/www.cronacaonline.it\/index.php\/wp-json\/wp\/v2\/posts\/69579"}],"collection":[{"href":"https:\/\/www.cronacaonline.it\/index.php\/wp-json\/wp\/v2\/posts"}],"about":[{"href":"https:\/\/www.cronacaonline.it\/index.php\/wp-json\/wp\/v2\/types\/post"}],"author":[{"embeddable":true,"href":"https:\/\/www.cronacaonline.it\/index.php\/wp-json\/wp\/v2\/users\/2"}],"replies":[{"embeddable":true,"href":"https:\/\/www.cronacaonline.it\/index.php\/wp-json\/wp\/v2\/comments?post=69579"}],"version-history":[{"count":0,"href":"https:\/\/www.cronacaonline.it\/index.php\/wp-json\/wp\/v2\/posts\/69579\/revisions"}],"wp:attachment":[{"href":"https:\/\/www.cronacaonline.it\/index.php\/wp-json\/wp\/v2\/media?parent=69579"}],"wp:term":[{"taxonomy":"category","embeddable":true,"href":"https:\/\/www.cronacaonline.it\/index.php\/wp-json\/wp\/v2\/categories?post=69579"},{"taxonomy":"post_tag","embeddable":true,"href":"https:\/\/www.cronacaonline.it\/index.php\/wp-json\/wp\/v2\/tags?post=69579"}],"curies":[{"name":"wp","href":"https:\/\/api.w.org\/{rel}","templated":true}]}}