{"id":69545,"date":"2011-07-05T00:00:00","date_gmt":"2011-07-04T22:00:00","guid":{"rendered":"http:\/\/www.cronacaonline.it\/public\/content\/index.php\/2011\/07\/05\/cs-schirru-pd-dati-inail-calano-le-vittime-sul-lavoro-ma-non-va-abbassata-la-guardia\/"},"modified":"2011-07-05T00:00:00","modified_gmt":"2011-07-04T22:00:00","slug":"cs-schirru-pd-dati-inail-calano-le-vittime-sul-lavoro-ma-non-va-abbassata-la-guardia","status":"publish","type":"post","link":"https:\/\/www.cronacaonline.it\/index.php\/2011\/07\/05\/cs-schirru-pd-dati-inail-calano-le-vittime-sul-lavoro-ma-non-va-abbassata-la-guardia\/","title":{"rendered":"Cs Schirru (Pd) &#8211; Dati Inail: calano le vittime sul lavoro ma non va abbassata la guardia ."},"content":{"rendered":"<p><SPAN style=\"FONT-FAMILY: 'Verdana', 'sans-serif'\">\u201cPer la prima volta dal dopoguerra \u2013 Rapporto annuale Inail - gli infortuni sul lavoro scendono sotto il migliaio, con il 6,9% dei decessi in meno rispetto al 2009 e con un sensibile calo dell\u20191,9% degli infortuni. I numeri ci confortano ma vanno senz\u2019altro letti in rapporto ai dati sull\u2019occupazione gravemente in calo, ad una maggiore consapevolezza del rischio nonch\u00e9 di una pi\u00f9 incisiva presenza delle Istituzioni su questi temi. Il Testo Unico sulla salute e sicurezza del Governo Prodi ha avuto un ruolo decisivo, insieme ai maggiori controlli dei servizi ispettivi e ad una nuova attenzione delle stesse imprese, dovuta senza dubbio anche al lavoro dei responsabili sicurezza interni alle aziende.<\/SPAN><\/p>\n<p><SPAN style=\"FONT-FAMILY: 'Verdana', 'sans-serif'\">Ci auguriamo di procedere in questa direzione. Occorre per\u00f2 migliorare gli interventi, studiare le situazioni pi\u00f9 complesse delle realt\u00e0 industriali per poter individuare tecniche ed interventi capaci di prevenire la drammaticit\u00e0 degli incidenti quali quelli della Saras. L\u2019importante sentenza che ieri ha reso giustizia alle vittime della raffineria di Sarroch ha una valenza significativa, un monito a riflettere sulla urgenza di una maggiore responsabilit\u00e0 di imprese e lavoratori verso le norme e le leggi che regolamentano la sicurezza e il benessere nei luoghi<SPAN style=\"mso-spacerun: yes\">&nbsp; <\/SPAN>di lavoro\u201d. Com<\/SPAN><\/p>\n","protected":false},"excerpt":{"rendered":"<p>\u201cPer la prima volta dal dopoguerra \u2013 Rapporto annuale Inail &#8211; gli infortuni sul lavoro scendono sotto il migliaio, con il 6,9% dei decessi in&#8230;<\/p>\n","protected":false},"author":2,"featured_media":0,"comment_status":"closed","ping_status":"closed","sticky":false,"template":"","format":"standard","meta":[],"categories":[49],"tags":[],"_links":{"self":[{"href":"https:\/\/www.cronacaonline.it\/index.php\/wp-json\/wp\/v2\/posts\/69545"}],"collection":[{"href":"https:\/\/www.cronacaonline.it\/index.php\/wp-json\/wp\/v2\/posts"}],"about":[{"href":"https:\/\/www.cronacaonline.it\/index.php\/wp-json\/wp\/v2\/types\/post"}],"author":[{"embeddable":true,"href":"https:\/\/www.cronacaonline.it\/index.php\/wp-json\/wp\/v2\/users\/2"}],"replies":[{"embeddable":true,"href":"https:\/\/www.cronacaonline.it\/index.php\/wp-json\/wp\/v2\/comments?post=69545"}],"version-history":[{"count":0,"href":"https:\/\/www.cronacaonline.it\/index.php\/wp-json\/wp\/v2\/posts\/69545\/revisions"}],"wp:attachment":[{"href":"https:\/\/www.cronacaonline.it\/index.php\/wp-json\/wp\/v2\/media?parent=69545"}],"wp:term":[{"taxonomy":"category","embeddable":true,"href":"https:\/\/www.cronacaonline.it\/index.php\/wp-json\/wp\/v2\/categories?post=69545"},{"taxonomy":"post_tag","embeddable":true,"href":"https:\/\/www.cronacaonline.it\/index.php\/wp-json\/wp\/v2\/tags?post=69545"}],"curies":[{"name":"wp","href":"https:\/\/api.w.org\/{rel}","templated":true}]}}