{"id":69506,"date":"2011-07-27T00:00:00","date_gmt":"2011-07-26T22:00:00","guid":{"rendered":"http:\/\/www.cronacaonline.it\/public\/content\/index.php\/2011\/07\/27\/musica-sulle-bocche-undicesima-edizione-del-festival-internazionale-di-jazz-a-santa-teresa-gallura-1-5-settembre-2011\/"},"modified":"2011-07-27T00:00:00","modified_gmt":"2011-07-26T22:00:00","slug":"musica-sulle-bocche-undicesima-edizione-del-festival-internazionale-di-jazz-a-santa-teresa-gallura-1-5-settembre-2011","status":"publish","type":"post","link":"https:\/\/www.cronacaonline.it\/index.php\/2011\/07\/27\/musica-sulle-bocche-undicesima-edizione-del-festival-internazionale-di-jazz-a-santa-teresa-gallura-1-5-settembre-2011\/","title":{"rendered":"Musica sulle Bocche &#8211; Undicesima edizione del Festival Internazionale Di Jazz a Santa Teresa Gallura 1 &#8211; 5 settembre 2011"},"content":{"rendered":"<p><SPAN style=\"LINE-HEIGHT: 115%; FONT-SIZE: 8.5pt; mso-fareast-language: IT\"><FONT face=\"\">Si svolger\u00e0 anche quest'anno nel magnifico scenario di&nbsp;Santa Teresa Gallura&nbsp;(OT) il Festival Internazionale di Jazz&nbsp;Musica sulle Bocche, diretto da&nbsp;Enzo Favata, che per la sua undicesima edizione abbandoner\u00e0 la tradizionale collocazione di fine agosto. Artisti e musicisti di livello internazionale, infatti, accoglieranno tutti gli appassionati&nbsp;dal 1 al 5 settembre. Altra novit\u00e0 di questa edizione sar\u00e0 l'ambientazione dei concerti, che si terranno in prevalenza nel caratteristico&nbsp;quartiere di Santa Lucia, trasformato per l'occasione in un piccolo villaggio musicale.<\/FONT><\/SPAN><\/p>\n<p><SPAN style=\"LINE-HEIGHT: 115%; FONT-SIZE: 8.5pt; mso-fareast-language: IT\"><FONT face=\"\">Tra gli artisti invitati a questa undicesima edizione ci sar\u00e0 il pianista&nbsp;Franco D'Andrea, che terr\u00e0 il concerto conclusivo all'alba (luned\u00ec 5 settembre&nbsp;sulla&nbsp;Spiaggia Rena Bianca) per celebrare i suoi settant'anni. Molto atteso anche il concerto degli&nbsp;Area,&nbsp;il mitico gruppo degli anni Settanta con il nucleo storico formato da&nbsp;Patrizio Fariselli,&nbsp;Ares Tavolazzi,&nbsp;Paolo Tofani&nbsp;(domenica 4 settembre).<\/FONT><\/SPAN><\/p>\n<p><SPAN style=\"LINE-HEIGHT: 115%; FONT-SIZE: 8.5pt; mso-fareast-language: IT\"><FONT face=\"\">La nuova generazione delle esplorazioni musicali \u00e8 rappresentata dai&nbsp;Guano Padano&nbsp;(domenica 4 settembre) con&nbsp;Danilo Gallo, miglior contrabbassista dell'anno secondo il mensile Musica Jazz. Altre sonorit\u00e0, ma sempre nel segno dell'innovazione, con il progetto di&nbsp;Enzo Favata \u201cGames\u201d&nbsp;a cui partecipa la violoncellista tedesca&nbsp;Anja Lechner&nbsp;(venerd\u00ec 2 settembre). Giovani e al tempo stesso rigorose le esperienze musicali rappresentate dal duo di piano e violino delle sorelle&nbsp;Gazzana, gi\u00e0 accreditate dalla prestigiosa Ecm (sabato 3 settembre) e dal Rigel quartet con il progetto&nbsp;Gismontiana&nbsp;(gioved\u00ec 1 settembre).<\/FONT><\/SPAN><\/p>\n<p><SPAN style=\"LINE-HEIGHT: 115%; FONT-SIZE: 8.5pt; mso-fareast-language: IT\"><FONT face=\"\">Il canto jazz sar\u00e0 presente con&nbsp;Filomena Campus, artista d'origina sarda trapiantata a Londra, accompagnata dal suo quartetto (gioved\u00ec 1 settembre), mentre un altro quartetto capitanato da Pierluigi Balducci, con il progetto&nbsp;Stupor Mundi, propone contaminazioni tra tango e musica europea (gioved\u00ec 1 settembre). Come sempre la programmazione offre una vetrina sui giovani talenti sardi: il&nbsp; pianista&nbsp;&nbsp;Mario Ganau&nbsp;(sabato 3 settembre) e il&nbsp;Karalis String Quartet(venerd\u00ec 2 settembre).<\/FONT><\/SPAN><\/p>\n<p><SPAN style=\"LINE-HEIGHT: 115%; FONT-SIZE: 8.5pt; mso-fareast-language: IT\"><FONT face=\"\">Le intense atmosfere nordiche, sempre emozionanti quando incontrano il jazz, approderanno sulle Bocche di Bonifacio con il trio guidato dal pianista&nbsp;Jorn Oien&nbsp;(venerd\u00ec 2 settembre) e con la produzione multimediale&nbsp;Arctic Mood&nbsp;del compositore norvegese&nbsp;Brynjar Rasmussen&nbsp;accompagnato da una band di dieci musicisti e da proiezioni di immagini del grande Nord (sabato 3 settembre).<\/FONT><\/SPAN><\/p>\n<p><SPAN style=\"LINE-HEIGHT: 115%; FONT-SIZE: 8.5pt; mso-fareast-language: IT\"><FONT face=\"\">Il tradizionale appuntamento con il tramonto presso il Faro di Capo Testa, uno degli angoli pi\u00f9 suggestivi della costa, \u00e8 affidato quest'anno allo spettacolo&nbsp;\"Pirati di terra e di mare\", recital concerto degli&nbsp;Ex&nbsp;con&nbsp;Valerio Corzani, tra racconti, musiche originali e ballate dell'epopea piratesca (domenica 4 settembre).<\/FONT><\/SPAN><\/p>\n<p><SPAN style=\"LINE-HEIGHT: 115%; FONT-SIZE: 8.5pt; mso-fareast-language: IT\"><FONT face=\"\">La musica indiana per le spiagge e lungo le strade - Le performance itineranti nelle spiagge e nelle strade durante tutte&nbsp; le giornate del festival sono ormai una caratteristica stabile del festival: quest\u2019anno protagonista sar\u00e0 la&nbsp;Jaipur Maharaja Brass Band, una nuova formazione proveniente dal Rajasthan che attinge il suo repertorio dal folklore ma anche dalle nuove musiche di strada di questo stato del nord-ovest dell'India, patria dei Maraj\u00e0. <\/FONT><\/SPAN><\/p>\n<p><FONT face=\"\"><SPAN style=\"LINE-HEIGHT: 115%; FONT-SIZE: 8.5pt; mso-fareast-language: IT\">Gli altri appuntamenti - Dopo i concerti, ogni sera sulla piazza centrale appuntamento con i&nbsp;DJ-set&nbsp;sempre con musica di alta qualit\u00e0.<\/SPAN><SPAN style=\"LINE-HEIGHT: 115%; FONT-FAMILY: 'Times New Roman', 'serif'; FONT-SIZE: 8.5pt; mso-fareast-language: IT\"><\/SPAN><\/FONT><\/p>\n<p><SPAN style=\"LINE-HEIGHT: 115%; FONT-SIZE: 8.5pt; mso-fareast-language: IT\"><FONT face=\"\">Tra gli appuntamenti collaterali da non perdere le ormai tradizionali lezioni del batterista&nbsp;U.T. Gandhi&nbsp;con il &nbsp;Jazz raccontato ai bambini. Com<\/FONT><\/SPAN><\/p>\n","protected":false},"excerpt":{"rendered":"<p>Si svolger\u00e0 anche quest&#8217;anno nel magnifico scenario di&nbsp;Santa Teresa Gallura&nbsp;(OT) il Festival Internazionale di Jazz&nbsp;Musica sulle Bocche, diretto da&nbsp;Enzo Favata, che per la sua undicesima&#8230;<\/p>\n","protected":false},"author":2,"featured_media":0,"comment_status":"closed","ping_status":"closed","sticky":false,"template":"","format":"standard","meta":[],"categories":[49],"tags":[],"_links":{"self":[{"href":"https:\/\/www.cronacaonline.it\/index.php\/wp-json\/wp\/v2\/posts\/69506"}],"collection":[{"href":"https:\/\/www.cronacaonline.it\/index.php\/wp-json\/wp\/v2\/posts"}],"about":[{"href":"https:\/\/www.cronacaonline.it\/index.php\/wp-json\/wp\/v2\/types\/post"}],"author":[{"embeddable":true,"href":"https:\/\/www.cronacaonline.it\/index.php\/wp-json\/wp\/v2\/users\/2"}],"replies":[{"embeddable":true,"href":"https:\/\/www.cronacaonline.it\/index.php\/wp-json\/wp\/v2\/comments?post=69506"}],"version-history":[{"count":0,"href":"https:\/\/www.cronacaonline.it\/index.php\/wp-json\/wp\/v2\/posts\/69506\/revisions"}],"wp:attachment":[{"href":"https:\/\/www.cronacaonline.it\/index.php\/wp-json\/wp\/v2\/media?parent=69506"}],"wp:term":[{"taxonomy":"category","embeddable":true,"href":"https:\/\/www.cronacaonline.it\/index.php\/wp-json\/wp\/v2\/categories?post=69506"},{"taxonomy":"post_tag","embeddable":true,"href":"https:\/\/www.cronacaonline.it\/index.php\/wp-json\/wp\/v2\/tags?post=69506"}],"curies":[{"name":"wp","href":"https:\/\/api.w.org\/{rel}","templated":true}]}}