{"id":69501,"date":"2011-07-29T00:00:00","date_gmt":"2011-07-28T22:00:00","guid":{"rendered":"http:\/\/www.cronacaonline.it\/public\/content\/index.php\/2011\/07\/29\/lavori-consiglio-regionale-sardo-9-uras-basta-posizioni-subalterne-con-lo-stato\/"},"modified":"2011-07-29T00:00:00","modified_gmt":"2011-07-28T22:00:00","slug":"lavori-consiglio-regionale-sardo-9-uras-basta-posizioni-subalterne-con-lo-stato","status":"publish","type":"post","link":"https:\/\/www.cronacaonline.it\/index.php\/2011\/07\/29\/lavori-consiglio-regionale-sardo-9-uras-basta-posizioni-subalterne-con-lo-stato\/","title":{"rendered":"Lavori Consiglio regionale sardo (9), Uras: &#8220;Basta posizioni subalterne con lo Stato&#8221;."},"content":{"rendered":"<p>Anche per il capogruppo dell'Idv, Adriano Salis, quello del Governo \u00e8 stato \"un attacco devastante alle ragioni stesse dell'autonomia\".<\/p>\n<p>\"Per vincere la battaglia \u00e8 necessaria la pi\u00f9 ampia convergenza delle forze politiche, ma a ognuno le proprie responsabilit\u00e0\". Secondo Luciano Uras, capogruppo di Sel-Comunisti-Indipendentistas, \"l'impugnazione non comporta lo stop a tutte le attivit\u00e0 e all'applicazione delle leggi. Basta una sola volta in cui ci si dimostra in posizione subalterna rispetto allo Stato per rimanerci sempre\". Uras ha dichiarato di essere per l'unit\u00e0 solo se si basa su un patto chiaro dove siano rappresentati anche i diritti delle parti sociali, dei giovani e dei disoccupati, oppure l'unica soluzione \u00e8 tornare alle urne sciogliendo il Consiglio regionale. <\/p>\n<p>Anche Giulio Steri (Udc-Fli) ha ribadito la necessit\u00e0 di una Costituente e si \u00e8 detto concorde con la mobilitazione generale insistendo sulla via dei ricorsi giudiziari. Mario Diana ha affermato di essere totalmente in linea con il pensiero di Cappellacci: \"La situazione \u00e8 molto grave per le numerose vicende gi\u00e0 richiamate. E' necessario fare una grande alleanza sarda e se necessario arrivare anche alla disobbedienza istituzionale\". Red.<\/p>\n","protected":false},"excerpt":{"rendered":"<p>Anche per il capogruppo dell&#8217;Idv, Adriano Salis, quello del Governo \u00e8 stato &#8220;un attacco devastante alle ragioni stesse dell&#8217;autonomia&#8221;. &#8220;Per vincere la battaglia \u00e8 necessaria&#8230;<\/p>\n","protected":false},"author":2,"featured_media":0,"comment_status":"closed","ping_status":"closed","sticky":false,"template":"","format":"standard","meta":[],"categories":[49],"tags":[],"_links":{"self":[{"href":"https:\/\/www.cronacaonline.it\/index.php\/wp-json\/wp\/v2\/posts\/69501"}],"collection":[{"href":"https:\/\/www.cronacaonline.it\/index.php\/wp-json\/wp\/v2\/posts"}],"about":[{"href":"https:\/\/www.cronacaonline.it\/index.php\/wp-json\/wp\/v2\/types\/post"}],"author":[{"embeddable":true,"href":"https:\/\/www.cronacaonline.it\/index.php\/wp-json\/wp\/v2\/users\/2"}],"replies":[{"embeddable":true,"href":"https:\/\/www.cronacaonline.it\/index.php\/wp-json\/wp\/v2\/comments?post=69501"}],"version-history":[{"count":0,"href":"https:\/\/www.cronacaonline.it\/index.php\/wp-json\/wp\/v2\/posts\/69501\/revisions"}],"wp:attachment":[{"href":"https:\/\/www.cronacaonline.it\/index.php\/wp-json\/wp\/v2\/media?parent=69501"}],"wp:term":[{"taxonomy":"category","embeddable":true,"href":"https:\/\/www.cronacaonline.it\/index.php\/wp-json\/wp\/v2\/categories?post=69501"},{"taxonomy":"post_tag","embeddable":true,"href":"https:\/\/www.cronacaonline.it\/index.php\/wp-json\/wp\/v2\/tags?post=69501"}],"curies":[{"name":"wp","href":"https:\/\/api.w.org\/{rel}","templated":true}]}}