{"id":69483,"date":"2011-07-11T00:00:00","date_gmt":"2011-07-10T22:00:00","guid":{"rendered":"http:\/\/www.cronacaonline.it\/public\/content\/index.php\/2011\/07\/11\/la-spisa-la-cessione-del-credito-pro-soluto-boccata-dossigeno-per-le-imprese-sarde-che-vantano-crediti-nei-confronti-della-pubblica-amministrazione\/"},"modified":"2011-07-11T00:00:00","modified_gmt":"2011-07-10T22:00:00","slug":"la-spisa-la-cessione-del-credito-pro-soluto-boccata-dossigeno-per-le-imprese-sarde-che-vantano-crediti-nei-confronti-della-pubblica-amministrazione","status":"publish","type":"post","link":"https:\/\/www.cronacaonline.it\/index.php\/2011\/07\/11\/la-spisa-la-cessione-del-credito-pro-soluto-boccata-dossigeno-per-le-imprese-sarde-che-vantano-crediti-nei-confronti-della-pubblica-amministrazione\/","title":{"rendered":"La Spisa: \u201cLa cessione del credito Pro soluto boccata d\u2019ossigeno per le imprese sarde che vantano crediti nei confronti della Pubblica Amministrazione\u201d"},"content":{"rendered":"<p><SPAN style=\"FONT-FAMILY: 'Verdana', 'sans-serif'; mso-fareast-language: IT\">\u201cPer rilanciare il sistema delle imprese la Regione ha adottato alcune misure importanti come una delibera che prevede la cessione pro soluto dei crediti vantati dai privati verso la Regione e le Pubbliche amministrazioni. Oltre questo sar\u00e0 necessario puntare in modo deciso sulla cultura d\u2019impresa e sull\u2019innovazione e avviare una semplificazione dei processi decisionali e operativi per velocizzare le procedure burocratiche\u201d. E\u2019 quanto affermato dal vice presidente e assessore della Programmazione, Giorgio La Spisa, nel corso della presentazione del 'IV Rapporto delle costruzioni in Sardegna' presentato&nbsp;<A href=\"javascript:mails_addtocal(1,%22oggi%22);\"><SPAN style=\"COLOR: #ff8000\">oggi<\/SPAN><\/A>&nbsp;dall\u2019Ance.<\/SPAN><SPAN style=\"LINE-HEIGHT: 115%; FONT-FAMILY: 'Verdana', 'sans-serif'; FONT-SIZE: 8.5pt; mso-fareast-language: IT\"><\/SPAN><\/p>\n<p><SPAN style=\"FONT-FAMILY: 'Verdana', 'sans-serif'; mso-fareast-language: IT\">\u201cIl Fondo - ha spiegato La Spisa - \u00e8 destinato a promuovere e sostenere la conclusione di accordi con gli operatori del sistema creditizio ed \u00e8 volto a favorire, attraverso operazioni di cessione di crediti pro soluto, l\u2019accesso al credito delle imprese che vantano crediti certi, liquidi ed esigibili nei confronti delle agenzie o enti regionali e locali, per la realizzazione di opere pubbliche e per l\u2019acquisizione di beni e servizi mediante gestione diretta o mediante l\u2019istituto della delega, o dell\u2019affidamento convenzionale a condizioni pi\u00f9 favorevoli rispetto a quelle di mercato. Questo garantir\u00e0 una maggiore liquidit\u00e0 alle imprese sarde riducendo gli effetti del Patto di Stabilit\u00e0\u201d.&nbsp;<\/SPAN><SPAN style=\"LINE-HEIGHT: 115%; FONT-FAMILY: 'Verdana', 'sans-serif'; FONT-SIZE: 8.5pt; mso-fareast-language: IT\"><\/SPAN><\/p>\n","protected":false},"excerpt":{"rendered":"<p>\u201cPer rilanciare il sistema delle imprese la Regione ha adottato alcune misure importanti come una delibera che prevede la cessione pro soluto dei crediti vantati&#8230;<\/p>\n","protected":false},"author":2,"featured_media":0,"comment_status":"closed","ping_status":"closed","sticky":false,"template":"","format":"standard","meta":[],"categories":[49],"tags":[],"_links":{"self":[{"href":"https:\/\/www.cronacaonline.it\/index.php\/wp-json\/wp\/v2\/posts\/69483"}],"collection":[{"href":"https:\/\/www.cronacaonline.it\/index.php\/wp-json\/wp\/v2\/posts"}],"about":[{"href":"https:\/\/www.cronacaonline.it\/index.php\/wp-json\/wp\/v2\/types\/post"}],"author":[{"embeddable":true,"href":"https:\/\/www.cronacaonline.it\/index.php\/wp-json\/wp\/v2\/users\/2"}],"replies":[{"embeddable":true,"href":"https:\/\/www.cronacaonline.it\/index.php\/wp-json\/wp\/v2\/comments?post=69483"}],"version-history":[{"count":0,"href":"https:\/\/www.cronacaonline.it\/index.php\/wp-json\/wp\/v2\/posts\/69483\/revisions"}],"wp:attachment":[{"href":"https:\/\/www.cronacaonline.it\/index.php\/wp-json\/wp\/v2\/media?parent=69483"}],"wp:term":[{"taxonomy":"category","embeddable":true,"href":"https:\/\/www.cronacaonline.it\/index.php\/wp-json\/wp\/v2\/categories?post=69483"},{"taxonomy":"post_tag","embeddable":true,"href":"https:\/\/www.cronacaonline.it\/index.php\/wp-json\/wp\/v2\/tags?post=69483"}],"curies":[{"name":"wp","href":"https:\/\/api.w.org\/{rel}","templated":true}]}}