{"id":69470,"date":"2011-07-26T00:00:00","date_gmt":"2011-07-25T22:00:00","guid":{"rendered":"http:\/\/www.cronacaonline.it\/public\/content\/index.php\/2011\/07\/26\/a-stintino-una-sardegna-da-vedere-sentire-e-gustare\/"},"modified":"2011-07-26T00:00:00","modified_gmt":"2011-07-25T22:00:00","slug":"a-stintino-una-sardegna-da-vedere-sentire-e-gustare","status":"publish","type":"post","link":"https:\/\/www.cronacaonline.it\/index.php\/2011\/07\/26\/a-stintino-una-sardegna-da-vedere-sentire-e-gustare\/","title":{"rendered":"A Stintino una \u201cSardegna da vedere, sentire e gustare\u201d"},"content":{"rendered":"<p><B style=\"mso-bidi-font-weight: normal\"><SPAN style=\"mso-bidi-font-family: 'Times New Roman'\"><FONT face=Calibri>Venticinque espositori, tre giorni, una Provincia ospite e un\u2019area espositiva suggestiva rappresentata dal lungomare del porto vecchio. Quindi ancora musica, danze, folk, mostre e degustazioni di prodotti tipici locali. \u00c8 la prima edizione della manifestazione \u201cL\u2019isola in Vetrina\u201d in programma nella localit\u00e0 turistica che si affaccia sul golfo dell\u2019Asinara dal 26 al 28 agosto. <\/FONT><\/SPAN><\/B><\/p>\n<p><SPAN style=\"mso-bidi-font-family: 'Times New Roman'\"><FONT face=Calibri>Una vetrina dedicata al settore produttivo, culturale e turistico regionale, in grado di attrarre l\u2019attenzione del pubblico e degli operatori regionali ma anche, e soprattutto, dei turisti, ancora numerosi nell\u2019ultima settimana di agosto. <B style=\"mso-bidi-font-weight: normal\">La manifestazione, presentata questa mattina in Camera di commercio a Sassari, \u00e8 organizzata da Container di Sassari con il patrocinio del Comune di Stintino e la collaborazione della Pro Loco stintinese. <\/B><\/FONT><\/SPAN><\/p>\n<p><FONT face=Calibri><B style=\"mso-bidi-font-weight: normal\"><SPAN style=\"mso-bidi-font-family: 'Times New Roman'\">L\u2019iniziativa, prevista tra venerd\u00ec 26 e domenica 28 agosto<\/SPAN><\/B><SPAN style=\"mso-bidi-font-family: 'Times New Roman'\">, tende a mettere in contatto diretto le localit\u00e0 e le produzioni dell\u2019interno dell\u2019isola con una localit\u00e0 marinara importante e rinomata come Stintino che, di fatto, rappresenta una vera e propria vetrina. La piccola localit\u00e0 turistica allora, cos\u00ec come recita lo slogan della manifestazione, sar\u00e0 per tre giorni il punto di osservazione privilegiato per una \u201cSardegna da vedere, sentire e gustare\u201d.<\/SPAN><\/FONT><\/p>\n<p><FONT face=Calibri><B style=\"mso-bidi-font-weight: normal\"><SPAN style=\"mso-bidi-font-family: 'Times New Roman'\">Ecco allora che saranno circa 25 gli stand<\/SPAN><\/B><SPAN style=\"mso-bidi-font-family: 'Times New Roman'\"> che ospiteranno enti pubblici e privati, oltre ad aziende del settore gastronomico e dell\u2019artigianato, e che renderanno interessante il percorso fieristico che si svilupper\u00e0 per tutto il lungomare del porto vecchio.<\/SPAN><\/FONT><\/p>\n<p><SPAN style=\"mso-bidi-font-family: 'Times New Roman'\"><FONT face=Calibri>Troveranno spazio anche una serie di esibizioni di gruppi musicali e folcloristici, tra i quali Elena Ledda e il suo gruppo, i Mamutzones di Samugheo, i giovani Cantadores di Nulvi e, ancora, una serie di cori isolani e altri artisti che si esibiranno prevalentemente tra le ore 21 e le 24. Saranno proprio loro ad aiutare i visitatori a scoprire localit\u00e0, tradizioni, costumi, colori e sapori dell\u2019isola.<\/FONT><\/SPAN><\/p>\n<p><FONT face=Calibri><B style=\"mso-bidi-font-weight: normal\"><SPAN style=\"mso-bidi-font-family: 'Times New Roman'\">Durante la tre giorni espositiva<\/SPAN><\/B><SPAN style=\"mso-bidi-font-family: 'Times New Roman'\">, gli stand si apriranno dalle 18.30 alle 24. Nella serata del 26 agosto alle 18 \u00e8 prevista l\u2019inaugurazione della manifestazione, con apertura della fiera e l\u2019avvio delle degustazioni a partire dalla 18,30.<\/SPAN><\/FONT><\/p>\n<p><FONT face=Calibri><B style=\"mso-bidi-font-weight: normal\"><SPAN style=\"mso-bidi-font-family: 'Times New Roman'\">Il 26 aprir\u00e0 la sessione degli spettacoli il giovane cantautore sassarese Alessandro Azara, accompagnato da 4 validissimi musicisti;<\/SPAN><\/B><SPAN style=\"mso-bidi-font-family: 'Times New Roman'\"> <B style=\"mso-bidi-font-weight: normal\">il 27 \u00e8 in programma il concerto del sestetto guidato dalla famosa cantante Elena Ledda, mentre il 28 agosto, per la serata conclusiva, si esibiranno i Mamutzones di Samugheo e i mini cantadores di Nulvi.<\/B><\/SPAN><\/FONT><\/p>\n<p><SPAN style=\"mso-bidi-font-family: 'Times New Roman'\"><FONT face=Calibri>Per tutta la tre giorni, nella banchina del porto Minori, all\u2019altezza del ponte di via Lepanto, sar\u00e0 allestito un \u201cangolo delle degustazioni\u201d dove alcune aziende della provincia di Sassari consentiranno ai visitatori l\u2019assaggio delle loro produzioni.<\/FONT><\/SPAN><\/p>\n<p><FONT face=Calibri><B style=\"mso-bidi-font-weight: normal\"><SPAN style=\"mso-bidi-font-family: 'Times New Roman'\">Nella piazzetta in prossimit\u00e0 della vecchia darsena, sar\u00e0 allestita la mostra fotografica \u201cCarnevali\u201d, realizzata da Giovanni Porcu e tratta dall\u2019omonimo volume inserito nella collana editoriale dedicata sulle principali manifestazioni tradizionali della Sardegna. <\/SPAN><\/B><SPAN style=\"mso-bidi-font-family: 'Times New Roman'\">Una struttura espositiva circolare di 9 metri di diametro, progettata dall\u2019architetto Pierina Loriga, in grado di ospitare una decina di pannelli fotografici bifacciali, alti circa 2 metri che danno la sensazione di trovarsi immersi in uno dei tanti tradizionali e suggestivi eventi del carnevale isolano. <\/SPAN><\/FONT><\/p>\n<p><FONT face=Calibri><B style=\"mso-bidi-font-weight: normal\"><SPAN style=\"mso-bidi-font-family: 'Times New Roman'\">Uno spazio espositivo suggestivo sar\u00e0 dedicato anche al Museo delle maschere di Mamoiada<\/SPAN><\/B><SPAN style=\"mso-bidi-font-family: 'Times New Roman'\"> che presenter\u00e0 una serie di costumi del centro Sardegna, conservati nel museo della cittadina barbaricina.<\/SPAN><\/FONT><\/p>\n<p><SPAN style=\"mso-bidi-font-family: 'Times New Roman'\"><FONT face=Calibri>L\u2019idea degli organizzatori, che ha trovato l\u2019intesa dell\u2019amministrazione comunale, \u00e8 quella di creare una sinergia tra i principali operatori del settore produttivo isolano,<SPAN style=\"mso-spacerun: yes\">&nbsp; <\/SPAN>tra enti pubblici e associazioni di categoria. Quindi ancora vuole essere occasione per promuovere un\u2019offerta agro-alimentare e artigianale diversificata, per puntare sulla genuinit\u00e0 e originalit\u00e0 dei prodotti isolani, facendo conoscere una Sardegna ricca di storia, cultura, archeologia, tradizione, artigianato e cucina. Infine vuole mettere in luce le produzioni tipiche di Stintino, dal piccolo artigianato alla cucina, dalla pesca al turismo.<\/FONT><\/SPAN><\/p>\n<p><SPAN style=\"mso-bidi-font-family: 'Times New Roman'\"><FONT face=Calibri>Per quanto riguarda gli operatori privati, sono confermate le presenze del torronificio Maxia e di Sa Carapigna di Aritzo, Terre di Sardegna di Nulvi, il Liquorificio Collu di Decimomannu, le sassaresi Gastronomia Nurra, Il Fiorino gioielli artigianali e Alchimilla lavorazioni in pelle, l\u2019 azienda dolciaria Durke di Cagliari, il salumificio Artigiana di Pattada, i formaggi La Nurra, i prodotti gastronomici Pintadu di Tula e l\u2019azienda di apicoltura nomade Liune di Norbello. <\/FONT><\/SPAN><\/p>\n<p><SPAN style=\"mso-bidi-font-family: 'Times New Roman'\"><FONT face=Calibri>Tra gli enti pubblici, saranno presenti Comune e Pro Loco di Stintino, Comune e Pro Loco di Siliqua, STL e Provincia del Medio Campidano, Pro Loco Bessude e altri da cui si attende imminente conferma. Com<\/FONT><\/SPAN><\/p>\n<p><SPAN style=\"mso-bidi-font-family: 'Times New Roman'\"><FONT face=Calibri>&nbsp;<\/FONT><\/SPAN><\/p>\n","protected":false},"excerpt":{"rendered":"<p>Venticinque espositori, tre giorni, una Provincia ospite e un\u2019area espositiva suggestiva rappresentata dal lungomare del porto vecchio. Quindi ancora musica, danze, folk, mostre e degustazioni&#8230;<\/p>\n","protected":false},"author":2,"featured_media":0,"comment_status":"closed","ping_status":"closed","sticky":false,"template":"","format":"standard","meta":[],"categories":[49],"tags":[],"_links":{"self":[{"href":"https:\/\/www.cronacaonline.it\/index.php\/wp-json\/wp\/v2\/posts\/69470"}],"collection":[{"href":"https:\/\/www.cronacaonline.it\/index.php\/wp-json\/wp\/v2\/posts"}],"about":[{"href":"https:\/\/www.cronacaonline.it\/index.php\/wp-json\/wp\/v2\/types\/post"}],"author":[{"embeddable":true,"href":"https:\/\/www.cronacaonline.it\/index.php\/wp-json\/wp\/v2\/users\/2"}],"replies":[{"embeddable":true,"href":"https:\/\/www.cronacaonline.it\/index.php\/wp-json\/wp\/v2\/comments?post=69470"}],"version-history":[{"count":0,"href":"https:\/\/www.cronacaonline.it\/index.php\/wp-json\/wp\/v2\/posts\/69470\/revisions"}],"wp:attachment":[{"href":"https:\/\/www.cronacaonline.it\/index.php\/wp-json\/wp\/v2\/media?parent=69470"}],"wp:term":[{"taxonomy":"category","embeddable":true,"href":"https:\/\/www.cronacaonline.it\/index.php\/wp-json\/wp\/v2\/categories?post=69470"},{"taxonomy":"post_tag","embeddable":true,"href":"https:\/\/www.cronacaonline.it\/index.php\/wp-json\/wp\/v2\/tags?post=69470"}],"curies":[{"name":"wp","href":"https:\/\/api.w.org\/{rel}","templated":true}]}}