{"id":69464,"date":"2011-07-22T00:00:00","date_gmt":"2011-07-21T22:00:00","guid":{"rendered":"http:\/\/www.cronacaonline.it\/public\/content\/index.php\/2011\/07\/22\/bersani-questo-governo-non-dura\/"},"modified":"2011-07-22T00:00:00","modified_gmt":"2011-07-21T22:00:00","slug":"bersani-questo-governo-non-dura","status":"publish","type":"post","link":"https:\/\/www.cronacaonline.it\/index.php\/2011\/07\/22\/bersani-questo-governo-non-dura\/","title":{"rendered":"Bersani: &#8220;Questo governo non dura&#8221;"},"content":{"rendered":"<p>\"Questo governo due anni non dura mica\".&nbsp;\u00e8 la previsione fatta dal segretario del Pd, Pier Luigi Bersani, dal palco della festa dell'Unit\u00e0 di Roma. \"Non so su quale elemento o incidente il governo Berlusconi possa cascare, ma a fine legislatura - ha concluso Bersani - non si arriva\".<\/p>\n<p>Silvio Berlusconi&nbsp;\u00e8 come \"una cozza attaccata allo scoglio\": con questa battuta Bersani e' tornato ad insistere sulla necessita' che il premier lasci e che si apra una nuova fase politica nel Paese. Per Bersani bisogner\u00e0 \"ricostruire una democrazia senza personalismi perch\u00e9 la leadership&nbsp;\u00e8 capacit\u00e0 di organizzare un collettivo\"<\/p>\n<p>Pier Luigi Bersani vuole che \"si verifichi la possibilit\u00e0 che le forze di centrosinistra si presentino come forze di governo\" e rivolge un appello alle \"forze moderate e in particolare all'Udc affinch\u00e9 si raggiunga questo obiettivo e vogliano affossare il berlusconismo\". Il leader Pd lo ha sottolineato prima di salire sul palco della festa dell'Unita' di Roma. Per quanto riguarda il rapporto con Antonio Di Pietro, Bersani ha spiegato che e' un \"caro amico e singolare leader\".&nbsp;&nbsp;<\/p>\n<p>\"Ieri c'\u00e8 stato un salto di qualita'. Vedo tutte le difficolt\u00e0 di una rottura del rapporto tra Pdl e Lega. Ma prevedo tra adesso e settembre problemi piuttosto seri\".<\/p>\n<p>\"Bossi e' legato alla figura di Berlusconi e il disagio del suo partito non arriva fino al punto di contraddire apertamente le sue posizioni, solo perch\u00e9 resta pur sempre il loro leader\", ha sottolineato. E ha incalzato la Lega: \"per loro&nbsp;\u00e8 caduto il sol dell'avvenire perche' in un partito a organizzazione leninista come quello il sol dell'avvenire era il federalismo. Ma adesso la gente del Nord dice: e' questo qua il federalismo? Non siamo mai stati cosi' male\".<\/p>\n<p>Bersani ha raccontato di aver iniziato a usare le metafore proprio per il federalismo di Calderoli: \"un maiale tutto di prosciutto\". \"Con la Lega siamo andati giu' con il badile - ha rivendicato - e gli ricordiamo, tra l'altro, che le ronde si sono perse nel bosco\".<\/p>\n","protected":false},"excerpt":{"rendered":"<p>&#8220;Questo governo due anni non dura mica&#8221;.&nbsp;\u00e8 la previsione fatta dal segretario del Pd, Pier Luigi Bersani, dal palco della festa dell&#8217;Unit\u00e0 di Roma. &#8220;Non&#8230;<\/p>\n","protected":false},"author":2,"featured_media":0,"comment_status":"closed","ping_status":"closed","sticky":false,"template":"","format":"standard","meta":[],"categories":[49],"tags":[],"_links":{"self":[{"href":"https:\/\/www.cronacaonline.it\/index.php\/wp-json\/wp\/v2\/posts\/69464"}],"collection":[{"href":"https:\/\/www.cronacaonline.it\/index.php\/wp-json\/wp\/v2\/posts"}],"about":[{"href":"https:\/\/www.cronacaonline.it\/index.php\/wp-json\/wp\/v2\/types\/post"}],"author":[{"embeddable":true,"href":"https:\/\/www.cronacaonline.it\/index.php\/wp-json\/wp\/v2\/users\/2"}],"replies":[{"embeddable":true,"href":"https:\/\/www.cronacaonline.it\/index.php\/wp-json\/wp\/v2\/comments?post=69464"}],"version-history":[{"count":0,"href":"https:\/\/www.cronacaonline.it\/index.php\/wp-json\/wp\/v2\/posts\/69464\/revisions"}],"wp:attachment":[{"href":"https:\/\/www.cronacaonline.it\/index.php\/wp-json\/wp\/v2\/media?parent=69464"}],"wp:term":[{"taxonomy":"category","embeddable":true,"href":"https:\/\/www.cronacaonline.it\/index.php\/wp-json\/wp\/v2\/categories?post=69464"},{"taxonomy":"post_tag","embeddable":true,"href":"https:\/\/www.cronacaonline.it\/index.php\/wp-json\/wp\/v2\/tags?post=69464"}],"curies":[{"name":"wp","href":"https:\/\/api.w.org\/{rel}","templated":true}]}}