{"id":69456,"date":"2011-07-27T00:00:00","date_gmt":"2011-07-26T22:00:00","guid":{"rendered":"http:\/\/www.cronacaonline.it\/public\/content\/index.php\/2011\/07\/27\/lavori-consiglio-regionale-sardo-roberto-capelli147cappellacci-ha-fallito-si-dimetta-147\/"},"modified":"2011-07-27T00:00:00","modified_gmt":"2011-07-26T22:00:00","slug":"lavori-consiglio-regionale-sardo-roberto-capelli147cappellacci-ha-fallito-si-dimetta-147","status":"publish","type":"post","link":"https:\/\/www.cronacaonline.it\/index.php\/2011\/07\/27\/lavori-consiglio-regionale-sardo-roberto-capelli147cappellacci-ha-fallito-si-dimetta-147\/","title":{"rendered":"Lavori Consiglio regionale Sardo: Roberto Capelli,\u0093Cappellacci ha fallito, si dimetta \u0093"},"content":{"rendered":"<p><SPAN style=\"FONT-FAMILY: 'Times New Roman', 'serif'; COLOR: black; FONT-SIZE: 12pt; mso-fareast-font-family: 'Times New Roman'; mso-fareast-language: IT\">Si sono aperti questa mattina i lavori del Consiglio regionale con la ripresa del dibattito sulle dichiarazioni rese ieri all\u2019Aula sul caso Tirrenia dal presidente della Regione Ugo Cappellacci. A prendere la parola per primo Roberto Capelli, del Gruppo Misto, che ha esordito sottolineando il fallimento del presidente della Regione e di tutta la sua giunta. <\/SPAN><\/p>\n<p><SPAN style=\"FONT-FAMILY: 'Times New Roman', 'serif'; COLOR: black; FONT-SIZE: 12pt; mso-fareast-font-family: 'Times New Roman'; mso-fareast-language: IT\">Su quale progetto il presidente richiama tutti all\u2019unit\u00e0? Si \u00e8 chiesto Capelli . Non \u00e8 vero che i nemici della Sardegna stanno solo oltre Tirreno. In due anni abbiamo sotterrato le poche difese autonomistiche che ancora avevamo - ha sottolineato Capelli - L\u2019unica soluzione per questa vicenda sono le dimissioni di Cappellacci. Red<\/SPAN><\/p>\n","protected":false},"excerpt":{"rendered":"<p>Si sono aperti questa mattina i lavori del Consiglio regionale con la ripresa del dibattito sulle dichiarazioni rese ieri all\u2019Aula sul caso Tirrenia dal presidente&#8230;<\/p>\n","protected":false},"author":2,"featured_media":0,"comment_status":"closed","ping_status":"closed","sticky":false,"template":"","format":"standard","meta":[],"categories":[49],"tags":[],"_links":{"self":[{"href":"https:\/\/www.cronacaonline.it\/index.php\/wp-json\/wp\/v2\/posts\/69456"}],"collection":[{"href":"https:\/\/www.cronacaonline.it\/index.php\/wp-json\/wp\/v2\/posts"}],"about":[{"href":"https:\/\/www.cronacaonline.it\/index.php\/wp-json\/wp\/v2\/types\/post"}],"author":[{"embeddable":true,"href":"https:\/\/www.cronacaonline.it\/index.php\/wp-json\/wp\/v2\/users\/2"}],"replies":[{"embeddable":true,"href":"https:\/\/www.cronacaonline.it\/index.php\/wp-json\/wp\/v2\/comments?post=69456"}],"version-history":[{"count":0,"href":"https:\/\/www.cronacaonline.it\/index.php\/wp-json\/wp\/v2\/posts\/69456\/revisions"}],"wp:attachment":[{"href":"https:\/\/www.cronacaonline.it\/index.php\/wp-json\/wp\/v2\/media?parent=69456"}],"wp:term":[{"taxonomy":"category","embeddable":true,"href":"https:\/\/www.cronacaonline.it\/index.php\/wp-json\/wp\/v2\/categories?post=69456"},{"taxonomy":"post_tag","embeddable":true,"href":"https:\/\/www.cronacaonline.it\/index.php\/wp-json\/wp\/v2\/tags?post=69456"}],"curies":[{"name":"wp","href":"https:\/\/api.w.org\/{rel}","templated":true}]}}