{"id":69448,"date":"2011-07-29T00:00:00","date_gmt":"2011-07-28T22:00:00","guid":{"rendered":"http:\/\/www.cronacaonline.it\/public\/content\/index.php\/2011\/07\/29\/rapporto-svimez-2011-allarme-giovani-due-su-tre-senza-lavoro-al-sud\/"},"modified":"2011-07-29T00:00:00","modified_gmt":"2011-07-28T22:00:00","slug":"rapporto-svimez-2011-allarme-giovani-due-su-tre-senza-lavoro-al-sud","status":"publish","type":"post","link":"https:\/\/www.cronacaonline.it\/index.php\/2011\/07\/29\/rapporto-svimez-2011-allarme-giovani-due-su-tre-senza-lavoro-al-sud\/","title":{"rendered":"Rapporto Svimez 2011: Allarme giovani: due su tre senza lavoro al Sud"},"content":{"rendered":"<p><SPAN class=apple-style-span><SPAN style=\"FONT-FAMILY: 'Arial', 'sans-serif'; COLOR: black\">Nel Sud \u00e8 \"emergenza giovani: due su tre sono a spasso\", ossia senza un'occupazione, e oltre il 30% dei laureati under 34 non lavora e non studia. A lanciare l'allarme \u00e8 il Rapporto Svimez 2011 sull'economia del Mezzogiorno, che verr\u00e0 presentato il prossimo 27 settembre, le cui anticipazioni sono state rese note oggi.<\/SPAN><\/SPAN><\/p>\n<p><SPAN class=apple-style-span><SPAN style=\"FONT-FAMILY: 'Arial', 'sans-serif'; COLOR: black\">Nel Mezzogiorno - secondo i dati del Rapporto - il tasso di occupazione giovanile (15-34 anni) \u00e8 giunto nel 2010 ad appena il 31,7% (il dato medio del 2009 era del 33,3%; per le donne nel 2010 non raggiunge che il 23,3%), segnando un divario di 25 punti con il Nord del Paese (56,5%).<\/SPAN><\/SPAN><SPAN class=apple-converted-space><SPAN style=\"FONT-FAMILY: 'Arial', 'sans-serif'; COLOR: black\">&nbsp;<\/SPAN><\/SPAN><\/p>\n<p><SPAN class=apple-style-span><SPAN style=\"FONT-FAMILY: 'Arial', 'sans-serif'; COLOR: black\">\"La questione generazionale italiana - segnala la Svimez - diventa quindi emergenza e allarme sociale nel Mezzogiorno\". Aumentano, inoltre, i giovani Neet (Not in education, employment or training) con alto livello di istruzione. Quasi un terzo dei diplomati ed oltre il 30% dei laureati meridionali under 34 non lavora e non studia.<\/SPAN><\/SPAN><SPAN class=apple-converted-space><SPAN style=\"FONT-FAMILY: 'Arial', 'sans-serif'; COLOR: black\">&nbsp;<\/SPAN><\/SPAN><\/p>\n<p><SPAN class=apple-style-span><SPAN style=\"FONT-FAMILY: 'Arial', 'sans-serif'; COLOR: black\">\"Sono circa 167 mila i laureati meridionali fuori dal sistema formativo e del mercato del lavoro, con situazioni critiche in Basilicata e Calabria. Uno spreco di talenti inaccettabile\". In sette anni (2003-2010), al Sud, gli inattivi (ne occupati ne disoccupati), sono aumentati di oltre 750mila unit\u00e0.&nbsp;<\/SPAN><\/SPAN><\/p>\n<p><SPAN class=apple-style-span><SPAN style=\"FONT-FAMILY: 'Arial', 'sans-serif'; COLOR: black\">Nel Sud Italia una persona su quattro non lavora, se consideriamo anche i lavoratori in cassa integrazione e gli scoraggiati. E' quanto emerge dalle anticipazioni del Rapporto Svimez 2011 sull'economia del Mezzogiorno.<\/SPAN><\/SPAN><SPAN class=apple-converted-space><SPAN style=\"FONT-FAMILY: 'Arial', 'sans-serif'; COLOR: black\">&nbsp;<\/SPAN><\/SPAN><\/p>\n<p><SPAN class=apple-style-span><SPAN style=\"FONT-FAMILY: 'Arial', 'sans-serif'; COLOR: black\">Nel 2010 - si legge nello studio - il tasso di disoccupazione nel Sud \u00e8 stato del 13,4% (contro il 12% del 2008), pi\u00f9 del doppio del Centro-Nord (6,4%, ma nel 2008 era il 4,5%).<\/SPAN><\/SPAN><SPAN class=apple-converted-space><SPAN style=\"FONT-FAMILY: 'Arial', 'sans-serif'; COLOR: black\">&nbsp;<\/SPAN><\/SPAN><\/p>\n<p><SPAN class=apple-style-span><SPAN style=\"FONT-FAMILY: 'Arial', 'sans-serif'; COLOR: black\">Se consideriamo tra i non occupati anche i lavoratori che usufruiscono della Cig e che cercano lavoro non attivamente (gli scoraggiati), il tasso di disoccupazione corretto salirebbe al 14,8%, a livello nazionale, dall'11,6% del 2008, con punte del 25,3% nel Mezzogiorno (quasi 12 punti in pi\u00f9 del tasso ufficiale) e del 10,1% nel Centro-Nord.<\/SPAN><\/SPAN><SPAN class=apple-converted-space><SPAN style=\"FONT-FAMILY: 'Arial', 'sans-serif'; COLOR: black\">&nbsp;<\/SPAN><\/SPAN><\/p>\n<p><SPAN class=apple-style-span><SPAN style=\"FONT-FAMILY: 'Arial', 'sans-serif'; COLOR: black\">Negli ultimi due anni - secondo il Rapporto Svimez 2011 - il tasso di occupazione e' sceso al Sud dal 46% del 2008 al 43,9% del 2010, e al Centro-Nord dal 65,7% al 64%. Su 533 mila posti di lavoro in meno in tutto il Paese dal 2008 al 2010, ben 281 mila sono stati nel Mezzogiorno.<\/SPAN><\/SPAN><\/p>\n<p><SPAN class=apple-style-span><SPAN style=\"FONT-FAMILY: 'Arial', 'sans-serif'; COLOR: black\">Con meno del 30% degli occupati italiani, al Sud si concentra dunque il 60% della perdita di posti di lavoro. L'occupazione \u00e8 in calo in tutte le regioni meridionali, con l'eccezione della Sardegna.<\/SPAN><\/SPAN><SPAN class=apple-converted-space><SPAN style=\"FONT-FAMILY: 'Arial', 'sans-serif'; COLOR: black\">&nbsp;<\/SPAN><\/SPAN><BR><BR><SPAN class=apple-style-span><SPAN style=\"FONT-FAMILY: 'Arial', 'sans-serif'; COLOR: black\">Particolarmente forte \u00e8 la diminuzione in Basilicata (dal 48,5 al 47,1%) e Molise (dal 52,3 al 51,1%). Valori drammaticamente bassi e in ulteriore riduzione - segnala la Svimez - si registrano in Campania, dove lavora meno del 40% della popolazione in et\u00e0 da lavoro, in Calabria (42,2%) e Sicilia (42,6%).<\/SPAN><\/SPAN><SPAN class=apple-converted-space><SPAN style=\"FONT-FAMILY: 'Arial', 'sans-serif'; COLOR: black\">&nbsp;<\/SPAN><\/SPAN><\/p>\n<p><SPAN class=apple-style-span><SPAN style=\"FONT-FAMILY: 'Arial', 'sans-serif'; COLOR: black\">Il tasso d'occupazione si riduce anche nelle regioni del Centro-Nord con l'eccezione di Valle d'Aosta, Friuli e Trentino Alto Adige, che presenta il valore pi\u00f9 alto (68,5%). Particolarmente intensa \u00e8 la flessione in Emilia Romagna (-2,8 punti percentuali, dal 70,2% al 67,4%) e in Toscana (dal 65,4 al 63,8%).<\/SPAN><\/SPAN><\/p>\n<p><SPAN class=apple-style-span><SPAN style=\"FONT-FAMILY: 'Arial', 'sans-serif'; COLOR: black\">In Italia \"i consumi a livello nazionale crescono moderatamente nelle famiglie (+1%), mentre calano nella Pa per effetto delle manovre correttive (-0,6%)\". E' quanto emerge dalle anticipazioni del Rapporto Svimez 2011 sull'economia del Mezzogiorno.<\/SPAN><\/SPAN><SPAN class=apple-converted-space><SPAN style=\"FONT-FAMILY: 'Arial', 'sans-serif'; COLOR: black\">&nbsp;<\/SPAN><\/SPAN><\/p>\n<p><SPAN class=apple-style-span><SPAN style=\"FONT-FAMILY: 'Arial', 'sans-serif'; COLOR: black\">A livello disaggregato, spiega lo studio, la performance nelle due aree e' simile nella spesa della Pa (-0,5% al Sud, -0,6% al Centro-Nord). Non \u00e8 cos\u00ec per le famiglie: nel 2010 l'incremento della spesa nel Mezzogiorno \u00e8 stato un terzo del Centro-Nord (+0,4% contro +1,3%).<\/SPAN><\/SPAN><SPAN class=apple-converted-space><SPAN style=\"FONT-FAMILY: 'Arial', 'sans-serif'; COLOR: black\">&nbsp;<\/SPAN><\/SPAN><BR><BR><SPAN class=apple-style-span><SPAN style=\"FONT-FAMILY: 'Arial', 'sans-serif'; COLOR: black\">In particolare, i consumi di vestiario e calzature sono aumentati nel Centro-Nord del 3,9%, solo dello 0,7% al Sud; gi\u00f9 invece la spesa per beni alimentari (-0,4%), rispetto al +0,3% dell'altra ripartizione, una chiara indicazione delle difficolt\u00e0 delle famiglie meridionali a sostenere il livello di spesa.<\/SPAN><\/SPAN><\/p>\n<p><SPAN class=apple-style-span><SPAN style=\"FONT-FAMILY: 'Arial', 'sans-serif'; COLOR: black\">Da segnalare che dal 2000 al 2010 la spesa delle famiglie al Nord \u00e8 cresciuta dello 0,5%, al Sud \u00e8 scesa dello 0,1%. Pi\u00f9 elevata nel periodo la spesa della PA: +1,4% al Sud, +1,6% nel Centro-Nord.<\/SPAN><\/SPAN><\/SPAN><\/p>\n","protected":false},"excerpt":{"rendered":"<p>Nel Sud \u00e8 &#8220;emergenza giovani: due su tre sono a spasso&#8221;, ossia senza un&#8217;occupazione, e oltre il 30% dei laureati under 34 non lavora e&#8230;<\/p>\n","protected":false},"author":2,"featured_media":0,"comment_status":"closed","ping_status":"closed","sticky":false,"template":"","format":"standard","meta":[],"categories":[49],"tags":[],"_links":{"self":[{"href":"https:\/\/www.cronacaonline.it\/index.php\/wp-json\/wp\/v2\/posts\/69448"}],"collection":[{"href":"https:\/\/www.cronacaonline.it\/index.php\/wp-json\/wp\/v2\/posts"}],"about":[{"href":"https:\/\/www.cronacaonline.it\/index.php\/wp-json\/wp\/v2\/types\/post"}],"author":[{"embeddable":true,"href":"https:\/\/www.cronacaonline.it\/index.php\/wp-json\/wp\/v2\/users\/2"}],"replies":[{"embeddable":true,"href":"https:\/\/www.cronacaonline.it\/index.php\/wp-json\/wp\/v2\/comments?post=69448"}],"version-history":[{"count":0,"href":"https:\/\/www.cronacaonline.it\/index.php\/wp-json\/wp\/v2\/posts\/69448\/revisions"}],"wp:attachment":[{"href":"https:\/\/www.cronacaonline.it\/index.php\/wp-json\/wp\/v2\/media?parent=69448"}],"wp:term":[{"taxonomy":"category","embeddable":true,"href":"https:\/\/www.cronacaonline.it\/index.php\/wp-json\/wp\/v2\/categories?post=69448"},{"taxonomy":"post_tag","embeddable":true,"href":"https:\/\/www.cronacaonline.it\/index.php\/wp-json\/wp\/v2\/tags?post=69448"}],"curies":[{"name":"wp","href":"https:\/\/api.w.org\/{rel}","templated":true}]}}