{"id":69416,"date":"2011-07-06T00:00:00","date_gmt":"2011-07-05T22:00:00","guid":{"rendered":"http:\/\/www.cronacaonline.it\/public\/content\/index.php\/2011\/07\/06\/simona-de-francisci-pdl-la-settima-commissione-regionale-ha-iniziato-lesame-delle-pl-a-favore-della-famiglia\/"},"modified":"2011-07-06T00:00:00","modified_gmt":"2011-07-05T22:00:00","slug":"simona-de-francisci-pdl-la-settima-commissione-regionale-ha-iniziato-lesame-delle-pl-a-favore-della-famiglia","status":"publish","type":"post","link":"https:\/\/www.cronacaonline.it\/index.php\/2011\/07\/06\/simona-de-francisci-pdl-la-settima-commissione-regionale-ha-iniziato-lesame-delle-pl-a-favore-della-famiglia\/","title":{"rendered":"Simona De Francisci (PdL) \u201cLa settima commissione regionale ha iniziato l\u2019esame delle PL a favore della famiglia\u201d"},"content":{"rendered":"<p><SPAN style=\"FONT-FAMILY: 'Verdana', 'sans-serif'; mso-bidi-font-family: Arial\">Piena soddisfazione \u00e8 stata espressa da Simona De Francisci, vice presidente del PdL, per l\u2019inizio, in settima Commissione regionale, dell\u2019esame delle proposte di legge a favore della famiglia.<\/SPAN><\/p>\n<p><SPAN style=\"FONT-FAMILY: 'Verdana', 'sans-serif'; mso-bidi-font-weight: bold\">Si tratta, infatti, di cinque proposte di legge, che poi dovranno essere comprese in un testo unificato, tre presentate dal PdL, primi firmatari Simona De Francisci, Pietro Pittalis e Carlo Sanjust, una dei Riformatori, primo firmatario Franco Meloni, e l\u2019altra del PD, primo firmatario Mario Bruno.<\/SPAN><\/p>\n<p><SPAN style=\"FONT-FAMILY: 'Verdana', 'sans-serif'; mso-bidi-font-weight: bold\">\u00abIn un periodo di grave crisi economica, sociale e dei valori tradizionali, credo sia importante che l\u2019istituzione regionale legiferi a sostegno del nucleo fondante della nostra societ\u00e0 \u2013 ha dichiarato Simona De Francisci \u2013 per consentire e agevolare la formazione di nuove famiglie, intese come vincolo fondato sul matrimonio e scolpire il concetto della sua centralit\u00e0, della sua attualit\u00e0 e come luogo primario in cui si esplica la personalit\u00e0 individuale\u00bb.<\/SPAN><\/p>\n<p><SPAN style=\"FONT-FAMILY: 'Verdana', 'sans-serif'; mso-bidi-font-weight: bold\">\u00abCon questa legge \u2013 conclude - la Regione autonoma della Sardegna sar\u00e0 chiamata ad offrire gli strumenti che consentano, anche a chi versa in condizioni di grave precariet\u00e0 economica, di formare un nuovo nucleo familiare e di provvedere alla relativa cura e al necessario sostentamento, confidando in un apparato strutturale in grado di sostenere anche le situazioni pi\u00f9 difficili\u00bb. Red<\/SPAN><\/p>\n","protected":false},"excerpt":{"rendered":"<p>Piena soddisfazione \u00e8 stata espressa da Simona De Francisci, vice presidente del PdL, per l\u2019inizio, in settima Commissione regionale, dell\u2019esame delle proposte di legge a&#8230;<\/p>\n","protected":false},"author":2,"featured_media":0,"comment_status":"closed","ping_status":"closed","sticky":false,"template":"","format":"standard","meta":[],"categories":[49],"tags":[],"_links":{"self":[{"href":"https:\/\/www.cronacaonline.it\/index.php\/wp-json\/wp\/v2\/posts\/69416"}],"collection":[{"href":"https:\/\/www.cronacaonline.it\/index.php\/wp-json\/wp\/v2\/posts"}],"about":[{"href":"https:\/\/www.cronacaonline.it\/index.php\/wp-json\/wp\/v2\/types\/post"}],"author":[{"embeddable":true,"href":"https:\/\/www.cronacaonline.it\/index.php\/wp-json\/wp\/v2\/users\/2"}],"replies":[{"embeddable":true,"href":"https:\/\/www.cronacaonline.it\/index.php\/wp-json\/wp\/v2\/comments?post=69416"}],"version-history":[{"count":0,"href":"https:\/\/www.cronacaonline.it\/index.php\/wp-json\/wp\/v2\/posts\/69416\/revisions"}],"wp:attachment":[{"href":"https:\/\/www.cronacaonline.it\/index.php\/wp-json\/wp\/v2\/media?parent=69416"}],"wp:term":[{"taxonomy":"category","embeddable":true,"href":"https:\/\/www.cronacaonline.it\/index.php\/wp-json\/wp\/v2\/categories?post=69416"},{"taxonomy":"post_tag","embeddable":true,"href":"https:\/\/www.cronacaonline.it\/index.php\/wp-json\/wp\/v2\/tags?post=69416"}],"curies":[{"name":"wp","href":"https:\/\/api.w.org\/{rel}","templated":true}]}}