{"id":69414,"date":"2011-07-07T00:00:00","date_gmt":"2011-07-06T22:00:00","guid":{"rendered":"http:\/\/www.cronacaonline.it\/public\/content\/index.php\/2011\/07\/07\/manovra-aumenta-le-tensioni-nella-maggioranza\/"},"modified":"2011-07-07T00:00:00","modified_gmt":"2011-07-06T22:00:00","slug":"manovra-aumenta-le-tensioni-nella-maggioranza","status":"publish","type":"post","link":"https:\/\/www.cronacaonline.it\/index.php\/2011\/07\/07\/manovra-aumenta-le-tensioni-nella-maggioranza\/","title":{"rendered":"Manovra: aumenta le tensioni nella maggioranza"},"content":{"rendered":"<p><SPAN style=\"FONT-FAMILY: 'Verdana', 'sans-serif'; COLOR: black; mso-bidi-font-family: Arial\">Non passa giorno che all\u2019interno della maggioranza non cresca la tensione, nonostante le smentite ufficiali di Gianni&nbsp;Letta. Al ministero dell'Economia&nbsp;Giulio Tremonti si lascia andare ad apprezzamenti poco lusinghieri nei confronti del collega Renato Brunetta nella conferenza stampa di presentazione della&nbsp;manovra economica appena firmata dal presidente della<SPAN class=apple-converted-space>&nbsp;<\/SPAN><EM><SPAN style=\"FONT-FAMILY: 'Verdana', 'sans-serif'; mso-bidi-font-family: Arial\">Repubblica<\/SPAN><\/EM>.&nbsp;Manovra che un altro ministro,&nbsp;Giancarlo Galan, intervistato dalla <EM><SPAN style=\"FONT-FAMILY: 'Verdana', 'sans-serif'; mso-bidi-font-family: Arial\">Stampa<\/SPAN><\/EM><SPAN class=apple-converted-space><I>&nbsp;<\/I><\/SPAN>critica apertamente dicendo: Tremonti porter\u00e0 il governo sotto il 20%.<\/SPAN><\/p>\n<p><SPAN style=\"FONT-FAMILY: 'Verdana', 'sans-serif'; COLOR: black; mso-bidi-font-family: Arial\">Nel video pubblicato in esclusiva dal sito di<SPAN class=apple-converted-space>&nbsp;<\/SPAN><EM><SPAN style=\"FONT-FAMILY: 'Verdana', 'sans-serif'; mso-bidi-font-family: Arial\">Repubblica<\/SPAN><\/EM><SPAN class=apple-converted-space><I>&nbsp;<\/I><\/SPAN>si distingue chiaramente la voce di Tremonti durante l'esposizione del titolare della Funzione pubblica, Renato Brunetta.&nbsp;Prima&nbsp;rivolgendosi&nbsp;al ragioniere generale dello Stato Mario Canzio, poi al capo di gabinetto del suo ministero Vincenzo Fortunato, quindi al ministro del Welfare Maurizio Sacconi, Tremonti commenta: \"E' proprio un cretino\", \"questo \u00e8 il tipico intervento suicida\".<\/SPAN><\/p>\n<p><SPAN style=\"FONT-FAMILY: 'Verdana', 'sans-serif'; COLOR: black; mso-bidi-font-family: Arial\">Galan - \"Il problema&nbsp;\u00e8 semplice: avevamo promesso uno rivoluzione, ci ritroviamo all'ordinaria amministrazione\". Il ministro per i Beni culturali Giancarlo Galan, intervistato dalla<SPAN class=apple-converted-space>&nbsp;<\/SPAN><EM><SPAN style=\"FONT-FAMILY: 'Verdana', 'sans-serif'; mso-bidi-font-family: Arial\">Stampa<\/SPAN><\/EM>, critica la manovra economica, spiega che \"il governo terr\u00e0 perch\u00e9 c'\u00e8 e comunque ancora non ce n\u2019\u00e8 un altro\", ma ammette che \"qualcosa si \u00e8 rotto\". \"Purtroppo questa manovra \u00e8 ordinaria, cos\u00ec come lo sono tutte le politiche che facciamo\", lamenta Galan. \"Tremonti \u00e8 bravo, capace, stimato, ma \u00e8 ordinario, e in queste situazioni gli uomini ordinari portano i governi sotto il 20%\". \"Nel nostro programma si promette di tagliare i privilegi - sottolinea l'ex governatore del Veneto - e invece ci siamo ritrovati una manovra che aumentava il bollo alle auto. Penso che Visco non avrebbe fatto una manovra tanto diversa da questa\".<\/SPAN><\/p>\n<p><SPAN style=\"FONT-FAMILY: 'Verdana', 'sans-serif'; COLOR: black; mso-bidi-font-family: Arial\">Per Galan \"Berlusconi ha subito ricatti su ricatti. Ho iniziato a capire che le cose non andavano quando ha cominciato a dire che molte scelte le aveva subite. Berlusconi \u00e8 uno fuori dal comune, gli altri sono medi, per questo non puo' dire che le scelte non le governa\". \"Dovevamo cambiare tutto e non lo abbiamo fatto. Essere garantisti non vuol dire candidare oggi quelli che all'epoca non avevamo candidato\", prosegue Galan. Adesso \"spero che Alfano riesca a invertire la rotta ma non sar\u00e0 facile. E serve soprattutto Berlusconi al fianco che governi, che sia presente, ma alla riunione dei deputati di luned\u00ec scorso era assente\".<\/SPAN><\/p>\n","protected":false},"excerpt":{"rendered":"<p>Non passa giorno che all\u2019interno della maggioranza non cresca la tensione, nonostante le smentite ufficiali di Gianni&nbsp;Letta. Al ministero dell&#8217;Economia&nbsp;Giulio Tremonti si lascia andare ad&#8230;<\/p>\n","protected":false},"author":2,"featured_media":10086,"comment_status":"closed","ping_status":"closed","sticky":false,"template":"","format":"standard","meta":[],"categories":[49],"tags":[],"_links":{"self":[{"href":"https:\/\/www.cronacaonline.it\/index.php\/wp-json\/wp\/v2\/posts\/69414"}],"collection":[{"href":"https:\/\/www.cronacaonline.it\/index.php\/wp-json\/wp\/v2\/posts"}],"about":[{"href":"https:\/\/www.cronacaonline.it\/index.php\/wp-json\/wp\/v2\/types\/post"}],"author":[{"embeddable":true,"href":"https:\/\/www.cronacaonline.it\/index.php\/wp-json\/wp\/v2\/users\/2"}],"replies":[{"embeddable":true,"href":"https:\/\/www.cronacaonline.it\/index.php\/wp-json\/wp\/v2\/comments?post=69414"}],"version-history":[{"count":0,"href":"https:\/\/www.cronacaonline.it\/index.php\/wp-json\/wp\/v2\/posts\/69414\/revisions"}],"wp:featuredmedia":[{"embeddable":true,"href":"https:\/\/www.cronacaonline.it\/index.php\/wp-json\/"}],"wp:attachment":[{"href":"https:\/\/www.cronacaonline.it\/index.php\/wp-json\/wp\/v2\/media?parent=69414"}],"wp:term":[{"taxonomy":"category","embeddable":true,"href":"https:\/\/www.cronacaonline.it\/index.php\/wp-json\/wp\/v2\/categories?post=69414"},{"taxonomy":"post_tag","embeddable":true,"href":"https:\/\/www.cronacaonline.it\/index.php\/wp-json\/wp\/v2\/tags?post=69414"}],"curies":[{"name":"wp","href":"https:\/\/api.w.org\/{rel}","templated":true}]}}