{"id":69402,"date":"2011-07-23T00:00:00","date_gmt":"2011-07-22T22:00:00","guid":{"rendered":"http:\/\/www.cronacaonline.it\/public\/content\/index.php\/2011\/07\/23\/il-coro-del-teatro-lirico-in-tournee-per-unisola-di-musica-2011-con-i-carmina-burana-di-carl-orff\/"},"modified":"2011-07-23T00:00:00","modified_gmt":"2011-07-22T22:00:00","slug":"il-coro-del-teatro-lirico-in-tournee-per-unisola-di-musica-2011-con-i-carmina-burana-di-carl-orff","status":"publish","type":"post","link":"https:\/\/www.cronacaonline.it\/index.php\/2011\/07\/23\/il-coro-del-teatro-lirico-in-tournee-per-unisola-di-musica-2011-con-i-carmina-burana-di-carl-orff\/","title":{"rendered":"Il Coro del Teatro Lirico in tourn\u00e8e, per \u201cUn\u2019Isola di Musica 2011\u201d, con i Carmina Burana di Carl Orff."},"content":{"rendered":"<p><SPAN style=\"LINE-HEIGHT: 115%; FONT-FAMILY: 'Verdana', 'sans-serif'; FONT-SIZE: 11pt\">Da luned\u00ec 25 luglio, alle 21.00, nella Piazza Via del mare di Villasimius prosegue la rassegna \"<SPAN style=\"mso-bidi-font-weight: bold\">Un'Isola di Musica <ST1:METRICCONVERTER w:st=\"on\" ProductID=\"2011\" ?>2011\"<\/ST1:METRICCONVERTER>, <\/SPAN>ideata ed organizzata <SPAN style=\"mso-bidi-font-weight: bold\">dal Teatro Lirico di Cagliari, che prevede, insieme al concerto dell'<ST1:PERSONNAME w:st=\"on\">Orchestra<\/ST1:PERSONNAME> del Teatro Lirico, altri 11 appuntamenti musicali in <\/SPAN>11 localit\u00e0 differenti della Sardegna con, protagonista assoluto, il Coro del Teatro Lirico, diretto da <ST1:PERSONNAME w:st=\"on\">Fulvio Fogliazza<\/ST1:PERSONNAME> che esegue una versione particolare dei Carmina Burana, indiscusso capolavoro di Carl Orff.<\/SPAN><\/p>\n<p><SPAN style=\"LINE-HEIGHT: 115%; FONT-FAMILY: 'Verdana', 'sans-serif'; FONT-SIZE: 11pt\">Composti nel 1937 i Carmina Burana continuano ad avere una salda e meritata fortuna di pubblico: oltre alle sofisticate sonorit\u00e0 affidate alle voci soliste ed al coro, trova la summa interpretativa proprio nella nutritissima serie di strumenti a percussione. I testi, in latino, francese e tedesco antico sono tratti dalla raccolta manoscritta di Lieder del XIII secolo, ritrovata nel monastero bavarese di Benediktbeuren. Le voci soliste di Elisabetta Scano (soprano), Alessandro Scotto Di Luzio (tenore) e Francesco Landolfi (baritono) sono accompagnate dai pianoforti di Gaetano Mastroiaco e Francesca Pittau, dai timpani di Filippo Gianfriddo e dalle percussioni di <STRONG><SPAN style=\"FONT-FAMILY: 'Verdana', 'sans-serif'; COLOR: black; FONT-WEIGHT: normal; mso-bidi-font-weight: bold\">Davide Mafezzoni, Pierpaolo Strinna, Emiliano Rossi, Emanuele Murroni e Matteo Modolo. <\/SPAN><\/STRONG>Gli altri spettacoli, il cui inizio \u00e8 previsto sempre per le 21.00, sono previsti per: mercoled\u00ec 27 luglio in Piazza San Sebastiano a Segariu; venerd\u00ec 29 luglio al Centro Santa Barbara di Iglesias; luned\u00ec 1 agosto all'Arena Mirastelle di Carbonia; marted\u00ec 2 agosto nell'Oratorio della Parrocchia del SS. Redentore di Monserrato; mercoled\u00ec 3 agosto all'ex Convento dei Cappuccini di Bosa; venerd\u00ec 5 agosto al Teatro all'aperto di San Gavino Monreale; luned\u00ec 8 agosto alla Vetreria di Cagliari-Pirri; mercoled\u00ec 10 agosto nella Piazza del Comune di Pula; gioved\u00ec 11 agosto nel Sagrato della Cattedrale di San Pantaleo di Dolianova; venerd\u00ec 12 agosto in Piazza di Chiesa a Collinas.<\/SPAN><\/p>\n<p><SPAN style=\"LINE-HEIGHT: 115%; FONT-FAMILY: 'Verdana', 'sans-serif'; FONT-SIZE: 11pt\">La rassegna \"Un'Isola di Musica <ST1:METRICCONVERTER w:st=\"on\" ProductID=\"2011\" ?>2011\"<\/ST1:METRICCONVERTER> si avvale del contributo della Fondazione Banco di Sardegna ed \u00e8 realizzato in collaborazione con <ST1:PERSONNAME w:st=\"on\" ProductID=\"la Regione Autonoma\">la Regione Autonoma<\/ST1:PERSONNAME> della Sardegna e le Amministrazioni Comunali di Bosa, Cagliari-Pirri, Carbonia, Collinas, Dolianova, Iglesias, Monserrato, Pula, San Gavino Monreale, Segariu, Villasimius. Com.<\/SPAN><\/p>\n","protected":false},"excerpt":{"rendered":"<p>Da luned\u00ec 25 luglio, alle 21.00, nella Piazza Via del mare di Villasimius prosegue la rassegna &#8220;Un&#8217;Isola di Musica 2011&#8221;, ideata ed organizzata dal Teatro&#8230;<\/p>\n","protected":false},"author":2,"featured_media":10085,"comment_status":"closed","ping_status":"closed","sticky":false,"template":"","format":"standard","meta":[],"categories":[49],"tags":[],"_links":{"self":[{"href":"https:\/\/www.cronacaonline.it\/index.php\/wp-json\/wp\/v2\/posts\/69402"}],"collection":[{"href":"https:\/\/www.cronacaonline.it\/index.php\/wp-json\/wp\/v2\/posts"}],"about":[{"href":"https:\/\/www.cronacaonline.it\/index.php\/wp-json\/wp\/v2\/types\/post"}],"author":[{"embeddable":true,"href":"https:\/\/www.cronacaonline.it\/index.php\/wp-json\/wp\/v2\/users\/2"}],"replies":[{"embeddable":true,"href":"https:\/\/www.cronacaonline.it\/index.php\/wp-json\/wp\/v2\/comments?post=69402"}],"version-history":[{"count":0,"href":"https:\/\/www.cronacaonline.it\/index.php\/wp-json\/wp\/v2\/posts\/69402\/revisions"}],"wp:featuredmedia":[{"embeddable":true,"href":"https:\/\/www.cronacaonline.it\/index.php\/wp-json\/"}],"wp:attachment":[{"href":"https:\/\/www.cronacaonline.it\/index.php\/wp-json\/wp\/v2\/media?parent=69402"}],"wp:term":[{"taxonomy":"category","embeddable":true,"href":"https:\/\/www.cronacaonline.it\/index.php\/wp-json\/wp\/v2\/categories?post=69402"},{"taxonomy":"post_tag","embeddable":true,"href":"https:\/\/www.cronacaonline.it\/index.php\/wp-json\/wp\/v2\/tags?post=69402"}],"curies":[{"name":"wp","href":"https:\/\/api.w.org\/{rel}","templated":true}]}}