{"id":69372,"date":"2011-07-15T00:00:00","date_gmt":"2011-07-14T22:00:00","guid":{"rendered":"http:\/\/www.cronacaonline.it\/public\/content\/index.php\/2011\/07\/15\/industria-cherchi-limpiando-delle-alsi-e-buono-ma-restiamo-aperti-al-dialogo\/"},"modified":"2011-07-15T00:00:00","modified_gmt":"2011-07-14T22:00:00","slug":"industria-cherchi-limpiando-delle-alsi-e-buono-ma-restiamo-aperti-al-dialogo","status":"publish","type":"post","link":"https:\/\/www.cronacaonline.it\/index.php\/2011\/07\/15\/industria-cherchi-limpiando-delle-alsi-e-buono-ma-restiamo-aperti-al-dialogo\/","title":{"rendered":"Industria: Cherchi, l&#8217;Impiando delle ALSI \u00e8 buono, ma restiamo aperti al dialogo"},"content":{"rendered":"<p><SPAN style=\"FONT-FAMILY: 'Verdana', 'sans-serif'\">L\u2019assessore regionale dell'Industria, Oscar Cherchi, non condivide le critiche che arrivano da Confindustria e Comune di Sassari che giudicano negativamente il disegno di legge approvato dalla Giunta e che ha come intento quello di riformare i consorzi industriali giudicati, cosi come strutturati attualmente, ormai obsoleti e incapaci di fornire risposte alle esigenze delle imprese moderne.<\/SPAN><SPAN style=\"FONT-FAMILY: 'Verdana', 'sans-serif'; FONT-SIZE: 8.5pt\"><\/SPAN><\/p>\n<p><SPAN style=\"FONT-FAMILY: 'Verdana', 'sans-serif'\">\u201cPassa il tempo \u2013 afferma Cherchi - ma la musica \u00e8 sempre la stessa: da una parte si chiedono le riforme e dall\u2019altra si fa di tutto per impedire che queste vengano realizzate. Si chiede di modernizzare, ma appena si tenta di farlo c\u2019\u00e8 subito chi vede messe in pericolo le proprie rendite di posizione. Il fallimento del vecchio modello di Consorzio Industriale \u00e8 davanti agli occhi di tutti ma nonostante questo c\u2019\u00e8 chi non arretra di un passo pur di mantenere il proprio controllo su un istituto che ormai, cos\u00ec com\u2019\u00e8, \u00e8 destinato a creare solo il deserto nelle cosiddette aree industriali. La riforma che abbiamo proposto alla Giunta, e che contrariamente a quanto affermato \u00e8 organizzata mutuandone la struttura di base dalle imprese, servir\u00e0 a dare alle stesse la possibilit\u00e0 di tornare ad essere competitive, perch\u00e9 potranno usufruire di nuovi servizi al passo coi tempi. Contrariamente&nbsp;&nbsp;quanto avviene ora, con i Consorzi che interpretano il ruolo di agenzie immobiliari senza neppure averne la competenza. Dove sono i suggerimenti della Confindustria e del Comune di Sassari per venire incontro alle mutate esigenze delle imprese del territorio? E\u2019 solo un tentativo di demolire il lavoro degli altri con la politica del \u2018tanto peggio, tanto meglio\u201d.<\/SPAN><SPAN style=\"FONT-FAMILY: 'Verdana', 'sans-serif'; FONT-SIZE: 8.5pt\"><\/SPAN><\/p>\n<p><SPAN style=\"FONT-FAMILY: 'Verdana', 'sans-serif'\">L\u2019Assessore Cherchi difende anche la delibera che amplia la disponibilit\u00e0 delle aree industriali da destinare alle energie alternative: \u201cLa Regione \u2013 prosegue l\u2019esponente dell\u2019Esecutivo \u2013 ha deciso di dare ascolto alle legittime richieste dei sardi che non vogliono vedere compromesse le zone di maggiore bellezza del proprio territorio. E\u2019 per questo che per ottemperare all\u2019obbligo di individuare delle zone su cui fare sorgere parchi eolici, abbiamo deciso di destinare a questo scopo, che peraltro cerchiamo di contenere al minimo indispensabile, le zone gi\u00e0 compromesse a livello ambientale e paesaggistico come alcune zone industriali. Ma sono comunque pronto ad ascoltare qualunque suggerimento costruttivo che venga fatto nell\u2019interesse di tutti i cittadini sardi\u201d. Red<\/SPAN><\/p>\n","protected":false},"excerpt":{"rendered":"<p>L\u2019assessore regionale dell&#8217;Industria, Oscar Cherchi, non condivide le critiche che arrivano da Confindustria e Comune di Sassari che giudicano negativamente il disegno di legge approvato&#8230;<\/p>\n","protected":false},"author":2,"featured_media":0,"comment_status":"closed","ping_status":"closed","sticky":false,"template":"","format":"standard","meta":[],"categories":[49],"tags":[],"_links":{"self":[{"href":"https:\/\/www.cronacaonline.it\/index.php\/wp-json\/wp\/v2\/posts\/69372"}],"collection":[{"href":"https:\/\/www.cronacaonline.it\/index.php\/wp-json\/wp\/v2\/posts"}],"about":[{"href":"https:\/\/www.cronacaonline.it\/index.php\/wp-json\/wp\/v2\/types\/post"}],"author":[{"embeddable":true,"href":"https:\/\/www.cronacaonline.it\/index.php\/wp-json\/wp\/v2\/users\/2"}],"replies":[{"embeddable":true,"href":"https:\/\/www.cronacaonline.it\/index.php\/wp-json\/wp\/v2\/comments?post=69372"}],"version-history":[{"count":0,"href":"https:\/\/www.cronacaonline.it\/index.php\/wp-json\/wp\/v2\/posts\/69372\/revisions"}],"wp:attachment":[{"href":"https:\/\/www.cronacaonline.it\/index.php\/wp-json\/wp\/v2\/media?parent=69372"}],"wp:term":[{"taxonomy":"category","embeddable":true,"href":"https:\/\/www.cronacaonline.it\/index.php\/wp-json\/wp\/v2\/categories?post=69372"},{"taxonomy":"post_tag","embeddable":true,"href":"https:\/\/www.cronacaonline.it\/index.php\/wp-json\/wp\/v2\/tags?post=69372"}],"curies":[{"name":"wp","href":"https:\/\/api.w.org\/{rel}","templated":true}]}}