{"id":69340,"date":"2011-07-30T00:00:00","date_gmt":"2011-07-29T22:00:00","guid":{"rendered":"http:\/\/www.cronacaonline.it\/public\/content\/index.php\/2011\/07\/30\/scatta-lunedi-la-stangata-alle-pensioni-doro-ma-solo-fino-al-2014\/"},"modified":"2011-07-30T00:00:00","modified_gmt":"2011-07-29T22:00:00","slug":"scatta-lunedi-la-stangata-alle-pensioni-doro-ma-solo-fino-al-2014","status":"publish","type":"post","link":"https:\/\/www.cronacaonline.it\/index.php\/2011\/07\/30\/scatta-lunedi-la-stangata-alle-pensioni-doro-ma-solo-fino-al-2014\/","title":{"rendered":"Scatta luned\u00ec la stangata alle pensioni d&#8217;oro ma solo fino al 2014"},"content":{"rendered":"<p><SPAN style=\"FONT-FAMILY: 'Verdana', 'sans-serif'\">Arriva la stangata sulle pensioni d'oro, cio\u00e8 quelle oltre i 90.000 euro annui. Parte da luned\u00ec prossimo, primo agosto il contributo previsto dalla manovra a carico delle cosiddette 'pensioni d'oro', cio\u00e8 quelle di molto superiori al minimo Inps (circa 470 euro mensili). <\/SPAN><\/p>\n<p><SPAN style=\"FONT-FAMILY: 'Verdana', 'sans-serif'\">Si tratta di un contributo di solidariet\u00e0 che durer\u00e0 fino al 2014 per le pensioni superiori ai 90 mila euro annui. Il contributo ammonta al 5% per la parte eccedente i 90.000 euro, e del 10% per la parte eccedente i 150.000 euro. <\/SPAN><\/p>\n<p><SPAN style=\"FONT-FAMILY: 'Verdana', 'sans-serif'\">Ecco come funziona il contributo:<\/SPAN><\/p>\n<p><STRONG><SPAN style=\"LINE-HEIGHT: 115%; FONT-FAMILY: 'Verdana', 'sans-serif'; COLOR: black; FONT-SIZE: 10pt; mso-bidi-font-family: Arial\">Sopra i 90.000 euro<\/SPAN><\/STRONG><SPAN class=apple-converted-space><SPAN style=\"LINE-HEIGHT: 115%; FONT-FAMILY: 'Verdana', 'sans-serif'; COLOR: black; FONT-SIZE: 10pt; mso-bidi-font-family: Arial\">&nbsp;- <\/SPAN><\/SPAN><SPAN style=\"FONT-FAMILY: 'Verdana', 'sans-serif'\">Il contributo \u00e8 dovuto per gli importi che superino i 90.000 euro lordi annui e fino a 150.000 euro, il contributo \u00e8 pari al 5% della parte eccedente il predetto importo; per la parte eccedente i 150.000 euro pari al 10%.<\/SPAN><\/p>\n<p><STRONG><SPAN style=\"LINE-HEIGHT: 115%; FONT-FAMILY: 'Verdana', 'sans-serif'; COLOR: black; FONT-SIZE: 10pt; mso-bidi-font-family: Arial\">Assegno comunque a quota 90.000 - <\/SPAN><\/STRONG><SPAN style=\"FONT-FAMILY: 'Verdana', 'sans-serif'\">In ogni caso, a seguito della riduzione il trattamento pensionistico complessivo non pu\u00f2 essere inferiore a 90.000 euro lordi annui.<\/SPAN><\/p>\n<p><STRONG><SPAN style=\"LINE-HEIGHT: 115%; FONT-FAMILY: 'Verdana', 'sans-serif'; COLOR: black; FONT-SIZE: 10pt; mso-bidi-font-family: Arial\">Contributo fino al 2014 - <\/SPAN><\/STRONG><SPAN style=\"FONT-FAMILY: 'Verdana', 'sans-serif'\">La norma si applica a decorrere dal 1\u00f8 agosto 2011 e fino al 31 dicembre 2014.<\/SPAN><\/p>\n<p><STRONG><SPAN style=\"LINE-HEIGHT: 115%; FONT-FAMILY: 'Verdana', 'sans-serif'; COLOR: black; FONT-SIZE: 10pt; mso-bidi-font-family: Arial\">A che serve - <\/SPAN><\/STRONG><SPAN style=\"FONT-FAMILY: 'Verdana', 'sans-serif'\">La disposizione e\" motivata dalla \"eccezionalit\u00e0 della situazione economica internazionale e tenuto conto delle esigenze prioritarie di raggiungimento degli obiettivi di finanza pubblica\", cio\u00e8 il pareggio di bilancio nel 2014.<\/SPAN><\/p>\n<p><STRONG><SPAN style=\"LINE-HEIGHT: 115%; FONT-FAMILY: 'Verdana', 'sans-serif'; COLOR: black; FONT-SIZE: 10pt; mso-bidi-font-family: Arial\">Non \u00e8 la prima volta - <\/SPAN><\/STRONG><SPAN style=\"FONT-FAMILY: 'Verdana', 'sans-serif'\">Non \u00e8 la prima volta che un governo 'tocca' le pensioni piu' alte. lo stesso successe con la Finanziaria 2003 (-3%); 2004 (-4%) e nel 2006-15% sul Tfr superiore a 1,5 milioni).<\/SPAN><\/p>\n<p><STRONG><SPAN style=\"LINE-HEIGHT: 115%; FONT-FAMILY: 'Verdana', 'sans-serif'; COLOR: black; FONT-SIZE: 10pt; mso-bidi-font-family: Arial\">Incappano anche alcune 'integrative' - <\/SPAN><\/STRONG><SPAN style=\"FONT-FAMILY: 'Verdana', 'sans-serif'\">La norma stabilisce che concorrono anche i trattamenti erogati da forme pensionistiche che garantiscono prestazioni definite in aggiunta o ad integrazione del trattamento pensionistico obbligatorio. In pratica, si tratta del personale della Banca d'Italia, dell'Uic, degli enti pubblici creditizi, delle regioni, del cosiddetto parastato, del personale addetto alle imposte di consumo, delle aziende del gas, delle esattorie e delle ricevitorie.<\/SPAN><\/p>\n<p><STRONG><SPAN style=\"LINE-HEIGHT: 115%; FONT-FAMILY: 'Verdana', 'sans-serif'; COLOR: black; FONT-SIZE: 10pt; mso-bidi-font-family: Arial\">Applicazione - <\/SPAN><\/STRONG><SPAN style=\"FONT-FAMILY: 'Verdana', 'sans-serif'\">Ai fini applicativi, si prevede che la trattenuta relativa al contributo viene applicata, in via preventiva e salvo conguaglio, a conclusione dell'anno di riferimento, all'atto della corresponsione di ciascun rateo mensile. Inoltre, viene preso a riferimento il trattamento pensionistico complessivo lordo per l'anno considerato.<\/SPAN><\/p>\n<p><STRONG><SPAN style=\"LINE-HEIGHT: 115%; FONT-FAMILY: 'Verdana', 'sans-serif'; COLOR: black; FONT-SIZE: 10pt; mso-bidi-font-family: Arial\">A chi va il contributo - <\/SPAN><\/STRONG><SPAN style=\"FONT-FAMILY: 'Verdana', 'sans-serif'\">Si prevede che le somme trattenute dagli enti vengono versate all'entrata del bilancio dello Stato, entro il quindicesimo giorno dalla data di erogazione del trattamento su cui \u00e8 effettuata la trattenuta.<\/SPAN><\/p>\n","protected":false},"excerpt":{"rendered":"<p>Arriva la stangata sulle pensioni d&#8217;oro, cio\u00e8 quelle oltre i 90.000 euro annui. Parte da luned\u00ec prossimo, primo agosto il contributo previsto dalla manovra a&#8230;<\/p>\n","protected":false},"author":2,"featured_media":0,"comment_status":"closed","ping_status":"closed","sticky":false,"template":"","format":"standard","meta":[],"categories":[49],"tags":[],"_links":{"self":[{"href":"https:\/\/www.cronacaonline.it\/index.php\/wp-json\/wp\/v2\/posts\/69340"}],"collection":[{"href":"https:\/\/www.cronacaonline.it\/index.php\/wp-json\/wp\/v2\/posts"}],"about":[{"href":"https:\/\/www.cronacaonline.it\/index.php\/wp-json\/wp\/v2\/types\/post"}],"author":[{"embeddable":true,"href":"https:\/\/www.cronacaonline.it\/index.php\/wp-json\/wp\/v2\/users\/2"}],"replies":[{"embeddable":true,"href":"https:\/\/www.cronacaonline.it\/index.php\/wp-json\/wp\/v2\/comments?post=69340"}],"version-history":[{"count":0,"href":"https:\/\/www.cronacaonline.it\/index.php\/wp-json\/wp\/v2\/posts\/69340\/revisions"}],"wp:attachment":[{"href":"https:\/\/www.cronacaonline.it\/index.php\/wp-json\/wp\/v2\/media?parent=69340"}],"wp:term":[{"taxonomy":"category","embeddable":true,"href":"https:\/\/www.cronacaonline.it\/index.php\/wp-json\/wp\/v2\/categories?post=69340"},{"taxonomy":"post_tag","embeddable":true,"href":"https:\/\/www.cronacaonline.it\/index.php\/wp-json\/wp\/v2\/tags?post=69340"}],"curies":[{"name":"wp","href":"https:\/\/api.w.org\/{rel}","templated":true}]}}