{"id":69267,"date":"2011-07-22T00:00:00","date_gmt":"2011-07-21T22:00:00","guid":{"rendered":"http:\/\/www.cronacaonline.it\/public\/content\/index.php\/2011\/07\/22\/giochi-senza-quartiere-apre-la-stagione-estiva-della-pro-loco-di-sennori\/"},"modified":"2011-07-22T00:00:00","modified_gmt":"2011-07-21T22:00:00","slug":"giochi-senza-quartiere-apre-la-stagione-estiva-della-pro-loco-di-sennori","status":"publish","type":"post","link":"https:\/\/www.cronacaonline.it\/index.php\/2011\/07\/22\/giochi-senza-quartiere-apre-la-stagione-estiva-della-pro-loco-di-sennori\/","title":{"rendered":"\u201cGiochi senza Quartiere\u201d apre la stagione estiva della Pro Loco di Sennori"},"content":{"rendered":"<p><SPAN style=\"FONT-FAMILY: 'Verdana', 'sans-serif'; mso-bidi-font-size: 12.0pt\">Una settimana di giochi e prove di abilit\u00e0 animeranno le strade e le piazze di Sennori, da domani fino al 30 luglio. \u00c8 la 18^ edizione di \u201cGiochi senza Quartiere\u201d, la manifestazione organizzata dalla Pro Loco di Sennori, con il patrocinio dell\u2019Amministrazione comunale. Partecipano a quest\u2019edizione 16 squadre composte da 26 concorrenti ciascuna per un totale di 416 iscritti che si cimenteranno in sfide di abilit\u00e0 che coinvolgeranno tutto il paese.<\/SPAN><\/p>\n<p><SPAN style=\"FONT-FAMILY: 'Verdana', 'sans-serif'; mso-bidi-font-size: 12.0pt\">Alla manifestazione partecipano anche 7 mini squadre di 8 concorrenti, composte da bambini di et\u00e0 compresa fra i 3 e i 10 anni. Una novit\u00e0 di Giochi senza quartiere, \u00e8 il gemellaggio con la manifestazione Giochi estivi di Sorso che si svolger\u00e0 la prima settimana di agosto nel vicino centro della Romangia: in virt\u00f9 di questa alleanza, le squadre vincitrici di una manifestazione partecipano di diritto all\u2019altro evento. La Pro Loco guidata dal Presidente Gianni Desini<SPAN style=\"mso-spacerun: yes\">&nbsp; <\/SPAN>si presenta a quest\u2019edizione da record grazie al lavoro di tanti giovani che gi\u00e0 da due mesi si prodigano per la riuscita della manifestazione, al<SPAN style=\"mso-spacerun: yes\">&nbsp;&nbsp; <\/SPAN>patrocinio del Comune di Sennori, al sostegno degli sponsor e di<SPAN style=\"mso-spacerun: yes\">&nbsp; <\/SPAN>un\u2019infinit\u00e0 di collaboratori. <\/SPAN><\/p>\n<p><SPAN style=\"FONT-FAMILY: 'Verdana', 'sans-serif'; mso-bidi-font-size: 12.0pt\">Questo il programma della manifestazione: 23 Luglio Campo Sportivo \u201c Basilio Canu \u201c dalle ore 21.00 \u2013 Sfilata squadre, inaugurazione e inizio svolgimento giochi; 24 Luglio \u2013 Piazzale d\u2019Annunzio \u2013 dalle ore 10:00 alle 13:00 giochi per minisquadre bambini; 24 Luglio \u2013 Ritrovo al Campo Sportivo alle ore 16:00 per inizio \u201c Caccia al tesoro \u201c per le vie del paese; Dal 25 al 30 Luglio Campo Sportivo \u201c Basilio Canu \u201c dalle ore 21:00 svolgimento giochi; 30 Luglio Ritrovo in Piazza Giovanni XXIII alle ore 15:00 e svolgimento giochi lungo le vie del paese; 30 Luglio Campo Sportivo \u201c Basilio Canu \u201c dalle ore 21:00 Finali dei giochi e premiazioni. Com<\/SPAN><\/p>\n<p><SPAN style=\"FONT-FAMILY: 'Verdana', 'sans-serif'; mso-bidi-font-size: 12.0pt\">&nbsp;<\/SPAN><\/p>\n<p><SPAN style=\"FONT-FAMILY: 'Verdana', 'sans-serif'; mso-bidi-font-size: 12.0pt\">&nbsp;<\/SPAN><\/p>\n","protected":false},"excerpt":{"rendered":"<p>Una settimana di giochi e prove di abilit\u00e0 animeranno le strade e le piazze di Sennori, da domani fino al 30 luglio. \u00c8 la 18^&#8230;<\/p>\n","protected":false},"author":2,"featured_media":0,"comment_status":"closed","ping_status":"closed","sticky":false,"template":"","format":"standard","meta":[],"categories":[49],"tags":[],"_links":{"self":[{"href":"https:\/\/www.cronacaonline.it\/index.php\/wp-json\/wp\/v2\/posts\/69267"}],"collection":[{"href":"https:\/\/www.cronacaonline.it\/index.php\/wp-json\/wp\/v2\/posts"}],"about":[{"href":"https:\/\/www.cronacaonline.it\/index.php\/wp-json\/wp\/v2\/types\/post"}],"author":[{"embeddable":true,"href":"https:\/\/www.cronacaonline.it\/index.php\/wp-json\/wp\/v2\/users\/2"}],"replies":[{"embeddable":true,"href":"https:\/\/www.cronacaonline.it\/index.php\/wp-json\/wp\/v2\/comments?post=69267"}],"version-history":[{"count":0,"href":"https:\/\/www.cronacaonline.it\/index.php\/wp-json\/wp\/v2\/posts\/69267\/revisions"}],"wp:attachment":[{"href":"https:\/\/www.cronacaonline.it\/index.php\/wp-json\/wp\/v2\/media?parent=69267"}],"wp:term":[{"taxonomy":"category","embeddable":true,"href":"https:\/\/www.cronacaonline.it\/index.php\/wp-json\/wp\/v2\/categories?post=69267"},{"taxonomy":"post_tag","embeddable":true,"href":"https:\/\/www.cronacaonline.it\/index.php\/wp-json\/wp\/v2\/tags?post=69267"}],"curies":[{"name":"wp","href":"https:\/\/api.w.org\/{rel}","templated":true}]}}