{"id":69261,"date":"2011-07-27T00:00:00","date_gmt":"2011-07-26T22:00:00","guid":{"rendered":"http:\/\/www.cronacaonline.it\/public\/content\/index.php\/2011\/07\/27\/a-stintino-la-sagra-del-polpo-esibizioni-di-gruppi-folk-note-destate-e-il-ritorno-dei-solimar\/"},"modified":"2011-07-27T00:00:00","modified_gmt":"2011-07-26T22:00:00","slug":"a-stintino-la-sagra-del-polpo-esibizioni-di-gruppi-folk-note-destate-e-il-ritorno-dei-solimar","status":"publish","type":"post","link":"https:\/\/www.cronacaonline.it\/index.php\/2011\/07\/27\/a-stintino-la-sagra-del-polpo-esibizioni-di-gruppi-folk-note-destate-e-il-ritorno-dei-solimar\/","title":{"rendered":"A Stintino la \u201cSagra del polpo\u201d: Esibizioni di gruppi folk, Note d\u2019estate e il ritorno dei Solimar"},"content":{"rendered":"<p><FONT face=\"\">Ottava edizione della \u201cSagra del polpo\u201d ricca di novit\u00e0 e di eventi collaterali che faranno della manifestazione ideata dalla Pro Loco stintinese, con il patrocinio dell\u2019amministrazione comunale, un momento per la riscoperta della cultura e delle tradizioni gastronomiche del paese.<\/FONT><\/p>\n<p><FONT face=\"\">Si preannuncia ancora una volta interessante la<SPAN style=\"mso-spacerun: yes\">&nbsp; <\/SPAN>manifestazione che, venerd\u00ec 29 e sabato 30 luglio, si svolger\u00e0 nella piazza dei 45 che diventer\u00e0 oltre a luogo privilegiato per la degustazione del polpo, preparato secondo le pi\u00f9 antiche ricette conosciute solo dagli stintinesi, anche una vetrina per i numerosi espositori di prodotti tipici locali della nostra isola. <\/FONT><\/p>\n<p><FONT face=\"\">Nella piazza dedicata ai fondatori di Stintino saranno posizionati 15 stand che ospiteranno artigiani del legno, del coltello, delle pelli, dei cestini, tappeti e filigrane, quindi saranno presenti produttori di miele, vino, torrone, salumi e formaggi, dolci della tradizione sarda. Non mancher\u00e0 la musica che animer\u00e0 le due serate: per quella di venerd\u00ec ci penser\u00e0 l\u2019ottava edizione di Note d\u2019estate mentre quella di sabato segner\u00e0 il ritorno nella localit\u00e0 turistica, dopo 27 anni d\u2019assenza, dello storico gruppo portotorrese dei Solimar.<\/FONT><\/p>\n<p><FONT face=\"\">Venerd\u00ec 29 luglio gli stand si apriranno poco prima delle 19 quando, sul palco allestito in piazza dei 45, si esibiranno gli sbandieratori e musici della \u201cCitt\u00e0 dei Candelieri\u201d. Alle 19.30 inizier\u00e0 la distribuzione del polpo, preparato dallo chef Filippo Fresu del ristorante \u201cLa Terrazza\u201d. Il piatto verr\u00e0 accompagnato da un fresco bicchiere di vino e da un dolce.<\/FONT><\/p>\n<p><FONT face=\"\">La serata proseguir\u00e0 alle ore 22 con l\u2019ottava rassegna musicale \u201cNote d\u2019estate\u201d, curata e ideata da Giulio Martinetti in collaborazione con la Megachip musica di Gabriele Masala. Nata nel 2004 grazie alla sensibilit\u00e0 del Comune e della Pro Loco di Stintino la rassegna ha come scopo principale quello di far conoscere le varie realt\u00e0 musicali dell'isola e in particolar modo la canzone d'autore. Tanti i nomi che hanno \"esordito\" proprio a \u201cNote d'Autore\u201d: da Giuliano Rassu a Fabrizio Sanna, dai Cheri sulla Luna ai Souls of Diotima e tanti altri. Quest'anno, tra i tanti partecipanti, il ritorno sul palco dei \u201cBoba\u201d, rock band sassarese degli Settanta e tanti giovani come l'ex di \"Amici\" Marta Pedoni. <\/FONT><\/p>\n<p><FONT face=\"\">Sabato la manifestazione si aprir\u00e0 sempre alle 19 e a esibirsi sul palco ci sar\u00e0 l\u2019associazione culturale folcloristica \u201cThathari\u201d. Alle 19,30 prender\u00e0 il via la distribuzione del polpo mentre alle 22 nuova serata di musica. Questa volta a salire sul palco sar\u00e0 la band portotorrese dei Solimar. Ricostituita, dopo 20 anni, da giugno 2010 la band adesso vede riuniti gli storici Franco Solinas alla chitarra, Rino Cossa alle tastiere e Gianni Piana al basso. Nel gruppo poi sono entrati il giovane talento della chitarra solista Giuseppe Solinas, figlio di Franco, Stefano Borra alla batteria e Fabio d\u2019Onofrio alla tastiere. La loro esibizione, attesissima, riporter\u00e0 in dietro nel tempo i pi\u00f9 nostalgici al periodo del 45 giri Donne (lato A) e Veliero (lato B). Com<\/FONT><\/p>\n","protected":false},"excerpt":{"rendered":"<p>Ottava edizione della \u201cSagra del polpo\u201d ricca di novit\u00e0 e di eventi collaterali che faranno della manifestazione ideata dalla Pro Loco stintinese, con il patrocinio&#8230;<\/p>\n","protected":false},"author":2,"featured_media":0,"comment_status":"closed","ping_status":"closed","sticky":false,"template":"","format":"standard","meta":[],"categories":[49],"tags":[],"_links":{"self":[{"href":"https:\/\/www.cronacaonline.it\/index.php\/wp-json\/wp\/v2\/posts\/69261"}],"collection":[{"href":"https:\/\/www.cronacaonline.it\/index.php\/wp-json\/wp\/v2\/posts"}],"about":[{"href":"https:\/\/www.cronacaonline.it\/index.php\/wp-json\/wp\/v2\/types\/post"}],"author":[{"embeddable":true,"href":"https:\/\/www.cronacaonline.it\/index.php\/wp-json\/wp\/v2\/users\/2"}],"replies":[{"embeddable":true,"href":"https:\/\/www.cronacaonline.it\/index.php\/wp-json\/wp\/v2\/comments?post=69261"}],"version-history":[{"count":0,"href":"https:\/\/www.cronacaonline.it\/index.php\/wp-json\/wp\/v2\/posts\/69261\/revisions"}],"wp:attachment":[{"href":"https:\/\/www.cronacaonline.it\/index.php\/wp-json\/wp\/v2\/media?parent=69261"}],"wp:term":[{"taxonomy":"category","embeddable":true,"href":"https:\/\/www.cronacaonline.it\/index.php\/wp-json\/wp\/v2\/categories?post=69261"},{"taxonomy":"post_tag","embeddable":true,"href":"https:\/\/www.cronacaonline.it\/index.php\/wp-json\/wp\/v2\/tags?post=69261"}],"curies":[{"name":"wp","href":"https:\/\/api.w.org\/{rel}","templated":true}]}}