{"id":69260,"date":"2011-07-12T00:00:00","date_gmt":"2011-07-11T22:00:00","guid":{"rendered":"http:\/\/www.cronacaonline.it\/public\/content\/index.php\/2011\/07\/12\/societa-badanti-aumentano-del-25-le-famiglie-che-vi-ricorrono\/"},"modified":"2011-07-12T00:00:00","modified_gmt":"2011-07-11T22:00:00","slug":"societa-badanti-aumentano-del-25-le-famiglie-che-vi-ricorrono","status":"publish","type":"post","link":"https:\/\/www.cronacaonline.it\/index.php\/2011\/07\/12\/societa-badanti-aumentano-del-25-le-famiglie-che-vi-ricorrono\/","title":{"rendered":"Societ\u00e0 &#8211; Badanti, aumentano del 25% le famiglie che vi ricorrono."},"content":{"rendered":"<p><FONT face=\"\">Anche in Sardegna, aumenta il bisogno di badanti e colf tra le famiglie.<\/FONT><\/p>\n<p><FONT face=\"\">\u201cA livello nazionale, il loro numero, negli ultimi cinque anni, \u00e8 cresciuto del 25%. Sommando ai 664.785 lavoratori domestici individuati dall\u2019Istat nel 2008, una consistente quota di sommerso, il loro numero si attesterebbe a oltre 1.400.000 unit\u00e0\u201d. <\/FONT><\/p>\n<p><FONT face=\"\">La Presidente Regionale dell\u2019ANAP (Associazione Nazionale Anziani e Pensionati) di Confartigianato, Paola Montis, commenta un\u2019elaborazione statistica, che verr\u00e0 divulgata nei prossimi giorni, prodotta dall\u2019Ufficio Studi di Confartigianato, individuando la ragione dell\u2019incremento del fenomeno \u201cbadantato\u201d nello sbilanciamento della spesa pubblica a favore delle pensioni, piuttosto che al sostegno alle famiglie, e nel contestuale incremento della popolazione anziana.<\/FONT><\/p>\n<p><FONT face=\"\">\u201cL\u2019Italia \u2013 prosegue la Presidente Montis \u2013 destina alla spesa pensionistica il 58,4% della spesa totale per il welfare, pari a 3,7 punti di Pil. Mentre solo l\u20191,2% del nostro Pil \u00e8 riservato al sostegno dei nuclei famigliari, voce di spesa, su cui Germania, Francia e Regno unito spendono pi\u00f9 del doppio: rispettivamente 2,8%, 2,5% e 2,4%. Stesso trend anche rispetto alla voce \u201cdisabilit\u00e0-invalidit\u00e0\u201d, per la quale la spesa \u00e8 tanto esigua da posizionare l\u2019Italia al penultimo posto in Europa\u201d. <\/FONT><\/p>\n<p><FONT face=\"\">Questo squilibrio comporta un primato della componente privata nella domanda di cura e assistenza. <\/FONT><\/p>\n<p><FONT face=\"\">\u201cI dati nazionali ci dicono che ci sono 2.356.000 famiglie con almeno un disabile in casa. Il 12,5% di esse, pari a 294.000 famiglie, \u00e8 costretta ad avvalersi di un\u2019assistenza che paga di tasca propria. Il bisogno di badanti crescer\u00e0 ancora proporzionalmente all\u2019incremento del numero di anziani in Italia. La percentuale degli over 65, tra il 2001 e il 2011, \u00e8 cresciuta infatti dal 18,4% al 20,3%, un\u2019impennata pari a 1.800.000 di ultrasessantacinquenni in pi\u00f9\u201d.<\/FONT><\/p>\n<p><FONT face=\"\">Cos\u00ec, ricorrere a collaboratrici domestiche e badanti, diventa una pratica sempre pi\u00f9 diffusa, che coinvolge in larga parte lavoratori stranieri. \u201cLa quasi totalit\u00e0 di essi, l\u201988,6%, \u00e8 costituita da donne. Il 78,4% di essi \u00e8 straniero e proviene per il 47,9%, dall\u2019Est Europa: soprattutto dalla Romania (19,4%), dalla Polonia (7,7%) e dalla Moldavia (6,2%). Il progressivo invecchiamento della popolazione italiana e la crescente domanda privata di assistenza \u2013 conclude Paola Montis \u2013 anche in Sardegna dovrebbe far riflettere sull\u2019opportunit\u00e0 di rafforzare la spesa di welfare a favore delle necessit\u00e0 delle famiglie, assecondando le istanze nuove che sorgono da una popolazione sempre pi\u00f9 anziana\u201d. Red-com<\/FONT><\/p>\n<p><FONT face=\"\">&nbsp;<\/FONT><\/p>\n<p><FONT face=\"\">&nbsp;<\/FONT><\/p>\n","protected":false},"excerpt":{"rendered":"<p>Anche in Sardegna, aumenta il bisogno di badanti e colf tra le famiglie. \u201cA livello nazionale, il loro numero, negli ultimi cinque anni, \u00e8 cresciuto&#8230;<\/p>\n","protected":false},"author":2,"featured_media":0,"comment_status":"closed","ping_status":"closed","sticky":false,"template":"","format":"standard","meta":[],"categories":[49],"tags":[],"_links":{"self":[{"href":"https:\/\/www.cronacaonline.it\/index.php\/wp-json\/wp\/v2\/posts\/69260"}],"collection":[{"href":"https:\/\/www.cronacaonline.it\/index.php\/wp-json\/wp\/v2\/posts"}],"about":[{"href":"https:\/\/www.cronacaonline.it\/index.php\/wp-json\/wp\/v2\/types\/post"}],"author":[{"embeddable":true,"href":"https:\/\/www.cronacaonline.it\/index.php\/wp-json\/wp\/v2\/users\/2"}],"replies":[{"embeddable":true,"href":"https:\/\/www.cronacaonline.it\/index.php\/wp-json\/wp\/v2\/comments?post=69260"}],"version-history":[{"count":0,"href":"https:\/\/www.cronacaonline.it\/index.php\/wp-json\/wp\/v2\/posts\/69260\/revisions"}],"wp:attachment":[{"href":"https:\/\/www.cronacaonline.it\/index.php\/wp-json\/wp\/v2\/media?parent=69260"}],"wp:term":[{"taxonomy":"category","embeddable":true,"href":"https:\/\/www.cronacaonline.it\/index.php\/wp-json\/wp\/v2\/categories?post=69260"},{"taxonomy":"post_tag","embeddable":true,"href":"https:\/\/www.cronacaonline.it\/index.php\/wp-json\/wp\/v2\/tags?post=69260"}],"curies":[{"name":"wp","href":"https:\/\/api.w.org\/{rel}","templated":true}]}}