{"id":69250,"date":"2011-07-28T00:00:00","date_gmt":"2011-07-27T22:00:00","guid":{"rendered":"http:\/\/www.cronacaonline.it\/public\/content\/index.php\/2011\/07\/28\/lavori-consiglio-regionale-sardo-4-pl-83a-sul-turismo-golfistico\/"},"modified":"2011-07-28T00:00:00","modified_gmt":"2011-07-27T22:00:00","slug":"lavori-consiglio-regionale-sardo-4-pl-83a-sul-turismo-golfistico","status":"publish","type":"post","link":"https:\/\/www.cronacaonline.it\/index.php\/2011\/07\/28\/lavori-consiglio-regionale-sardo-4-pl-83a-sul-turismo-golfistico\/","title":{"rendered":"Lavori Consiglio regionale Sardo (4): Pl 83\/A sul turismo golfistico."},"content":{"rendered":"<p><SPAN style=\"LINE-HEIGHT: 115%; FONT-FAMILY: 'Times New Roman', 'serif'; COLOR: black; FONT-SIZE: 12pt; mso-fareast-font-family: 'Times New Roman'; mso-fareast-language: IT\">Il vicepresidente del Consiglio regionale, Michele Cossa, ha dato la parola al capogruppo dei Riformatori sardi, on. Pierpaolo Vargiu: Dopo due anni e mezzo di governo, una maggioranza deve anche iniziare a trarre un bilancio di quello che \u00e8 stato fatto e capire se alcune cose, previste in campagna elettorale, non sono state fatte&nbsp;&nbsp;quale sia il motivo.<\/SPAN><\/p>\n<p><SPAN style=\"LINE-HEIGHT: 115%; FONT-FAMILY: 'Times New Roman', 'serif'; COLOR: black; FONT-SIZE: 12pt; mso-fareast-font-family: 'Times New Roman'; mso-fareast-language: IT\">Vargiu ha poi spiegato come i giornali attribuiscano ai Riformatori un\u2019importanza eccessiva sulla genesi di questa proposta di legge: <A href=\"javascript:mails_addtocal(1,%22Oggi%22);\"><SPAN style=\"COLOR: #ff8000\">Oggi<\/SPAN><\/A>&nbsp;questa non \u00e8 pi\u00f9 la legge dei Riformatori, ma di questa maggioranza. \u00c8 una legge di infrastrutturazione e di sviluppo economico: attrarr\u00e0 flussi internazionali e aiuter\u00e0 a destagionalizzare il turismo in Sardegna. Poi Vargiu ha aggiunto: \u00e8 una legge che serve per dare da mangiare ai sardi. E a Soru ha detto: Se Soru conosce le risorse economiche da mettere a disposizione per questa legge, senza intervenire sulle cubature, io sono d\u2019accordo. Ma non mi sembra che ci siano. Vargiu ha esortato, infine, il centrosinistra a non sottrarsi alla discussione su questa legge e a non chiedere il voto segreto per il passaggio agli articoli.<\/SPAN><\/p>\n<p><SPAN style=\"FONT-FAMILY: 'Times New Roman', 'serif'; COLOR: black; FONT-SIZE: 12pt; mso-fareast-font-family: 'Times New Roman'; mso-fareast-language: IT\">Nanni Campus (Pdl), nel suo intervento sulla Pl sul turismo golfistico, ha affermato: Non capisco le posizioni strumentali. E rivolgendosi a Mario Bruno (Pd) ha aggiunto: Pensa che le mozioni all\u2019ordine del giorno siano pi\u00f9 importanti, pi\u00f9 di una legge che punta sullo sviluppo del turismo. Campus ha poi anche sottolineato: Non ho apprezzato l\u2019ultimatum di ieri, non si pu\u00f2 fare una brutta legge solo per reggere una maggioranza, e questa \u00e8 una legge importante e meritoria.<\/SPAN><\/p>\n<p><SPAN style=\"FONT-FAMILY: 'Times New Roman', 'serif'; COLOR: black; FONT-SIZE: 12pt; mso-fareast-font-family: 'Times New Roman'; mso-fareast-language: IT\">Se non possiamo permetterci - ha aggiunto l\u2019esponente della maggioranza - investimenti finanziari diretti, perch\u00e9 non sarebbe giusto, e capire quanto siamo disponibili a spendere per quanto riguarda l\u2019utilizzo del territorio per entrare nel circuito del turismo internazionale golfistico. Citando poi l\u2019esempio dell\u2019Andalusia, che sta investendo sul turismo golfistico, Campus ha chiesto all\u2019Aula: Possiamo non arrivare sempre ultimi? In conclusione, per l\u2019esponente del Pdl questa legge sarebbe dovuta arrivare dalla Giunta.&nbsp;<\/SPAN><\/p>\n<p><SPAN style=\"mso-fareast-language: IT\"><FONT face=Calibri>&nbsp;<\/FONT><\/SPAN><\/p>\n<p><SPAN style=\"mso-fareast-language: IT\"><FONT face=Calibri>&nbsp;<\/FONT><\/SPAN><\/p>\n<p><\/SPAN>&nbsp;<\/p>\n","protected":false},"excerpt":{"rendered":"<p>Il vicepresidente del Consiglio regionale, Michele Cossa, ha dato la parola al capogruppo dei Riformatori sardi, on. Pierpaolo Vargiu: Dopo due anni e mezzo di&#8230;<\/p>\n","protected":false},"author":2,"featured_media":0,"comment_status":"closed","ping_status":"closed","sticky":false,"template":"","format":"standard","meta":[],"categories":[49],"tags":[],"_links":{"self":[{"href":"https:\/\/www.cronacaonline.it\/index.php\/wp-json\/wp\/v2\/posts\/69250"}],"collection":[{"href":"https:\/\/www.cronacaonline.it\/index.php\/wp-json\/wp\/v2\/posts"}],"about":[{"href":"https:\/\/www.cronacaonline.it\/index.php\/wp-json\/wp\/v2\/types\/post"}],"author":[{"embeddable":true,"href":"https:\/\/www.cronacaonline.it\/index.php\/wp-json\/wp\/v2\/users\/2"}],"replies":[{"embeddable":true,"href":"https:\/\/www.cronacaonline.it\/index.php\/wp-json\/wp\/v2\/comments?post=69250"}],"version-history":[{"count":0,"href":"https:\/\/www.cronacaonline.it\/index.php\/wp-json\/wp\/v2\/posts\/69250\/revisions"}],"wp:attachment":[{"href":"https:\/\/www.cronacaonline.it\/index.php\/wp-json\/wp\/v2\/media?parent=69250"}],"wp:term":[{"taxonomy":"category","embeddable":true,"href":"https:\/\/www.cronacaonline.it\/index.php\/wp-json\/wp\/v2\/categories?post=69250"},{"taxonomy":"post_tag","embeddable":true,"href":"https:\/\/www.cronacaonline.it\/index.php\/wp-json\/wp\/v2\/tags?post=69250"}],"curies":[{"name":"wp","href":"https:\/\/api.w.org\/{rel}","templated":true}]}}