{"id":69241,"date":"2011-07-28T00:00:00","date_gmt":"2011-07-27T22:00:00","guid":{"rendered":"http:\/\/www.cronacaonline.it\/public\/content\/index.php\/2011\/07\/28\/fango-sul-pd-civati-in-un-intervista-critica-bersani-e-i-giornali-di-destra-per-la-speculazione-politica\/"},"modified":"2011-07-28T00:00:00","modified_gmt":"2011-07-27T22:00:00","slug":"fango-sul-pd-civati-in-un-intervista-critica-bersani-e-i-giornali-di-destra-per-la-speculazione-politica","status":"publish","type":"post","link":"https:\/\/www.cronacaonline.it\/index.php\/2011\/07\/28\/fango-sul-pd-civati-in-un-intervista-critica-bersani-e-i-giornali-di-destra-per-la-speculazione-politica\/","title":{"rendered":"Fango sul Pd, Civati in un intervista critica Bersani e i giornali di destra per la speculazione politica."},"content":{"rendered":"<p><SPAN class=apple-style-span><SPAN style=\"LINE-HEIGHT: 115%; FONT-FAMILY: 'Arial', 'sans-serif'; COLOR: black; FONT-SIZE: 10.5pt\">\"La proposta pi\u00f9 dirompente \u00e8 quella di selezionare chi va in Parlamento e chi ricopre gli incarichi, sulla base di meriti politici, della qualit\u00e0 delle relazioni che si mantengono e anche della trasparenza e di uno stile che non possa essere mai sospettato di nulla\". Cos\u00ec Pippo Civati, consigliere regionale della Lombardia per il Pd, in un'intervista a Pierluigi Mele sul blog di Rainews.<\/SPAN><\/SPAN><\/p>\n<p><SPAN class=apple-style-span><SPAN style=\"LINE-HEIGHT: 115%; FONT-FAMILY: 'Arial', 'sans-serif'; COLOR: black; FONT-SIZE: 10.5pt\">\"In Parlamento debbono andare i migliori - dice Civati -non gli amici degli amici, i segretari, i parenti, gli uomini di apparato. E' cos\u00ec che si formano e vivono le cricche, i gruppi di potere\". Per questo Civati propone \"primarie per scegliere i parlamentari, preferenza se rimane il 'porcellum', limite negli incarichi parlamentari, non pi\u00f9 di due\".<\/SPAN><\/SPAN><SPAN style=\"LINE-HEIGHT: 115%; FONT-FAMILY: 'Arial', 'sans-serif'; COLOR: black; FONT-SIZE: 10.5pt\"><BR><BR><SPAN class=apple-style-span>In un'intervista al<\/SPAN><SPAN class=apple-converted-space>&nbsp;<\/SPAN><EM><SPAN style=\"FONT-FAMILY: 'Arial', 'sans-serif'\">Mattino<\/SPAN><\/EM><SPAN class=apple-converted-space><I>&nbsp;<\/I><\/SPAN><SPAN class=apple-style-span>Civati spiega che \"nei rapporti con i finanziatori ci vuole sempre e comunque la trasparenza\". \"Non mi \u00e8 piaciuto il tono usato da Bersani nella conferenza stampa. Era irritato\", dice Civati, secondo cui la campagna sulla questione morale \"non&nbsp;\u00e8 solo fango\". \"Mi irritano gli attacchi e i toni dei giornali della destra, ma non si pu\u00f2 tacere sull'esistenza delle cricche. E' indicativo il<\/SPAN><BR><SPAN class=apple-style-span>caso di Franco Pronzato, uno che peraltro ha chiesto di patteggiare, ammettendo cos\u00ec implicitamente le sue responsabilit\u00e0\". Quanto a Penati, \"qui il caso \u00e8 diverso. Le accuse vanno ancora tutte verificate e circostanziate\".<\/SPAN><\/SPAN><\/p>\n<p><SPAN class=apple-style-span><SPAN style=\"LINE-HEIGHT: 115%; FONT-FAMILY: 'Arial', 'sans-serif'; COLOR: black; FONT-SIZE: 10.5pt\">E a Mele Penati dice: \"Io prima di procedere alla condanna di Penati aspetterei le indagini ed eventualmente il rinvio a giudizio e il processo. Da un punto di vista politico \u00e8 del tutto evidente che Bersani si sente chiamato in causa perch\u00e9 Penati \u00e8 stato il suo braccio destro, scrive qualcuno, soprattutto nella fase congressuale, per cui non sorprende che ci sia la necessit\u00e0, anche da parte sua, di rilevare che un atteggiamento ancora pi\u00f9 rigoroso e pi\u00f9 attento possa essere chiesto a tutti, al PD, ma alla politica italiana nel suo complesso\".&nbsp;<\/SPAN><\/SPAN><\/SPAN><SPAN style=\"mso-fareast-language: IT\"><\/SPAN><\/p>\n","protected":false},"excerpt":{"rendered":"<p>&#8220;La proposta pi\u00f9 dirompente \u00e8 quella di selezionare chi va in Parlamento e chi ricopre gli incarichi, sulla base di meriti politici, della qualit\u00e0 delle&#8230;<\/p>\n","protected":false},"author":2,"featured_media":0,"comment_status":"closed","ping_status":"closed","sticky":false,"template":"","format":"standard","meta":[],"categories":[49],"tags":[],"_links":{"self":[{"href":"https:\/\/www.cronacaonline.it\/index.php\/wp-json\/wp\/v2\/posts\/69241"}],"collection":[{"href":"https:\/\/www.cronacaonline.it\/index.php\/wp-json\/wp\/v2\/posts"}],"about":[{"href":"https:\/\/www.cronacaonline.it\/index.php\/wp-json\/wp\/v2\/types\/post"}],"author":[{"embeddable":true,"href":"https:\/\/www.cronacaonline.it\/index.php\/wp-json\/wp\/v2\/users\/2"}],"replies":[{"embeddable":true,"href":"https:\/\/www.cronacaonline.it\/index.php\/wp-json\/wp\/v2\/comments?post=69241"}],"version-history":[{"count":0,"href":"https:\/\/www.cronacaonline.it\/index.php\/wp-json\/wp\/v2\/posts\/69241\/revisions"}],"wp:attachment":[{"href":"https:\/\/www.cronacaonline.it\/index.php\/wp-json\/wp\/v2\/media?parent=69241"}],"wp:term":[{"taxonomy":"category","embeddable":true,"href":"https:\/\/www.cronacaonline.it\/index.php\/wp-json\/wp\/v2\/categories?post=69241"},{"taxonomy":"post_tag","embeddable":true,"href":"https:\/\/www.cronacaonline.it\/index.php\/wp-json\/wp\/v2\/tags?post=69241"}],"curies":[{"name":"wp","href":"https:\/\/api.w.org\/{rel}","templated":true}]}}