{"id":69114,"date":"2011-07-12T00:00:00","date_gmt":"2011-07-11T22:00:00","guid":{"rendered":"http:\/\/www.cronacaonline.it\/public\/content\/index.php\/2011\/07\/12\/dichiarazione-dellassessore-provinciale-di-nuoro-allambiente-e-agricoltura-su-incontro-della-consulta-provinciale-del-settore-primario\/"},"modified":"2011-07-12T00:00:00","modified_gmt":"2011-07-11T22:00:00","slug":"dichiarazione-dellassessore-provinciale-di-nuoro-allambiente-e-agricoltura-su-incontro-della-consulta-provinciale-del-settore-primario","status":"publish","type":"post","link":"https:\/\/www.cronacaonline.it\/index.php\/2011\/07\/12\/dichiarazione-dellassessore-provinciale-di-nuoro-allambiente-e-agricoltura-su-incontro-della-consulta-provinciale-del-settore-primario\/","title":{"rendered":"Dichiarazione dell&#8217;assessore provinciale di Nuoro all&#8217;ambiente e agricoltura su incontro della Consulta provinciale del settore primario"},"content":{"rendered":"<p><SPAN style=\"LINE-HEIGHT: 115%; FONT-FAMILY: 'Verdana', 'sans-serif'; FONT-SIZE: 12pt; mso-fareast-language: IT\">Si \u00e8 tenuta&nbsp;ieri mattina, nei locali della Provincia di Nuoro, la riunione della&nbsp;<B>Consulta Provinciale del Settore Primario<\/B>, convocata con urgenza dall\u2019assessore provinciale all\u2019Ambiente e all\u2019Agricoltura Franco Corosu, dopo l\u2019incontro tenutosi la settimana scorsa tra gli operatori delle aziende agrituristiche e il Presidente della Provincia Roberto Deriu.<\/SPAN><\/p>\n<p><SPAN style=\"LINE-HEIGHT: 115%; FONT-FAMILY: 'Verdana', 'sans-serif'; FONT-SIZE: 12pt; mso-fareast-language: IT\">All\u2019incontro hanno partecipato i rappresentanti delle Associazioni di Categoria che hanno esaminato la situazione relativa alle aziende agrituristiche e, in particolare, hanno espresso la loro preoccupazione in merito all\u2019attuazione della nuova normativa regionale in materia di promozione della qualit\u00e0 dei prodotti della Sardegna, della concorrenza e della tutela ambientale, che rischia di paralizzare l\u2019attivit\u00e0 delle aziende agrituristiche e di metterne a repentaglio la sopravvivenza.<\/SPAN><\/p>\n<p><SPAN style=\"LINE-HEIGHT: 115%; FONT-FAMILY: 'Verdana', 'sans-serif'; FONT-SIZE: 12pt; mso-fareast-language: IT\">Dopo aver affrontato le varie problematiche e preso atto delle principali criticit\u00e0 evidenziate dalle Associazioni di categoria del settore, la&nbsp;<B>Consulta Provinciale si \u00e8 assunta l'impegno di approfondire le diverse tematiche al fine di elaborare una proposta normativa unitaria, concreta e operativa, da presentare ai competenti organi regionali.<\/B><\/SPAN><\/p>\n<p><SPAN style=\"LINE-HEIGHT: 115%; FONT-FAMILY: 'Verdana', 'sans-serif'; FONT-SIZE: 12pt; mso-fareast-language: IT\">\u201cIl nostro sar\u00e0 un impegno concreto a sostegno dell\u2019economia e dei valori del territorio per salvaguardare la possibilit\u00e0 delle nostre aziende di produrre e di lavorare serenamente e senza ostacoli &nbsp;- ha dichiarato l\u2019Assessore provinciale Franco Corosu -&nbsp; Gi\u00e0 nei giorni scorsi il Presidente Deriu ha inviato una lettera al Presidente della Regione Cappellacci per&nbsp;chiedere un intervento urgente affinch\u00e9 venga valutata la possibilit\u00e0 di apportare delle modifiche alla legislazione in materia, per favorire il proseguimento delle attivit\u00e0 delle aziende del territorio. La Provincia \u2013 ha sottolineato Corosu -&nbsp;&nbsp;avvier\u00e0 poi altri interventi, a partire dalla Formazione, indirizzando parte dei fondi dei percorsi formativi alle aziende agrituristiche.&nbsp;A breve verranno invitati i Consiglieri regionali del territorio ad un incontro con gli operatori del settore per un nuovo momento di discussione. Il presidente Deriu chieder\u00e0 poi un\u2019audizione dell\u2019Unione Province Sarde alla Commissione Regionale Agricoltura\".<\/SPAN><\/p>\n<p><SPAN style=\"LINE-HEIGHT: 115%; FONT-FAMILY: 'Verdana', 'sans-serif'; FONT-SIZE: 12pt; mso-fareast-language: IT\">Il Presidente Deriu,&nbsp;nel corso dell'ultimo incontro, &nbsp;in qualit\u00e0 di presidente della&nbsp;Conferenza d\u2019Azienda Sanitaria, ha inoltre annunciato la convocazione a breve della Conferenza provinciale Sanitaria e Socio Sanitaria nella quale si avvier\u00e0 una interlocuzione con la Asl n. 3 per stabilire un codice di comportamento idoneo e abbassare il livello di allarmismo generato dalle nuove disposizioni in materia di regole igienico sanitarie. Com<\/SPAN><\/p>\n<p><\/SPAN><\/p>\n","protected":false},"excerpt":{"rendered":"<p>Si \u00e8 tenuta&nbsp;ieri mattina, nei locali della Provincia di Nuoro, la riunione della&nbsp;Consulta Provinciale del Settore Primario, convocata con urgenza dall\u2019assessore provinciale all\u2019Ambiente e all\u2019Agricoltura&#8230;<\/p>\n","protected":false},"author":2,"featured_media":9920,"comment_status":"closed","ping_status":"closed","sticky":false,"template":"","format":"standard","meta":[],"categories":[49],"tags":[],"_links":{"self":[{"href":"https:\/\/www.cronacaonline.it\/index.php\/wp-json\/wp\/v2\/posts\/69114"}],"collection":[{"href":"https:\/\/www.cronacaonline.it\/index.php\/wp-json\/wp\/v2\/posts"}],"about":[{"href":"https:\/\/www.cronacaonline.it\/index.php\/wp-json\/wp\/v2\/types\/post"}],"author":[{"embeddable":true,"href":"https:\/\/www.cronacaonline.it\/index.php\/wp-json\/wp\/v2\/users\/2"}],"replies":[{"embeddable":true,"href":"https:\/\/www.cronacaonline.it\/index.php\/wp-json\/wp\/v2\/comments?post=69114"}],"version-history":[{"count":0,"href":"https:\/\/www.cronacaonline.it\/index.php\/wp-json\/wp\/v2\/posts\/69114\/revisions"}],"wp:featuredmedia":[{"embeddable":true,"href":"https:\/\/www.cronacaonline.it\/index.php\/wp-json\/"}],"wp:attachment":[{"href":"https:\/\/www.cronacaonline.it\/index.php\/wp-json\/wp\/v2\/media?parent=69114"}],"wp:term":[{"taxonomy":"category","embeddable":true,"href":"https:\/\/www.cronacaonline.it\/index.php\/wp-json\/wp\/v2\/categories?post=69114"},{"taxonomy":"post_tag","embeddable":true,"href":"https:\/\/www.cronacaonline.it\/index.php\/wp-json\/wp\/v2\/tags?post=69114"}],"curies":[{"name":"wp","href":"https:\/\/api.w.org\/{rel}","templated":true}]}}