{"id":69059,"date":"2011-07-08T00:00:00","date_gmt":"2011-07-07T22:00:00","guid":{"rendered":"http:\/\/www.cronacaonline.it\/public\/content\/index.php\/2011\/07\/08\/provincia-di-cagliari-continua-lo-strazio-dei-trasporti\/"},"modified":"2011-07-08T00:00:00","modified_gmt":"2011-07-07T22:00:00","slug":"provincia-di-cagliari-continua-lo-strazio-dei-trasporti","status":"publish","type":"post","link":"https:\/\/www.cronacaonline.it\/index.php\/2011\/07\/08\/provincia-di-cagliari-continua-lo-strazio-dei-trasporti\/","title":{"rendered":"Provincia di Cagliari: Continua lo strazio dei trasporti."},"content":{"rendered":"<p><SPAN style=\"LINE-HEIGHT: 115%; FONT-FAMILY: 'Verdana', 'sans-serif'; FONT-SIZE: 12pt; mso-fareast-language: AR-SA\">\"Il ritardo di oltre 4 ore del traghetto Nomentana della Tirrenia, coi gravi disagi che i viaggiatori hanno dovuto subire durante la traversata, dai disservizi igienici alla mancanza di informazioni, \u00e8 solo l' ultimo episodio di una lunga e tormentata vicenda che vede i sardi e migliaia di viaggiatori ostaggi di una Compagnia di navigazione in liquidazione da mesi, una Compagnia che compromette lo sviluppo e gli investimenti che gli Enti locali promuovono faticosamente nel territorio e che poi rischiano di essere vanificati proprio da questi disagi\". Cos\u00ec l'assessore provinciale al Turismo e alle Attivit\u00e0 produttive, Piero Comandini, che aggiunge: \"Quest'anno pare che si sia abbattuta una maledizione sull'Isola: il caro traghetti, una privatizzazione senza fine della Tirrenia, che ha visto escluso il sistema degli Enti locali e di cui non si conosce il piano industriale, una flotta sarda che per scelta della Regione ha tagliato in due la Sardegna, collegando solo i porti del centro-nord dell'Isola, ebbene, tutto questo sta mettendo in ginocchio l'economia del sud Sardegna e non solo sul versante turistico\". Per Comandini \"se da una parte questa situazione del trasporto marittimo isolano non \u00e8 pi\u00f9 tollerabile - e non pu\u00f2 quindi essere accettata - dall'altra la Regione non pu\u00f2 limitarsi ad una sterile e generica riproposizione di slogan, anche se accompagnati da azioni di marketing, di cui peraltro, a fine stagione turistica si dovr\u00e0 valutare la bont\u00e0, ma piuttosto deve trovare la forza per far sentire a livello centrale l\u2019indignazione di tutti i sardi, affinch\u00e8<SPAN style=\"mso-spacerun: yes\">&nbsp; <\/SPAN>all'Isola vengano garantite, da subito, le stesse opportunit\u00e0<SPAN style=\"mso-spacerun: yes\">&nbsp; <\/SPAN>di mobilita che hanno gli altri cittadini nel resto d'Italia\".<\/SPAN><\/p>\n<p><SPAN style=\"LINE-HEIGHT: 115%; FONT-FAMILY: 'Verdana', 'sans-serif'; FONT-SIZE: 12pt; mso-fareast-language: AR-SA\">\"Sul fonte dei trasporti marittimi - ha concluso l'assessore - i sardi tutti hanno diritto di conoscere che futuro attende la Sardegna - mentre la classe dirigente sarda ha invece il dovere di dare risposte strutturali e definitive, senza scadere nella facile demagogia o, ancor peggio, in azioni populistiche e improvvisate, che se al momento possono anche attenuare i danni derivanti dall'emergenza, nell'ottica di un pi\u00f9 ampio orizzonte rischiano invece di trasformarsi nella pietra tombale delle gi\u00e0 sofferenti risorse pubbliche e dell'agonizzante economia sarda\". Red<\/SPAN><\/p>\n","protected":false},"excerpt":{"rendered":"<p>&#8220;Il ritardo di oltre 4 ore del traghetto Nomentana della Tirrenia, coi gravi disagi che i viaggiatori hanno dovuto subire durante la traversata, dai disservizi&#8230;<\/p>\n","protected":false},"author":2,"featured_media":9947,"comment_status":"closed","ping_status":"closed","sticky":false,"template":"","format":"standard","meta":[],"categories":[49],"tags":[],"_links":{"self":[{"href":"https:\/\/www.cronacaonline.it\/index.php\/wp-json\/wp\/v2\/posts\/69059"}],"collection":[{"href":"https:\/\/www.cronacaonline.it\/index.php\/wp-json\/wp\/v2\/posts"}],"about":[{"href":"https:\/\/www.cronacaonline.it\/index.php\/wp-json\/wp\/v2\/types\/post"}],"author":[{"embeddable":true,"href":"https:\/\/www.cronacaonline.it\/index.php\/wp-json\/wp\/v2\/users\/2"}],"replies":[{"embeddable":true,"href":"https:\/\/www.cronacaonline.it\/index.php\/wp-json\/wp\/v2\/comments?post=69059"}],"version-history":[{"count":0,"href":"https:\/\/www.cronacaonline.it\/index.php\/wp-json\/wp\/v2\/posts\/69059\/revisions"}],"wp:featuredmedia":[{"embeddable":true,"href":"https:\/\/www.cronacaonline.it\/index.php\/wp-json\/"}],"wp:attachment":[{"href":"https:\/\/www.cronacaonline.it\/index.php\/wp-json\/wp\/v2\/media?parent=69059"}],"wp:term":[{"taxonomy":"category","embeddable":true,"href":"https:\/\/www.cronacaonline.it\/index.php\/wp-json\/wp\/v2\/categories?post=69059"},{"taxonomy":"post_tag","embeddable":true,"href":"https:\/\/www.cronacaonline.it\/index.php\/wp-json\/wp\/v2\/tags?post=69059"}],"curies":[{"name":"wp","href":"https:\/\/api.w.org\/{rel}","templated":true}]}}