{"id":69022,"date":"2011-07-05T00:00:00","date_gmt":"2011-07-04T22:00:00","guid":{"rendered":"http:\/\/www.cronacaonline.it\/public\/content\/index.php\/2011\/07\/05\/inaugurazione-del-primo-totem-informazioni-turistiche-ad-alghero\/"},"modified":"2011-07-05T00:00:00","modified_gmt":"2011-07-04T22:00:00","slug":"inaugurazione-del-primo-totem-informazioni-turistiche-ad-alghero","status":"publish","type":"post","link":"https:\/\/www.cronacaonline.it\/index.php\/2011\/07\/05\/inaugurazione-del-primo-totem-informazioni-turistiche-ad-alghero\/","title":{"rendered":"Inaugurazione del primo totem informazioni turistiche ad Alghero."},"content":{"rendered":"<p><SPAN style=\"FONT-FAMILY: 'Verdana', 'sans-serif'; mso-fareast-language: IT\">Dieci totem on-line e multilingue, collegati ai siti di informazione turistica del Sistema Turistico Locale \u201cSardegna Nord Ovest\u201d \u2013 <\/SPAN><SPAN style=\"FONT-FAMILY: 'Verdana', 'sans-serif'\"><A href=\"http:\/\/www.ssardegna.it\/\"><SPAN style=\"COLOR: windowtext; TEXT-DECORATION: none; mso-fareast-language: IT; text-underline: none\">www.ssardegna.it<\/SPAN><\/A><\/SPAN><SPAN style=\"FONT-FAMILY: 'Verdana', 'sans-serif'; mso-fareast-language: IT\"> e <\/SPAN><SPAN style=\"FONT-FAMILY: 'Verdana', 'sans-serif'\"><A href=\"http:\/\/www.ssardinia.com\/\"><SPAN style=\"COLOR: windowtext; TEXT-DECORATION: none; mso-fareast-language: IT; text-underline: none\">www.ssardinia.com<\/SPAN><\/A><\/SPAN><SPAN style=\"FONT-FAMILY: 'Verdana', 'sans-serif'; mso-fareast-language: IT\"> \u2013 per consentire la consultazione a distanza di tutte le informazioni sul territorio.<\/SPAN><\/p>\n<p><SPAN style=\"FONT-FAMILY: 'Verdana', 'sans-serif'; mso-fareast-language: IT\">\u00c8 l\u2019iniziativa che verr\u00e0 presentata venerd\u00ec 8 luglio alle 11 all\u2019aeroporto \u201cRiviera del Corallo\u201d di Fertilia. Sar\u00e0 quella l\u2019occasione per l\u2019attivazione e l\u2019inaugurazione del primo dei totem che verranno installati sul territorio provinciale. Interverranno Alessandra Giudici, presidente della Provincia e dell\u2019Stl, Leonardo Marras, presidente della Krene, <\/SPAN><SPAN style=\"FONT-FAMILY: 'Verdana', 'sans-serif'\">l\u2019azienda di sviluppo software e system integration che ha realizzato i totem. <\/SPAN><SPAN style=\"FONT-FAMILY: 'Verdana', 'sans-serif'; mso-fareast-language: IT\">Insieme a loro i rappresentanti dell\u2019area commerciale del Gruppo Bassilichi, societ\u00e0 cui Krene fa capo, e della Sogeaal, la societ\u00e0 pubblica che gestisce lo scalo aeroportuale del Nord Ovest Sardegna.<\/SPAN><\/p>\n<p><SPAN style=\"FONT-FAMILY: 'Verdana', 'sans-serif'\">I totem svolgeranno una funzione di supporto agli Iat, i centri di informazione turistica operanti in Provincia di Sassari, e garantiranno la continuit\u00e0 del servizio negli orari di chiusura degli uffici. La funzionalit\u00e0 dei totem consentir\u00e0 ai turisti un accesso alle informazioni 24 ore su 24 e la stampa del materiale consultato, cos\u00ec da permettere a ciascun visitatore di crearsi una guida turistica personalizzata e portatile.<\/SPAN><\/p>\n<p><SPAN style=\"FONT-FAMILY: 'Verdana', 'sans-serif'\">Oltre a quello che verr\u00e0 attivato in aeroporto, \u00e8 prevista l\u2019installazione dei totem ad Alghero, Castelsardo, Ozieri, Porto Torres, Sassari, Sorso, Stintino, Valledoria e all\u2019aeroporto di Olbia.<\/SPAN><\/p>\n<p><SPAN style=\"FONT-FAMILY: 'Verdana', 'sans-serif'\">Il totem \u00e8 stato realizzato nel rispetto delle normative contro le barriere architettoniche, cos\u00ec da facilitare l\u2019accesso ai diversamente abili. Inoltre, particolare attenzione \u00e8 stata rivolta alla realizzazione di terminali con caratteristiche di ecocompatibilit\u00e0. Com<\/SPAN><\/p>\n","protected":false},"excerpt":{"rendered":"<p>Dieci totem on-line e multilingue, collegati ai siti di informazione turistica del Sistema Turistico Locale \u201cSardegna Nord Ovest\u201d \u2013 www.ssardegna.it e www.ssardinia.com \u2013 per consentire&#8230;<\/p>\n","protected":false},"author":2,"featured_media":0,"comment_status":"closed","ping_status":"closed","sticky":false,"template":"","format":"standard","meta":[],"categories":[49],"tags":[],"_links":{"self":[{"href":"https:\/\/www.cronacaonline.it\/index.php\/wp-json\/wp\/v2\/posts\/69022"}],"collection":[{"href":"https:\/\/www.cronacaonline.it\/index.php\/wp-json\/wp\/v2\/posts"}],"about":[{"href":"https:\/\/www.cronacaonline.it\/index.php\/wp-json\/wp\/v2\/types\/post"}],"author":[{"embeddable":true,"href":"https:\/\/www.cronacaonline.it\/index.php\/wp-json\/wp\/v2\/users\/2"}],"replies":[{"embeddable":true,"href":"https:\/\/www.cronacaonline.it\/index.php\/wp-json\/wp\/v2\/comments?post=69022"}],"version-history":[{"count":0,"href":"https:\/\/www.cronacaonline.it\/index.php\/wp-json\/wp\/v2\/posts\/69022\/revisions"}],"wp:attachment":[{"href":"https:\/\/www.cronacaonline.it\/index.php\/wp-json\/wp\/v2\/media?parent=69022"}],"wp:term":[{"taxonomy":"category","embeddable":true,"href":"https:\/\/www.cronacaonline.it\/index.php\/wp-json\/wp\/v2\/categories?post=69022"},{"taxonomy":"post_tag","embeddable":true,"href":"https:\/\/www.cronacaonline.it\/index.php\/wp-json\/wp\/v2\/tags?post=69022"}],"curies":[{"name":"wp","href":"https:\/\/api.w.org\/{rel}","templated":true}]}}