{"id":68968,"date":"2011-06-28T00:00:00","date_gmt":"2011-06-27T22:00:00","guid":{"rendered":"http:\/\/www.cronacaonline.it\/public\/content\/index.php\/2011\/06\/28\/tar-sardegna-domani-esame-ricorso-su-giunta-regionale-maschile\/"},"modified":"2011-06-28T00:00:00","modified_gmt":"2011-06-27T22:00:00","slug":"tar-sardegna-domani-esame-ricorso-su-giunta-regionale-maschile","status":"publish","type":"post","link":"https:\/\/www.cronacaonline.it\/index.php\/2011\/06\/28\/tar-sardegna-domani-esame-ricorso-su-giunta-regionale-maschile\/","title":{"rendered":"Tar Sardegna: domani esame ricorso su giunta regionale maschile"},"content":{"rendered":"<p><SPAN style=\"LINE-HEIGHT: 115%; FONT-FAMILY: 'Verdana', 'sans-serif'; FONT-SIZE: 12pt; mso-fareast-language: IT\">\u201cIl ricorso al TAR contro la Giunta regionale senza rappresentanza di donne ha un alto valore simbolico. L\u2019associazione SdR, che ha aderito all\u2019iniziativa promossa dalla consigliera regionale Francesca Barracciu, sar\u00e0 presente con una delegazione davanti alla sede del Tribunale Amministrativo per esprimere una particolare attenzione verso una questione sottovalutata\u201d. Lo afferma Maria Grazia Caligaris, presidente di \u201cSocialismo Diritti Riforme\u201d con riferimento alla seduta del TAR che&nbsp;<A href=\"javascript:mails_addtocal(2,%22domani%22);\"><SPAN style=\"COLOR: #ff8000\">domani<\/SPAN><\/A>, mercoled\u00ec 29 giugno, esaminer\u00e0 il ricorso, depositato lo scorso 26 novembre, con cui si chiede l\u2019annullamento&nbsp; del decreto con il quale il Presidente della Regione Sardegna ha nominato componenti della Giunta esclusivamente rappresentanti di sesso maschile.<\/SPAN><\/p>\n<p><SPAN style=\"LINE-HEIGHT: 115%; FONT-FAMILY: 'Verdana', 'sans-serif'; FONT-SIZE: 12pt; mso-fareast-language: IT\">\u201cL\u2019iniziativa \u2013 sottolinea Caligaris -&nbsp;&nbsp;\u00e8 e resta un segnale forte della societ\u00e0 nei confronti di un atto discriminatorio che umilia, negandole, le competenze e professionalit\u00e0 femminili della Sardegna. E\u2019 infatti evidente che quella decisione del Presidente della Regione orienta l\u2019opinione pubblica a ritenere che una parte consistente della societ\u00e0 sarda, quella femminile non sia in grado di svolgere un compito istituzionale di governo. Ci\u00f2 significa in sostanza disconoscere il livello di emancipazione economico, sociale e culturale delle donne sarde ma anche affermare che nella nostra isola si sostiene e valorizza una societ\u00e0 iniqua\u201d.<\/SPAN><\/p>\n<p><SPAN style=\"LINE-HEIGHT: 115%; FONT-FAMILY: 'Verdana', 'sans-serif'; FONT-SIZE: 12pt; mso-fareast-language: IT\">\u201cUna Giunta che esclude le competenze femminili \u2013 afferma ancora la presidente di SDR \u2013 lede anche l\u2019immagine dell\u2019isola facendola apparire come una terra misogina che non vuole utilizzare per la soluzione dei gravi problemi che l\u2019affliggono il contributo delle migliori intelligenze. Quello proposto dal Presidente della Regione \u00e8 un modello di societ\u00e0 ancorato a una concezione maschile dell\u2019esercizio del potere. Il Consiglio regionale e la Giunta sono luoghi istituzionali di rappresentanza. Non \u00e8 accettabile che possano essere gestiti secondo logiche medievali, come feudi da assegnare a piacimento dal padrone di turno. Devono esprimere la realt\u00e0 sociale e rispondere del loro operato alla cittadinanza. Non \u00e8 quindi un problema delle donne quello evidenziato dalla Giunta di Ugo Cappellacci ma delle forze politiche e della societ\u00e0\u201d.<\/SPAN><\/p>\n<p><SPAN style=\"LINE-HEIGHT: 115%; FONT-FAMILY: 'Verdana', 'sans-serif'; FONT-SIZE: 12pt; mso-fareast-language: IT\"><SPAN style=\"mso-spacerun: yes\">&nbsp;<\/SPAN>\u201cA prescindere dal risultato del ricorso al TAR,&nbsp;il gesto del Presidente della Regione rester\u00e0 nella memoria come un atto squalificante della politica\u201d. Red<\/SPAN><\/p>\n","protected":false},"excerpt":{"rendered":"<p>\u201cIl ricorso al TAR contro la Giunta regionale senza rappresentanza di donne ha un alto valore simbolico. L\u2019associazione SdR, che ha aderito all\u2019iniziativa promossa dalla&#8230;<\/p>\n","protected":false},"author":2,"featured_media":9617,"comment_status":"closed","ping_status":"closed","sticky":false,"template":"","format":"standard","meta":[],"categories":[49],"tags":[],"_links":{"self":[{"href":"https:\/\/www.cronacaonline.it\/index.php\/wp-json\/wp\/v2\/posts\/68968"}],"collection":[{"href":"https:\/\/www.cronacaonline.it\/index.php\/wp-json\/wp\/v2\/posts"}],"about":[{"href":"https:\/\/www.cronacaonline.it\/index.php\/wp-json\/wp\/v2\/types\/post"}],"author":[{"embeddable":true,"href":"https:\/\/www.cronacaonline.it\/index.php\/wp-json\/wp\/v2\/users\/2"}],"replies":[{"embeddable":true,"href":"https:\/\/www.cronacaonline.it\/index.php\/wp-json\/wp\/v2\/comments?post=68968"}],"version-history":[{"count":0,"href":"https:\/\/www.cronacaonline.it\/index.php\/wp-json\/wp\/v2\/posts\/68968\/revisions"}],"wp:featuredmedia":[{"embeddable":true,"href":"https:\/\/www.cronacaonline.it\/index.php\/wp-json\/"}],"wp:attachment":[{"href":"https:\/\/www.cronacaonline.it\/index.php\/wp-json\/wp\/v2\/media?parent=68968"}],"wp:term":[{"taxonomy":"category","embeddable":true,"href":"https:\/\/www.cronacaonline.it\/index.php\/wp-json\/wp\/v2\/categories?post=68968"},{"taxonomy":"post_tag","embeddable":true,"href":"https:\/\/www.cronacaonline.it\/index.php\/wp-json\/wp\/v2\/tags?post=68968"}],"curies":[{"name":"wp","href":"https:\/\/api.w.org\/{rel}","templated":true}]}}