{"id":68870,"date":"2011-06-24T00:00:00","date_gmt":"2011-06-23T22:00:00","guid":{"rendered":"http:\/\/www.cronacaonline.it\/public\/content\/index.php\/2011\/06\/24\/renato-lai-e-gianfranco-bardanzellu-pdl-soddisfazione-per-il-san-raffaele-a-olbia\/"},"modified":"2011-06-24T00:00:00","modified_gmt":"2011-06-23T22:00:00","slug":"renato-lai-e-gianfranco-bardanzellu-pdl-soddisfazione-per-il-san-raffaele-a-olbia","status":"publish","type":"post","link":"https:\/\/www.cronacaonline.it\/index.php\/2011\/06\/24\/renato-lai-e-gianfranco-bardanzellu-pdl-soddisfazione-per-il-san-raffaele-a-olbia\/","title":{"rendered":"Renato Lai e Gianfranco Bardanzellu (PdL): \u201cSoddisfazione per il San Raffaele a Olbia\u201d"},"content":{"rendered":"<p><SPAN style=\"FONT-FAMILY: 'Verdana', 'sans-serif'; mso-bidi-font-weight: bold\">Renato Lai<\/SPAN><SPAN style=\"FONT-FAMILY: 'Verdana', 'sans-serif'\"> e <SPAN style=\"mso-bidi-font-weight: bold\">Gianfranco Bardanzellu<\/SPAN> esprimono grande soddisfazione per la positiva conclusione dell\u2019iter che ha portato all\u2019approvazione della norma del Collegato alla Legge Finanziaria che permetter\u00e0 alla Giunta di intervenire con la dovuta tempestivit\u00e0, a favore del riequilibrio dell'offerta ospedaliera nella ASL N\u00b0 2 di Olbia, dove il numero dei posti letto per 1000 abitanti, in termini assurdamente penalizzanti,&nbsp;\u00e8 assai lontano dalla media regionale, con profonde carenze che creano disagio ai cittadini ed agli operatori sanitari.<\/SPAN><\/p>\n<p><SPAN style=\"FONT-FAMILY: 'Verdana', 'sans-serif'\">Per il nostro territorio \u00e8 una conquista davvero importante. Infatti il testo, concordato dalla Maggioranza e approvato dal Consiglio, consentir\u00e0 un iter procedurale pi\u00f9 agevolato per l\u2019accreditamento dell\u2019ospedale San Raffaele, nell\u2019integrazione con la struttura pubblica che completer\u00e0 in modo efficace e altamente qualitativo l\u2019offerta di posti letto per Olbia e per l\u2019intera provincia.<\/SPAN><\/p>\n<p><SPAN style=\"FONT-FAMILY: 'Verdana', 'sans-serif'\">Con questo voto, il Consiglio regionale ha raccolto e fatto proprie le istanze dei consiglieri del PdL che, con forza e con determinazione, in una efficace collaborazione con gli altri consiglieri del territorio non hanno guardato alle appartenenze politiche e hanno sostenuto questa importante conquista.<\/SPAN><\/p>\n<p><SPAN style=\"FONT-FAMILY: 'Verdana', 'sans-serif'\">La realizzazione dell\u2019Ospedale San Raffaele, prestigiosa struttura di assoluta eccellenza, rappresenta un grande passo avanti per la sanit\u00e0 della Gallura, ma l\u2019auspicio \u00e8 che possa beneficiarne l\u2019intera Sardegna.<\/SPAN><\/p>\n<p><SPAN style=\"FONT-FAMILY: 'Verdana', 'sans-serif'\">Si esce cos\u00ec da una condizione di inadeguatezza che durava ormai da vent\u2019anni e che non poteva pi\u00f9 essere tollerata, n\u00e9 dai cittadini-pazienti, n\u00e9 da tutti gli operatori sanitari. Red<\/SPAN><\/p>\n","protected":false},"excerpt":{"rendered":"<p>Renato Lai e Gianfranco Bardanzellu esprimono grande soddisfazione per la positiva conclusione dell\u2019iter che ha portato all\u2019approvazione della norma del Collegato alla Legge Finanziaria che&#8230;<\/p>\n","protected":false},"author":2,"featured_media":0,"comment_status":"closed","ping_status":"closed","sticky":false,"template":"","format":"standard","meta":[],"categories":[49],"tags":[],"_links":{"self":[{"href":"https:\/\/www.cronacaonline.it\/index.php\/wp-json\/wp\/v2\/posts\/68870"}],"collection":[{"href":"https:\/\/www.cronacaonline.it\/index.php\/wp-json\/wp\/v2\/posts"}],"about":[{"href":"https:\/\/www.cronacaonline.it\/index.php\/wp-json\/wp\/v2\/types\/post"}],"author":[{"embeddable":true,"href":"https:\/\/www.cronacaonline.it\/index.php\/wp-json\/wp\/v2\/users\/2"}],"replies":[{"embeddable":true,"href":"https:\/\/www.cronacaonline.it\/index.php\/wp-json\/wp\/v2\/comments?post=68870"}],"version-history":[{"count":0,"href":"https:\/\/www.cronacaonline.it\/index.php\/wp-json\/wp\/v2\/posts\/68870\/revisions"}],"wp:attachment":[{"href":"https:\/\/www.cronacaonline.it\/index.php\/wp-json\/wp\/v2\/media?parent=68870"}],"wp:term":[{"taxonomy":"category","embeddable":true,"href":"https:\/\/www.cronacaonline.it\/index.php\/wp-json\/wp\/v2\/categories?post=68870"},{"taxonomy":"post_tag","embeddable":true,"href":"https:\/\/www.cronacaonline.it\/index.php\/wp-json\/wp\/v2\/tags?post=68870"}],"curies":[{"name":"wp","href":"https:\/\/api.w.org\/{rel}","templated":true}]}}