{"id":68858,"date":"2011-06-22T00:00:00","date_gmt":"2011-06-21T22:00:00","guid":{"rendered":"http:\/\/www.cronacaonline.it\/public\/content\/index.php\/2011\/06\/22\/insediato-il-tavolo-per-la-chimica-verde-cappellacci-istituzioni-parti-sociali-e-matrica-al-lavoro-per-attuazione-protocollo\/"},"modified":"2011-06-22T00:00:00","modified_gmt":"2011-06-21T22:00:00","slug":"insediato-il-tavolo-per-la-chimica-verde-cappellacci-istituzioni-parti-sociali-e-matrica-al-lavoro-per-attuazione-protocollo","status":"publish","type":"post","link":"https:\/\/www.cronacaonline.it\/index.php\/2011\/06\/22\/insediato-il-tavolo-per-la-chimica-verde-cappellacci-istituzioni-parti-sociali-e-matrica-al-lavoro-per-attuazione-protocollo\/","title":{"rendered":"Insediato il tavolo per la chimica verde. Cappellacci: \u201cistituzioni, parti sociali e Matrica al lavoro per attuazione protocollo\u201d"},"content":{"rendered":"<p><SPAN class=apple-style-span><SPAN style=\"LINE-HEIGHT: 115%; FONT-FAMILY: 'Verdana', 'sans-serif'; COLOR: black; FONT-SIZE: 12pt; mso-bidi-font-family: Arial\">Insediato questo pomeriggio a Villa Devoto il tavolo per l\u2019attuazione del protocollo per la chimica verde, previsto dall\u2019addendum firmato insieme al protocollo stesso e coordinato dalla Regione, con la partecipazione degli Enti Locali e delle parti sociali. Durante il confronto sono state date ampie rassicurazioni in merito alla questione delle bonifiche: il Ministero dell\u2019Ambiente convocher\u00e0 quanto prima la conferenza di servizi, finalizzata a mettere a punto tutte le procedure necessario all\u2019avvio.<\/SPAN><\/SPAN><\/p>\n<p><SPAN class=apple-style-span><SPAN style=\"LINE-HEIGHT: 115%; FONT-FAMILY: 'Verdana', 'sans-serif'; COLOR: black; FONT-SIZE: 12pt; mso-bidi-font-family: Arial\">E\u2019 stato inoltre sgombrato ogni dubbio su un aspetto importante: la centrale non brucer\u00e0 rifiuti e utilizzer\u00e0 esclusivamente biomasse. La vecchia centrale verr\u00e0 spenta gradualmente e manterr\u00e0 una funzione di back up fino all\u2019avvio della nuova. I vari punti che sono oggetto del confronto presso il tavolo per la chimica verde saranno approfonditi in diversi gruppi di lavoro, che avranno sede a Sassari e saranno divisi per materia: il primo si occuper\u00e0 delle concessioni, delle autorizzazioni e delle bonifiche; il secondo della gestione dell\u2019area di crisi, dell\u2019indotto, della formazione professionale e delle politiche del lavoro; il terzo curer\u00e0 gli aspetti relativi alle connessioni con l\u2019agricoltura, la ricerca e della centrale a biomasse. <\/SPAN><\/SPAN><\/p>\n<p><SPAN class=apple-style-span><SPAN style=\"LINE-HEIGHT: 115%; FONT-FAMILY: 'Verdana', 'sans-serif'; COLOR: black; FONT-SIZE: 12pt; mso-bidi-font-family: Arial\">ENI e Novamont hanno confermato ufficialmente che trasferiranno quanto prima a Porto Torres la sede legale di Matrica: la joint-venture che realizzer\u00e0 il pi\u00f9 grande polo d\u2019 Europa per la chimica&nbsp;<\/SPAN><\/SPAN><SPAN class=apple-converted-space><SPAN style=\"LINE-HEIGHT: 115%; FONT-FAMILY: 'Verdana', 'sans-serif'; COLOR: black; FONT-SIZE: 12pt; mso-bidi-font-family: Arial\">&nbsp;<\/SPAN><\/SPAN><SPAN class=apple-style-span><SPAN style=\"LINE-HEIGHT: 115%; FONT-FAMILY: 'Verdana', 'sans-serif'; COLOR: black; FONT-SIZE: 12pt; mso-bidi-font-family: Arial\">verde. \u201cUna scelta giusta e opportuna \u2013 ha dichiarato&nbsp;<\/SPAN><\/SPAN><SPAN class=apple-converted-space><SPAN style=\"LINE-HEIGHT: 115%; FONT-FAMILY: 'Verdana', 'sans-serif'; COLOR: black; FONT-SIZE: 12pt; mso-bidi-font-family: Arial\">&nbsp;<\/SPAN><\/SPAN><SPAN class=apple-style-span><SPAN style=\"LINE-HEIGHT: 115%; FONT-FAMILY: 'Verdana', 'sans-serif'; COLOR: black; FONT-SIZE: 12pt; mso-bidi-font-family: Arial\">il presidente della Regione, che due settimane fa aveva espressamente richiesto che la nuova realt\u00e0 avesse anche la sede legale nell\u2019Isola \u2013 in quanto il progetto nasce e si sviluppa in Sardegna ed \u00e8 fondamentale che i relativi effetti positivi portino importanti ricadute economiche sul territorio.\u201d Con riferimento all\u2019indotto e alla reindustrializzazione del sito il presidente conferma l\u2019impegno alla attivazione di un progetto integrato per il territorio di Porto Torres con l\u2019istituzione di un\u2019area di crisi sul modello gi\u00e0 in corso di sperimentazione nell\u2019area di Tossilo.<\/SPAN><\/SPAN><SPAN class=apple-converted-space><SPAN style=\"LINE-HEIGHT: 115%; FONT-FAMILY: 'Verdana', 'sans-serif'; COLOR: black; FONT-SIZE: 12pt; mso-bidi-font-family: Arial\">&nbsp;<\/SPAN><FONT face=\"\">Red<\/FONT><\/SPAN><\/SPAN><\/p>\n<p><SPAN class=apple-converted-space><SPAN style=\"LINE-HEIGHT: 115%; FONT-FAMILY: 'Arial', 'sans-serif'; COLOR: black; FONT-SIZE: 12pt\">&nbsp;<\/SPAN><\/SPAN><\/p>\n<p><SPAN style=\"LINE-HEIGHT: 115%; FONT-SIZE: 12pt\"><FONT face=\"\">&nbsp;<\/FONT><\/SPAN><\/p>\n","protected":false},"excerpt":{"rendered":"<p>Insediato questo pomeriggio a Villa Devoto il tavolo per l\u2019attuazione del protocollo per la chimica verde, previsto dall\u2019addendum firmato insieme al protocollo stesso e coordinato&#8230;<\/p>\n","protected":false},"author":2,"featured_media":9700,"comment_status":"closed","ping_status":"closed","sticky":false,"template":"","format":"standard","meta":[],"categories":[49],"tags":[],"_links":{"self":[{"href":"https:\/\/www.cronacaonline.it\/index.php\/wp-json\/wp\/v2\/posts\/68858"}],"collection":[{"href":"https:\/\/www.cronacaonline.it\/index.php\/wp-json\/wp\/v2\/posts"}],"about":[{"href":"https:\/\/www.cronacaonline.it\/index.php\/wp-json\/wp\/v2\/types\/post"}],"author":[{"embeddable":true,"href":"https:\/\/www.cronacaonline.it\/index.php\/wp-json\/wp\/v2\/users\/2"}],"replies":[{"embeddable":true,"href":"https:\/\/www.cronacaonline.it\/index.php\/wp-json\/wp\/v2\/comments?post=68858"}],"version-history":[{"count":0,"href":"https:\/\/www.cronacaonline.it\/index.php\/wp-json\/wp\/v2\/posts\/68858\/revisions"}],"wp:featuredmedia":[{"embeddable":true,"href":"https:\/\/www.cronacaonline.it\/index.php\/wp-json\/"}],"wp:attachment":[{"href":"https:\/\/www.cronacaonline.it\/index.php\/wp-json\/wp\/v2\/media?parent=68858"}],"wp:term":[{"taxonomy":"category","embeddable":true,"href":"https:\/\/www.cronacaonline.it\/index.php\/wp-json\/wp\/v2\/categories?post=68858"},{"taxonomy":"post_tag","embeddable":true,"href":"https:\/\/www.cronacaonline.it\/index.php\/wp-json\/wp\/v2\/tags?post=68858"}],"curies":[{"name":"wp","href":"https:\/\/api.w.org\/{rel}","templated":true}]}}