{"id":68791,"date":"2011-06-26T00:00:00","date_gmt":"2011-06-25T22:00:00","guid":{"rendered":"http:\/\/www.cronacaonline.it\/public\/content\/index.php\/2011\/06\/26\/cappellacci-eolico-off-shore-vietato-in-sardegna\/"},"modified":"2011-06-26T00:00:00","modified_gmt":"2011-06-25T22:00:00","slug":"cappellacci-eolico-off-shore-vietato-in-sardegna","status":"publish","type":"post","link":"https:\/\/www.cronacaonline.it\/index.php\/2011\/06\/26\/cappellacci-eolico-off-shore-vietato-in-sardegna\/","title":{"rendered":"Cappellacci, eolico off-shore vietato in Sardegna"},"content":{"rendered":"<p><SPAN class=apple-style-span><SPAN style=\"LINE-HEIGHT: 115%; FONT-FAMILY: 'Verdana', 'sans-serif'; COLOR: black; FONT-SIZE: 12pt\">\"Respingiamo l'idea che qualcuno possa impadronirsi di alcuni degli scorci di pregio delle coste della Sardegna per portare avanti progetti che risultano totalmente incompatibili con l'idea di un'Isola che vuole determinare il proprio futuro e che non \u00e8 disposta a sacrificare il proprio ambiente e il proprio paesaggio per operazioni che nulla hanno a che fare con gli interessi del popolo sardo. &nbsp;L'installazione di impianti eolici off-shore nei pressi delle coste sarde e'vietato\". <\/SPAN><\/SPAN><\/p>\n<p><SPAN class=apple-style-span><SPAN style=\"LINE-HEIGHT: 115%; FONT-FAMILY: 'Verdana', 'sans-serif'; COLOR: black; FONT-SIZE: 12pt\">Lo ha detto il presidente Ugo Cappellacci ha ribadito la posizione della Regione riguardo alla possibile sistemazione delle pale al largo delle coste dell'Isola. \"L'articolo 13 del Piano Casa approvato nel 2009 - ricorda il presidente - vieta Il posizionamento di linee elettriche come quelle che dovrebbero essere realizzate per i parchi eolici in questione. <\/SPAN><\/SPAN><\/p>\n<p><SPAN class=apple-style-span><SPAN style=\"LINE-HEIGHT: 115%; FONT-FAMILY: 'Verdana', 'sans-serif'; COLOR: black; FONT-SIZE: 12pt\">Il nostro orientamento \u00e8 stato inoltre ribadito anche con la delibera del marzo 2010, che vieta espressamente la realizzazione di tale tipo di impianti. Le energie rinnovabili devono essere uno strumento per la salvaguardia dell'ambiente e del paesaggio e devono essere foriere di benefici per l'Isola in termini economici e di qualit\u00e0 della vita. Ogni volta che invece dietro l'etichetta delle energie rinnovabili si celeranno progetti, come quelli per gli impianti off-shore - che non solo non rispettano tali finalit\u00e0, ma rappresentano un palese tradimento delle stesse -&nbsp;la Regione si opporr\u00e0 con tutte le forze, accanto ai rappresentanti delle comunit\u00e0 interessate\".<\/SPAN><FONT face=Calibri> Red<\/FONT><\/SPAN><\/SPAN><\/p>\n<p><SPAN class=apple-style-span><SPAN style=\"LINE-HEIGHT: 115%; FONT-FAMILY: 'Verdana', 'sans-serif'; COLOR: black; FONT-SIZE: 8.5pt\">&nbsp;<\/SPAN><\/SPAN><\/p>\n","protected":false},"excerpt":{"rendered":"<p>&#8220;Respingiamo l&#8217;idea che qualcuno possa impadronirsi di alcuni degli scorci di pregio delle coste della Sardegna per portare avanti progetti che risultano totalmente incompatibili con&#8230;<\/p>\n","protected":false},"author":2,"featured_media":0,"comment_status":"closed","ping_status":"closed","sticky":false,"template":"","format":"standard","meta":[],"categories":[49],"tags":[],"_links":{"self":[{"href":"https:\/\/www.cronacaonline.it\/index.php\/wp-json\/wp\/v2\/posts\/68791"}],"collection":[{"href":"https:\/\/www.cronacaonline.it\/index.php\/wp-json\/wp\/v2\/posts"}],"about":[{"href":"https:\/\/www.cronacaonline.it\/index.php\/wp-json\/wp\/v2\/types\/post"}],"author":[{"embeddable":true,"href":"https:\/\/www.cronacaonline.it\/index.php\/wp-json\/wp\/v2\/users\/2"}],"replies":[{"embeddable":true,"href":"https:\/\/www.cronacaonline.it\/index.php\/wp-json\/wp\/v2\/comments?post=68791"}],"version-history":[{"count":0,"href":"https:\/\/www.cronacaonline.it\/index.php\/wp-json\/wp\/v2\/posts\/68791\/revisions"}],"wp:attachment":[{"href":"https:\/\/www.cronacaonline.it\/index.php\/wp-json\/wp\/v2\/media?parent=68791"}],"wp:term":[{"taxonomy":"category","embeddable":true,"href":"https:\/\/www.cronacaonline.it\/index.php\/wp-json\/wp\/v2\/categories?post=68791"},{"taxonomy":"post_tag","embeddable":true,"href":"https:\/\/www.cronacaonline.it\/index.php\/wp-json\/wp\/v2\/tags?post=68791"}],"curies":[{"name":"wp","href":"https:\/\/api.w.org\/{rel}","templated":true}]}}