{"id":68721,"date":"2011-06-10T00:00:00","date_gmt":"2011-06-09T22:00:00","guid":{"rendered":"http:\/\/www.cronacaonline.it\/public\/content\/index.php\/2011\/06\/10\/il-consigliere-regionale-del-pdl-mario-diana-presenta-interpellanza-su-enel-con-la-quale-chiede-di-revocare-le-concessioni-idroelettriche-in-sardegna\/"},"modified":"2011-06-10T00:00:00","modified_gmt":"2011-06-09T22:00:00","slug":"il-consigliere-regionale-del-pdl-mario-diana-presenta-interpellanza-su-enel-con-la-quale-chiede-di-revocare-le-concessioni-idroelettriche-in-sardegna","status":"publish","type":"post","link":"https:\/\/www.cronacaonline.it\/index.php\/2011\/06\/10\/il-consigliere-regionale-del-pdl-mario-diana-presenta-interpellanza-su-enel-con-la-quale-chiede-di-revocare-le-concessioni-idroelettriche-in-sardegna\/","title":{"rendered":"Il consigliere regionale del Pdl Mario Diana presenta interpellanza su Enel con la quale chiede di revocare le concessioni idroelettriche in Sardegna"},"content":{"rendered":"<p><SPAN style=\"FONT-FAMILY: 'Verdana', 'sans-serif'\">La Regione chieda la revoca delle concessioni idroelettriche dell\u2019Enel in Sardegna, con particolare riferimento a quella sul lago Coghinas, e rivendichi la competenza per il rilascio di nuove concessioni: lo chiede il capogruppo del Popolo della Libert\u00e0 in Consiglio regionale, Mario Diana, con i consiglieri Gianfranco Bardanzellu e Renato Lai, in un\u2019interpellanza rivolta al Presidente della Regione, Ugo Cappellacci.<\/SPAN><\/p>\n<p><SPAN style=\"FONT-FAMILY: 'Verdana', 'sans-serif'\">Nell\u2019interpellanza, Diana, Bardanzellu e Lai fanno riferimento alla concessione idroelettrica sul Coghinas rilasciata a favore dell\u2019Enel con un Regio Decreto del 1921, di cui oggi \u00e8 titolare la societ\u00e0 Enel Produzione SpA. Nel corso degli anni, la Provincia di Olbia e Tempio ha autorizzato l\u2019attingimento <A name=__DdeLink__0_1074894364>di acqua a fini irrigui dal lago Coghinas e dai relativi affluenti da parte delle aziende agricole della zona<\/A> non servite dagli impianti di fornitura del Consorzio di Bonifica del Nord Sardegna. Enel Produzione sta presentando opposizione alle domande di rinnovo delle autorizzazioni all\u2019attingimento, motivando tale opposizione con una perdita di produzione determinata dalla sottrazione di volumi di acqua dagli impianti idroelettrici insistenti sul bacino e dichiarandosi disponibile a ritirare le opposizioni subordinatamente alla stipula, con gli imprenditori agricoli autorizzati dalla Provincia, di apposite convenzioni che prevedano il risarcimento nei confronti della societ\u00e0 per i mancati introiti derivanti dalla perdita di produzione.<\/SPAN><\/p>\n<p><SPAN style=\"FONT-FAMILY: 'Verdana', 'sans-serif'\">Considerato, si legge nel documento, che \u201cil risarcimento comporterebbe, da parte degli imprenditori agricoli, il pagamento dell\u2019acqua ad un prezzo molto pi\u00f9 alto rispetto a quello praticato dal Consorzio di Bonifica, fuori mercato ed insostenibile per aziende gi\u00e0 gravate da una perdurante situazione di crisi economica e produttiva\u201d, e che \u201cla concessione, in essere da ben novanta anni, necessita di una revisione che tenga conto del sopravvenuto riconoscimento della condizione di Regione Autonoma a Statuto Speciale di cui la Sardegna gode dal 1948 e del processo di riforma federalista dello Stato attualmente in fase di definizione\u201d, gli interpellanti chiedono al Presidente cosa la Giunta regionale intende fare per assicurare \u201cil rinnovo delle autorizzazioni all\u2019attingimento di acqua a fini irrigui dal lago Coghinas e dai relativi affluenti da parte delle aziende agricole della zona\u201d, eventualmente anche valutando \u201cla percorribilit\u00e0 di un accordo con la societ\u00e0 Enel Produzione affinch\u00e9 siano ritirate le opposizioni, senza costi aggiuntivi a carico delle aziende agricole\u201d.<\/SPAN><\/p>\n<p><SPAN style=\"FONT-FAMILY: 'Verdana', 'sans-serif'\">Infine, il capogruppo e i due consiglieri chiedono che l\u2019esecutivo, \u201cnelle more della definizione dei decreti attuativi delle norme nazionali in materia di federalismo demaniale e della revisione dello Statuto Speciale di Autonomia della Regione Sardegna\u201d, si attivi affinch\u00e9 \u201cle concessioni per uso idroelettrico in essere sul territorio regionale siano dichiarate decadute\u201d e affinch\u00e9 \u201csia riconosciuta alla Regione la competenza per il rilascio di nuove concessioni\u201d.<\/SPAN><\/p>\n","protected":false},"excerpt":{"rendered":"<p>La Regione chieda la revoca delle concessioni idroelettriche dell\u2019Enel in Sardegna, con particolare riferimento a quella sul lago Coghinas, e rivendichi la competenza per il&#8230;<\/p>\n","protected":false},"author":2,"featured_media":9847,"comment_status":"closed","ping_status":"closed","sticky":false,"template":"","format":"standard","meta":[],"categories":[49],"tags":[],"_links":{"self":[{"href":"https:\/\/www.cronacaonline.it\/index.php\/wp-json\/wp\/v2\/posts\/68721"}],"collection":[{"href":"https:\/\/www.cronacaonline.it\/index.php\/wp-json\/wp\/v2\/posts"}],"about":[{"href":"https:\/\/www.cronacaonline.it\/index.php\/wp-json\/wp\/v2\/types\/post"}],"author":[{"embeddable":true,"href":"https:\/\/www.cronacaonline.it\/index.php\/wp-json\/wp\/v2\/users\/2"}],"replies":[{"embeddable":true,"href":"https:\/\/www.cronacaonline.it\/index.php\/wp-json\/wp\/v2\/comments?post=68721"}],"version-history":[{"count":0,"href":"https:\/\/www.cronacaonline.it\/index.php\/wp-json\/wp\/v2\/posts\/68721\/revisions"}],"wp:featuredmedia":[{"embeddable":true,"href":"https:\/\/www.cronacaonline.it\/index.php\/wp-json\/"}],"wp:attachment":[{"href":"https:\/\/www.cronacaonline.it\/index.php\/wp-json\/wp\/v2\/media?parent=68721"}],"wp:term":[{"taxonomy":"category","embeddable":true,"href":"https:\/\/www.cronacaonline.it\/index.php\/wp-json\/wp\/v2\/categories?post=68721"},{"taxonomy":"post_tag","embeddable":true,"href":"https:\/\/www.cronacaonline.it\/index.php\/wp-json\/wp\/v2\/tags?post=68721"}],"curies":[{"name":"wp","href":"https:\/\/api.w.org\/{rel}","templated":true}]}}