{"id":68697,"date":"2011-06-23T00:00:00","date_gmt":"2011-06-22T22:00:00","guid":{"rendered":"http:\/\/www.cronacaonline.it\/public\/content\/index.php\/2011\/06\/23\/riepilogo-dei-lavori-del-consiglio-regionale-della-sardegna-di-questa-mattina-su-collegato-alla-manovra-finanziaria-2011-2013\/"},"modified":"2011-06-23T00:00:00","modified_gmt":"2011-06-22T22:00:00","slug":"riepilogo-dei-lavori-del-consiglio-regionale-della-sardegna-di-questa-mattina-su-collegato-alla-manovra-finanziaria-2011-2013","status":"publish","type":"post","link":"https:\/\/www.cronacaonline.it\/index.php\/2011\/06\/23\/riepilogo-dei-lavori-del-consiglio-regionale-della-sardegna-di-questa-mattina-su-collegato-alla-manovra-finanziaria-2011-2013\/","title":{"rendered":"Riepilogo dei lavori del Consiglio regionale della Sardegna di questa mattina su collegato alla manovra finanziaria 2011-2013."},"content":{"rendered":"<p><SPAN style=\"FONT-FAMILY: 'Verdana', 'sans-serif'; mso-fareast-language: IT\">La seduta del Consiglio regionale \u00e8 cominciata sotto la presidenza della presidente Claudia Lombardo che, dopo una breve sospensione, ha dato la parola al consigliere di Sel-Comunisti-Indipendentistas, Massimo Zedda, neo eletto alla carica di sindaco del Comune di Cagliari. Zedda \u00e8 intervenuto&nbsp;&nbsp;per annunciare le proprie dimissioni dalla carica di consigliere regionale, incompatibile con quella di primo cittadino di un Comune con popolazione superiore ai 15mila abitanti: <\/SPAN><SPAN style=\"FONT-FAMILY: 'Verdana', 'sans-serif'; mso-bidi-font-family: Verdana; mso-fareast-language: IT\">\u201c<\/SPAN><SPAN style=\"FONT-FAMILY: 'Verdana', 'sans-serif'; mso-fareast-language: IT\">Ringrazio la presidente Lombardo, l<\/SPAN><SPAN style=\"FONT-FAMILY: 'Verdana', 'sans-serif'; mso-bidi-font-family: Verdana; mso-fareast-language: IT\">\u2019<\/SPAN><SPAN style=\"FONT-FAMILY: 'Verdana', 'sans-serif'; mso-fareast-language: IT\">ufficio di presidenza e i capigruppo per avermi concesso&nbsp;<A href=\"javascript:mails_addtocal(1,%22oggi%22);\"><SPAN style=\"COLOR: #ff8000; TEXT-DECORATION: none; text-underline: none\">oggi<\/SPAN><\/A>&nbsp;l<\/SPAN><SPAN style=\"FONT-FAMILY: 'Verdana', 'sans-serif'; mso-bidi-font-family: Verdana; mso-fareast-language: IT\">\u2019<\/SPAN><SPAN style=\"FONT-FAMILY: 'Verdana', 'sans-serif'; mso-fareast-language: IT\">opportunit\u00e0 di rivolgermi a voi per annunciarvi la mia volont\u00e0 di dimettermi dalla carica di consigliere regionale in seguito alla mia elezione alla carica di primo cittadino <\/SPAN><SPAN style=\"FONT-FAMILY: 'Verdana', 'sans-serif'; mso-bidi-font-family: Verdana; mso-fareast-language: IT\">\u2013<\/SPAN><SPAN style=\"FONT-FAMILY: 'Verdana', 'sans-serif'; mso-fareast-language: IT\"> ha esordito il neo sindaco \u2013 L<\/SPAN><SPAN style=\"FONT-FAMILY: 'Verdana', 'sans-serif'; mso-bidi-font-family: Verdana; mso-fareast-language: IT\">\u2019<\/SPAN><SPAN style=\"FONT-FAMILY: 'Verdana', 'sans-serif'; mso-fareast-language: IT\">aspettativa sulla mia persona e sui risultati caricano me e tutto il consiglio comunale di tante responsabilit\u00e0. <\/SPAN><SPAN style=\"FONT-FAMILY: 'Verdana', 'sans-serif'; mso-bidi-font-family: Verdana; mso-fareast-language: IT\"><\/SPAN><\/p>\n<p><SPAN style=\"FONT-FAMILY: 'Verdana', 'sans-serif'; mso-fareast-language: IT\">A Cagliari come in ogni altro comune dell<\/SPAN><SPAN style=\"FONT-FAMILY: 'Verdana', 'sans-serif'; mso-bidi-font-family: Verdana; mso-fareast-language: IT\">\u2019<\/SPAN><SPAN style=\"FONT-FAMILY: 'Verdana', 'sans-serif'; mso-fareast-language: IT\">isola c'\u00e8 grande attesa sulle risposte alle necessit\u00e0 dei cittadini, in primis l<\/SPAN><SPAN style=\"FONT-FAMILY: 'Verdana', 'sans-serif'; mso-bidi-font-family: Verdana; mso-fareast-language: IT\">\u2019<\/SPAN><SPAN style=\"FONT-FAMILY: 'Verdana', 'sans-serif'; mso-fareast-language: IT\">occupazione <\/SPAN><SPAN style=\"FONT-FAMILY: 'Verdana', 'sans-serif'; mso-bidi-font-family: Verdana; mso-fareast-language: IT\">\u2013<\/SPAN><SPAN style=\"FONT-FAMILY: 'Verdana', 'sans-serif'; mso-fareast-language: IT\"> ha proseguito Zedda <\/SPAN><SPAN style=\"FONT-FAMILY: 'Verdana', 'sans-serif'; mso-bidi-font-family: Verdana; mso-fareast-language: IT\">\u2013<\/SPAN><SPAN style=\"FONT-FAMILY: 'Verdana', 'sans-serif'; mso-fareast-language: IT\"> ed \u00e8 proprio per quelle generazioni e per tutti quelli che hanno partecipato alle ultime elezioni, sostenendomi con forza, devo dare un esempio non mantenendo entrambe le cariche per il tempo che comunque mi sarebbe consentito per legge<\/SPAN><SPAN style=\"FONT-FAMILY: 'Verdana', 'sans-serif'; mso-bidi-font-family: Verdana; mso-fareast-language: IT\">\u201d<\/SPAN><SPAN style=\"FONT-FAMILY: 'Verdana', 'sans-serif'; mso-fareast-language: IT\">. <SPAN style=\"mso-spacerun: yes\">&nbsp;<\/SPAN>Zedda ha anche auspicato che tra il Comune di Cagliari e il Consiglio regionale vi sia una grande collaborazione sulle questioni che interessano la citt\u00e0 e tutta l<\/SPAN><SPAN style=\"FONT-FAMILY: 'Verdana', 'sans-serif'; mso-bidi-font-family: Verdana; mso-fareast-language: IT\">\u2019<\/SPAN><SPAN style=\"FONT-FAMILY: 'Verdana', 'sans-serif'; mso-fareast-language: IT\">sola: <\/SPAN><SPAN style=\"FONT-FAMILY: 'Verdana', 'sans-serif'; mso-bidi-font-family: Verdana; mso-fareast-language: IT\">\u201c<\/SPAN><SPAN style=\"FONT-FAMILY: 'Verdana', 'sans-serif'; mso-fareast-language: IT\">Io sar\u00f2 a disposizione di tutti voi<\/SPAN><SPAN style=\"FONT-FAMILY: 'Verdana', 'sans-serif'; mso-bidi-font-family: Verdana; mso-fareast-language: IT\">\u201d<\/SPAN><SPAN style=\"FONT-FAMILY: 'Verdana', 'sans-serif'; mso-fareast-language: IT\"> ha affermato rivolgendosi a tutti i colleghi. <\/SPAN><SPAN style=\"FONT-FAMILY: 'Verdana', 'sans-serif'; mso-bidi-font-family: Verdana; mso-fareast-language: IT\">\u201c<\/SPAN><SPAN style=\"FONT-FAMILY: 'Verdana', 'sans-serif'; mso-fareast-language: IT\">Rngrazio tutti voi <\/SPAN><SPAN style=\"FONT-FAMILY: 'Verdana', 'sans-serif'; mso-bidi-font-family: Verdana; mso-fareast-language: IT\">\u2013<\/SPAN><SPAN style=\"FONT-FAMILY: 'Verdana', 'sans-serif'; mso-fareast-language: IT\"> ha concluso Zedda - per l<\/SPAN><SPAN style=\"FONT-FAMILY: 'Verdana', 'sans-serif'; mso-bidi-font-family: Verdana; mso-fareast-language: IT\">\u2019<\/SPAN><SPAN style=\"FONT-FAMILY: 'Verdana', 'sans-serif'; mso-fareast-language: IT\">esperienza di cui ho fatto tesoro&nbsp;&nbsp;e maturata in quest<\/SPAN><SPAN style=\"FONT-FAMILY: 'Verdana', 'sans-serif'; mso-bidi-font-family: Verdana; mso-fareast-language: IT\">\u2019<\/SPAN><SPAN style=\"FONT-FAMILY: 'Verdana', 'sans-serif'; mso-fareast-language: IT\">Aula grazie ai miei colleghi dell<\/SPAN><SPAN style=\"FONT-FAMILY: 'Verdana', 'sans-serif'; mso-bidi-font-family: Verdana; mso-fareast-language: IT\">\u2019<\/SPAN><SPAN style=\"FONT-FAMILY: 'Verdana', 'sans-serif'; mso-fareast-language: IT\">opposizione ma anche della maggioranza<\/SPAN><SPAN style=\"FONT-FAMILY: 'Verdana', 'sans-serif'; mso-bidi-font-family: Verdana; mso-fareast-language: IT\">\u201d<\/SPAN><SPAN style=\"FONT-FAMILY: 'Verdana', 'sans-serif'; mso-fareast-language: IT\">. Zedda, ringraziando caldamente la presidente Lombardo, ha poi fatto a tutti gli auguri di buon lavoro.<\/SPAN><\/p>\n<p><SPAN style=\"FONT-FAMILY: 'Verdana', 'sans-serif'; mso-fareast-language: IT\">La presidente Claudia Lombardo, dopo aver rivolto al nuovo sindaco gli auguri propri e di tutto il Consiglio, ha convocato la Giunta per le elezioni perch\u00e9 prendesse atto delle dimissioni e nominasse il nuovo consigliere regionale che prender\u00e0 il posto di Massimo Zedda e ha sospeso la seduta per dieci minuti.<\/SPAN><\/p>\n<p><SPAN style=\"FONT-FAMILY: 'Verdana', 'sans-serif'; mso-fareast-language: IT\">Alla ripresa dei lavori la presidente ha letto la lettera della Giunta per le elezioni che ha individuato in Giorgio Cugusi, primo dei non eletti con 863 voti nella lista La Sinistra per la Sardegna nella circoscrizione provinciale di Cagliari nella consultazione del 2009, il consigliere subentrante e lo ha invitato ad entrare in Aula per prestare giuramento.<\/SPAN><\/p>\n<p><SPAN style=\"FONT-FAMILY: 'Verdana', 'sans-serif'; mso-fareast-language: IT\">La seduta \u00e8 poi proseguita con il punto all<\/SPAN><SPAN style=\"FONT-FAMILY: 'Verdana', 'sans-serif'; mso-bidi-font-family: Verdana; mso-fareast-language: IT\">\u2019<\/SPAN><SPAN style=\"FONT-FAMILY: 'Verdana', 'sans-serif'; mso-fareast-language: IT\">ordine del giorno, l<\/SPAN><SPAN style=\"FONT-FAMILY: 'Verdana', 'sans-serif'; mso-bidi-font-family: Verdana; mso-fareast-language: IT\">\u2019<\/SPAN><SPAN style=\"FONT-FAMILY: 'Verdana', 'sans-serif'; mso-fareast-language: IT\">esame del Dl 222, Collegato alla Manovra finanziaria 2011-2013. La presidente ha aperto la discussione generale sull<\/SPAN><SPAN style=\"FONT-FAMILY: 'Verdana', 'sans-serif'; mso-bidi-font-family: Verdana; mso-fareast-language: IT\">\u2019<\/SPAN><SPAN style=\"FONT-FAMILY: 'Verdana', 'sans-serif'; mso-fareast-language: IT\">articolo 27 bis e sui relativi emendamenti che recano disposizioni in materia di personale iscritto all<\/SPAN><SPAN style=\"FONT-FAMILY: 'Verdana', 'sans-serif'; mso-bidi-font-family: Verdana; mso-fareast-language: IT\">\u2019<\/SPAN><SPAN style=\"FONT-FAMILY: 'Verdana', 'sans-serif'; mso-fareast-language: IT\">ordine dei giornalisti.<\/SPAN><\/p>\n<p><SPAN style=\"FONT-FAMILY: 'Verdana', 'sans-serif'; mso-fareast-language: IT\">Il primo a prendere la parola \u00e8 stato il capogruppo di Sel-Comunisti-Indipendentistas Luciano Uras che ha voluto spiegare la natura e la necessit\u00e0 del testo, licenziato all<\/SPAN><SPAN style=\"FONT-FAMILY: 'Verdana', 'sans-serif'; mso-bidi-font-family: Verdana; mso-fareast-language: IT\">\u2019<\/SPAN><SPAN style=\"FONT-FAMILY: 'Verdana', 'sans-serif'; mso-fareast-language: IT\">unanimit\u00e0 dalla Terza commissione, che deriva da un<\/SPAN><SPAN style=\"FONT-FAMILY: 'Verdana', 'sans-serif'; mso-bidi-font-family: Verdana; mso-fareast-language: IT\">\u2019<\/SPAN><SPAN style=\"FONT-FAMILY: 'Verdana', 'sans-serif'; mso-fareast-language: IT\">anomalia interpretativa e applicativa che ha determinato un danno ai lavoratori interessati. Oggetto dell<\/SPAN><SPAN style=\"FONT-FAMILY: 'Verdana', 'sans-serif'; mso-bidi-font-family: Verdana; mso-fareast-language: IT\">\u2019<\/SPAN><SPAN style=\"FONT-FAMILY: 'Verdana', 'sans-serif'; mso-fareast-language: IT\">articolo il trattamento spettante ai giornalisti dipendenti della Regione per il cui trattamento, secondo Uras, si \u00e8 data un<\/SPAN><SPAN style=\"FONT-FAMILY: 'Verdana', 'sans-serif'; mso-bidi-font-family: Verdana; mso-fareast-language: IT\">\u2019<\/SPAN><SPAN style=\"FONT-FAMILY: 'Verdana', 'sans-serif'; mso-fareast-language: IT\">interpretazione <\/SPAN><SPAN style=\"FONT-FAMILY: 'Verdana', 'sans-serif'; mso-bidi-font-family: Verdana; mso-fareast-language: IT\">\u201c<\/SPAN><SPAN style=\"FONT-FAMILY: 'Verdana', 'sans-serif'; mso-fareast-language: IT\">fuorviante che ha determinato il licenziamento dei lavoratori e la loro riassunzione, con una procedura priva di una causa e dei relativi provvedimenti<\/SPAN><SPAN style=\"FONT-FAMILY: 'Verdana', 'sans-serif'; mso-bidi-font-family: Verdana; mso-fareast-language: IT\">\u201d<\/SPAN><SPAN style=\"FONT-FAMILY: 'Verdana', 'sans-serif'; mso-fareast-language: IT\">. <\/SPAN><SPAN style=\"FONT-FAMILY: 'Verdana', 'sans-serif'; mso-bidi-font-family: Verdana; mso-fareast-language: IT\">\u201c<\/SPAN><SPAN style=\"FONT-FAMILY: 'Verdana', 'sans-serif'; mso-fareast-language: IT\">Questa situazione ha determinato la perdita della previdenza integrativa e dei benefici di trattamento, bipassando la verifica del requisito di pluridecennale attivit\u00e0 di servizio svolta <\/SPAN><SPAN style=\"FONT-FAMILY: 'Verdana', 'sans-serif'; mso-bidi-font-family: Verdana; mso-fareast-language: IT\">\u2013<\/SPAN><SPAN style=\"FONT-FAMILY: 'Verdana', 'sans-serif'; mso-fareast-language: IT\"> ha proseguito Uras - Si sarebbe potuto risolvere il problema in via giudiziale, magari sperperando soldi pubblici, ma si \u00e8 preferito superare quel disguido introducendo una norma interpretativa<\/SPAN><SPAN style=\"FONT-FAMILY: 'Verdana', 'sans-serif'; mso-bidi-font-family: Verdana; mso-fareast-language: IT\">\u201d<\/SPAN><SPAN style=\"FONT-FAMILY: 'Verdana', 'sans-serif'; mso-fareast-language: IT\">. <\/SPAN><\/p>\n<p><SPAN style=\"FONT-FAMILY: 'Verdana', 'sans-serif'; mso-fareast-language: IT\">Prima di proseguire i lavori, la presidente Lombardo ha sospeso la seduta per dieci minuti su richiesta dell<\/SPAN><SPAN style=\"FONT-FAMILY: 'Verdana', 'sans-serif'; mso-bidi-font-family: Verdana; mso-fareast-language: IT\">\u2019<\/SPAN><SPAN style=\"FONT-FAMILY: 'Verdana', 'sans-serif'; mso-fareast-language: IT\">on. Mario Bruno (capogruppo del Pd). Alla ripresa dei lavori, alle 11.20, ha preso la parola Gianpaolo Diana (Pd): <\/SPAN><SPAN style=\"FONT-FAMILY: 'Verdana', 'sans-serif'; mso-bidi-font-family: Verdana; mso-fareast-language: IT\">\u201c<\/SPAN><SPAN style=\"FONT-FAMILY: 'Verdana', 'sans-serif'; mso-fareast-language: IT\">Vorrei dire che una delle ragioni, non la sola, di questa norma \u00e8 quella di riparare a un torto grave dell<\/SPAN><SPAN style=\"FONT-FAMILY: 'Verdana', 'sans-serif'; mso-bidi-font-family: Verdana; mso-fareast-language: IT\">\u2019<\/SPAN><SPAN style=\"FONT-FAMILY: 'Verdana', 'sans-serif'; mso-fareast-language: IT\">Amministrazione regionale, ovvero del direttore generale dell<\/SPAN><SPAN style=\"FONT-FAMILY: 'Verdana', 'sans-serif'; mso-bidi-font-family: Verdana; mso-fareast-language: IT\">\u2019<\/SPAN><SPAN style=\"FONT-FAMILY: 'Verdana', 'sans-serif'; mso-fareast-language: IT\">assessorato degli Affari generali e personale, nei confronti di alcuni lavoratori. L<\/SPAN><SPAN style=\"FONT-FAMILY: 'Verdana', 'sans-serif'; mso-bidi-font-family: Verdana; mso-fareast-language: IT\">\u2019<\/SPAN><SPAN style=\"FONT-FAMILY: 'Verdana', 'sans-serif'; mso-fareast-language: IT\">amministrazione \u00e8 stata costretta a reintegrare nella loro posizione questi dipendenti, dopo le sentenze di due gradi di giudizio, arbitrariamente licenziati dal direttore generale e riassunti nello stesso momento in posizione differente<\/SPAN><SPAN style=\"FONT-FAMILY: 'Verdana', 'sans-serif'; mso-bidi-font-family: Verdana; mso-fareast-language: IT\">\u201d<\/SPAN><SPAN style=\"FONT-FAMILY: 'Verdana', 'sans-serif'; mso-fareast-language: IT\">. Per l<\/SPAN><SPAN style=\"FONT-FAMILY: 'Verdana', 'sans-serif'; mso-bidi-font-family: Verdana; mso-fareast-language: IT\">\u2019<\/SPAN><SPAN style=\"FONT-FAMILY: 'Verdana', 'sans-serif'; mso-fareast-language: IT\">on. Diana non \u00e8 pi\u00f9 tollerabile il comportamento del dirigente: <\/SPAN><SPAN style=\"FONT-FAMILY: 'Verdana', 'sans-serif'; mso-bidi-font-family: Verdana; mso-fareast-language: IT\">\u201c<\/SPAN><SPAN style=\"FONT-FAMILY: 'Verdana', 'sans-serif'; mso-fareast-language: IT\">Noi non possiamo permettere che gli errori reiterati vengano pagati dall<\/SPAN><SPAN style=\"FONT-FAMILY: 'Verdana', 'sans-serif'; mso-bidi-font-family: Verdana; mso-fareast-language: IT\">\u2019<\/SPAN><SPAN style=\"FONT-FAMILY: 'Verdana', 'sans-serif'; mso-fareast-language: IT\">Amministrazione regionale. Le responsabilit\u00e0 e i costi derivanti da quelle decisioni&nbsp;&nbsp;devono essere fatti pagare a quel direttore generale, non all<\/SPAN><SPAN style=\"FONT-FAMILY: 'Verdana', 'sans-serif'; mso-bidi-font-family: Verdana; mso-fareast-language: IT\">\u2019<\/SPAN><SPAN style=\"FONT-FAMILY: 'Verdana', 'sans-serif'; mso-fareast-language: IT\">Amministrazione. Chiedo a nome del Pd <\/SPAN><SPAN style=\"FONT-FAMILY: 'Verdana', 'sans-serif'; mso-bidi-font-family: Verdana; mso-fareast-language: IT\">\u2013<\/SPAN><SPAN style=\"FONT-FAMILY: 'Verdana', 'sans-serif'; mso-fareast-language: IT\"> ha concluso <\/SPAN><SPAN style=\"FONT-FAMILY: 'Verdana', 'sans-serif'; mso-bidi-font-family: Verdana; mso-fareast-language: IT\">\u2013<\/SPAN><SPAN style=\"FONT-FAMILY: 'Verdana', 'sans-serif'; mso-fareast-language: IT\"> che quel direttore generale venga rimosso<\/SPAN><SPAN style=\"FONT-FAMILY: 'Verdana', 'sans-serif'; mso-bidi-font-family: Verdana; mso-fareast-language: IT\">\u201d<\/SPAN><SPAN style=\"FONT-FAMILY: 'Verdana', 'sans-serif'; mso-fareast-language: IT\">.<\/SPAN><\/p>\n<p><SPAN style=\"FONT-FAMILY: 'Verdana', 'sans-serif'; mso-fareast-language: IT\">Critico Gian Valerio Sanna ( Pd) che ha ricordato come tutti gli emendamenti e articoli riguardanti il personale siano stati rimandati al DL 71 del 2009: <\/SPAN><SPAN style=\"FONT-FAMILY: 'Verdana', 'sans-serif'; mso-bidi-font-family: Verdana; mso-fareast-language: IT\">\u201c<\/SPAN><SPAN style=\"FONT-FAMILY: 'Verdana', 'sans-serif'; mso-fareast-language: IT\">Non sono d<\/SPAN><SPAN style=\"FONT-FAMILY: 'Verdana', 'sans-serif'; mso-bidi-font-family: Verdana; mso-fareast-language: IT\">\u2019<\/SPAN><SPAN style=\"FONT-FAMILY: 'Verdana', 'sans-serif'; mso-fareast-language: IT\">accordo nel ritenere questa una priorit\u00e0 rispetto ad altre. Non sono in grado di affermare che quello che \u00e8 rimasto sia pi\u00f9 importante di quello che \u00e8 stato tolto<\/SPAN><SPAN style=\"FONT-FAMILY: 'Verdana', 'sans-serif'; mso-bidi-font-family: Verdana; mso-fareast-language: IT\">\u201d<\/SPAN><SPAN style=\"FONT-FAMILY: 'Verdana', 'sans-serif'; mso-fareast-language: IT\">. Sanna ha poi proseguito suggerendo l<\/SPAN><SPAN style=\"FONT-FAMILY: 'Verdana', 'sans-serif'; mso-bidi-font-family: Verdana; mso-fareast-language: IT\">\u2019<\/SPAN><SPAN style=\"FONT-FAMILY: 'Verdana', 'sans-serif'; mso-fareast-language: IT\">eliminazione dei punti b), c) del primo comma: <\/SPAN><SPAN style=\"FONT-FAMILY: 'Verdana', 'sans-serif'; mso-bidi-font-family: Verdana; mso-fareast-language: IT\">\u201c<\/SPAN><SPAN style=\"FONT-FAMILY: 'Verdana', 'sans-serif'; mso-fareast-language: IT\">Spesso&nbsp;&nbsp;questa Regione non \u00e8 abituata a dare un nome a chi ha responsabilit\u00e0 e tende a nasconderle dietro le norme. Alla lettera a) infatti si cerca di far intendere che era difficile da parte del direttore generale&nbsp;&nbsp;interpretare la norma. Non \u00e8 cos\u00ec. Cos\u00ec stiamo coprendo le responsabilit\u00e0. Il direttore generale deve essere posto sotto processo disciplinare. Tra l<\/SPAN><SPAN style=\"FONT-FAMILY: 'Verdana', 'sans-serif'; mso-bidi-font-family: Verdana; mso-fareast-language: IT\">\u2019<\/SPAN><SPAN style=\"FONT-FAMILY: 'Verdana', 'sans-serif'; mso-fareast-language: IT\">altro anche il punto b) deve essere eliminato perch\u00e9 la materia contrattuale non si pu\u00f2 determinare con una legge. Diamo tempo <\/SPAN><SPAN style=\"FONT-FAMILY: 'Verdana', 'sans-serif'; mso-bidi-font-family: Verdana; mso-fareast-language: IT\">\u2013<\/SPAN><SPAN style=\"FONT-FAMILY: 'Verdana', 'sans-serif'; mso-fareast-language: IT\"> ha concluso Sanna <\/SPAN><SPAN style=\"FONT-FAMILY: 'Verdana', 'sans-serif'; mso-bidi-font-family: Verdana; mso-fareast-language: IT\">\u2013<\/SPAN><SPAN style=\"FONT-FAMILY: 'Verdana', 'sans-serif'; mso-fareast-language: IT\"> alla maggioranza e alla Giunta di trovare una via d<\/SPAN><SPAN style=\"FONT-FAMILY: 'Verdana', 'sans-serif'; mso-bidi-font-family: Verdana; mso-fareast-language: IT\">\u2019<\/SPAN><SPAN style=\"FONT-FAMILY: 'Verdana', 'sans-serif'; mso-fareast-language: IT\">uscita onorevole<\/SPAN><SPAN style=\"FONT-FAMILY: 'Verdana', 'sans-serif'; mso-bidi-font-family: Verdana; mso-fareast-language: IT\">\u201d<\/SPAN><SPAN style=\"FONT-FAMILY: 'Verdana', 'sans-serif'; mso-fareast-language: IT\">.&nbsp;<\/SPAN><\/p>\n<p><SPAN style=\"FONT-FAMILY: 'Verdana', 'sans-serif'; mso-fareast-language: IT\">La presidente Claudia Lombardo, in riferimento alle parole di Gian Valerio Sanna, ha concordato sul fatto che esistessero delle incongruenze. Precisando per\u00f2 che il suo ruolo, in questa circostanza, \u00e8 di fare da <\/SPAN><SPAN style=\"FONT-FAMILY: 'Verdana', 'sans-serif'; mso-bidi-font-family: Verdana; mso-fareast-language: IT\">\u201c<\/SPAN><SPAN style=\"FONT-FAMILY: 'Verdana', 'sans-serif'; mso-fareast-language: IT\">garante<\/SPAN><SPAN style=\"FONT-FAMILY: 'Verdana', 'sans-serif'; mso-bidi-font-family: Verdana; mso-fareast-language: IT\">\u201d<\/SPAN><SPAN style=\"FONT-FAMILY: 'Verdana', 'sans-serif'; mso-fareast-language: IT\"> dei testi esitati dalla commissione dove i capigruppo sono <\/SPAN><SPAN style=\"FONT-FAMILY: 'Verdana', 'sans-serif'; mso-bidi-font-family: Verdana; mso-fareast-language: IT\">\u201c<\/SPAN><SPAN style=\"FONT-FAMILY: 'Verdana', 'sans-serif'; mso-fareast-language: IT\">i protagonisti<\/SPAN><SPAN style=\"FONT-FAMILY: 'Verdana', 'sans-serif'; mso-bidi-font-family: Verdana; mso-fareast-language: IT\">\u201d<\/SPAN><SPAN style=\"FONT-FAMILY: 'Verdana', 'sans-serif'; mso-fareast-language: IT\">.<\/SPAN><\/p>\n<p><SPAN style=\"FONT-FAMILY: 'Verdana', 'sans-serif'; mso-fareast-language: IT\">Renato Soru (Pd) ha sottolineato che anche la presidente Lombardo ha definito <\/SPAN><SPAN style=\"FONT-FAMILY: 'Verdana', 'sans-serif'; mso-bidi-font-family: Verdana; mso-fareast-language: IT\">\u201c<\/SPAN><SPAN style=\"FONT-FAMILY: 'Verdana', 'sans-serif'; mso-fareast-language: IT\">incongruo parlare di disposizioni del personale mentre questi eventuali emendamenti sono stati sottratti alla disponibilit\u00e0 dell<\/SPAN><SPAN style=\"FONT-FAMILY: 'Verdana', 'sans-serif'; mso-bidi-font-family: Verdana; mso-fareast-language: IT\">\u2019<\/SPAN><SPAN style=\"FONT-FAMILY: 'Verdana', 'sans-serif'; mso-fareast-language: IT\">Aula, ma previsti perch\u00e9 deciso dalla commissione<\/SPAN><SPAN style=\"FONT-FAMILY: 'Verdana', 'sans-serif'; mso-bidi-font-family: Verdana; mso-fareast-language: IT\">\u201d<\/SPAN><SPAN style=\"FONT-FAMILY: 'Verdana', 'sans-serif'; mso-fareast-language: IT\">. Secondo Soru il tema del precariato \u00e8 <\/SPAN><SPAN style=\"FONT-FAMILY: 'Verdana', 'sans-serif'; mso-bidi-font-family: Verdana; mso-fareast-language: IT\">\u201c<\/SPAN><SPAN style=\"FONT-FAMILY: 'Verdana', 'sans-serif'; mso-fareast-language: IT\">estremamente scivoloso<\/SPAN><SPAN style=\"FONT-FAMILY: 'Verdana', 'sans-serif'; mso-bidi-font-family: Verdana; mso-fareast-language: IT\">\u201d<\/SPAN><SPAN style=\"FONT-FAMILY: 'Verdana', 'sans-serif'; mso-fareast-language: IT\"> e a <\/SPAN><SPAN style=\"FONT-FAMILY: 'Verdana', 'sans-serif'; mso-bidi-font-family: Verdana; mso-fareast-language: IT\">\u201c<\/SPAN><SPAN style=\"FONT-FAMILY: 'Verdana', 'sans-serif'; mso-fareast-language: IT\">parlare di interessi specifici<\/SPAN><SPAN style=\"FONT-FAMILY: 'Verdana', 'sans-serif'; mso-bidi-font-family: Verdana; mso-fareast-language: IT\">\u201d<\/SPAN><SPAN style=\"FONT-FAMILY: 'Verdana', 'sans-serif'; mso-fareast-language: IT\"> in una Sardegna stravolta dalla mancanza di lavoro si finisce con il rendere&nbsp;&nbsp;difficile il compito dei consiglieri. L<\/SPAN><SPAN style=\"FONT-FAMILY: 'Verdana', 'sans-serif'; mso-bidi-font-family: Verdana; mso-fareast-language: IT\">\u2019<\/SPAN><SPAN style=\"FONT-FAMILY: 'Verdana', 'sans-serif'; mso-fareast-language: IT\">indicazione che arriva dall<\/SPAN><SPAN style=\"FONT-FAMILY: 'Verdana', 'sans-serif'; mso-bidi-font-family: Verdana; mso-fareast-language: IT\">\u2019<\/SPAN><SPAN style=\"FONT-FAMILY: 'Verdana', 'sans-serif'; mso-fareast-language: IT\">ex governatore \u00e8 quella di dedicare la discussione all<\/SPAN><SPAN style=\"FONT-FAMILY: 'Verdana', 'sans-serif'; mso-bidi-font-family: Verdana; mso-fareast-language: IT\">\u2019<\/SPAN><SPAN style=\"FONT-FAMILY: 'Verdana', 'sans-serif'; mso-fareast-language: IT\">interesse generale e permettere all<\/SPAN><SPAN style=\"FONT-FAMILY: 'Verdana', 'sans-serif'; mso-bidi-font-family: Verdana; mso-fareast-language: IT\">\u2019<\/SPAN><SPAN style=\"FONT-FAMILY: 'Verdana', 'sans-serif'; mso-fareast-language: IT\">Assemblea legislativa di operare secondo dovere. Ha quindi precisato che se i licenziamenti sono stati illegittimi non vi \u00e8 alcuna necessit\u00e0 di una norma specifica per far rispettare <\/SPAN><SPAN style=\"FONT-FAMILY: 'Verdana', 'sans-serif'; mso-bidi-font-family: Verdana; mso-fareast-language: IT\">\u201c<\/SPAN><SPAN style=\"FONT-FAMILY: 'Verdana', 'sans-serif'; mso-fareast-language: IT\">la legge del giudice<\/SPAN><SPAN style=\"FONT-FAMILY: 'Verdana', 'sans-serif'; mso-bidi-font-family: Verdana; mso-fareast-language: IT\">\u201d<\/SPAN><SPAN style=\"FONT-FAMILY: 'Verdana', 'sans-serif'; mso-fareast-language: IT\">. <\/SPAN><SPAN style=\"FONT-FAMILY: 'Verdana', 'sans-serif'; mso-bidi-font-family: Verdana; mso-fareast-language: IT\">\u201c<\/SPAN><SPAN style=\"FONT-FAMILY: 'Verdana', 'sans-serif'; mso-fareast-language: IT\">Sta all<\/SPAN><SPAN style=\"FONT-FAMILY: 'Verdana', 'sans-serif'; mso-bidi-font-family: Verdana; mso-fareast-language: IT\">\u2019<\/SPAN><SPAN style=\"FONT-FAMILY: 'Verdana', 'sans-serif'; mso-fareast-language: IT\">amministrazione regionale e alla giunta fare in modo che accada<\/SPAN><SPAN style=\"FONT-FAMILY: 'Verdana', 'sans-serif'; mso-bidi-font-family: Verdana; mso-fareast-language: IT\">\u201d<\/SPAN><SPAN style=\"FONT-FAMILY: 'Verdana', 'sans-serif'; mso-fareast-language: IT\">. Bisognerebbe invece aspirare, secondo Soru, a occuparsi di <\/SPAN><SPAN style=\"FONT-FAMILY: 'Verdana', 'sans-serif'; mso-bidi-font-family: Verdana; mso-fareast-language: IT\">\u201c<\/SPAN><SPAN style=\"FONT-FAMILY: 'Verdana', 'sans-serif'; mso-fareast-language: IT\">temi alti<\/SPAN><SPAN style=\"FONT-FAMILY: 'Verdana', 'sans-serif'; mso-bidi-font-family: Verdana; mso-fareast-language: IT\">\u201d<\/SPAN><SPAN style=\"FONT-FAMILY: 'Verdana', 'sans-serif'; mso-fareast-language: IT\"> come la legge statuaria la cui promulgazione \u00e8 stata ritenuta incostituzionale. <\/SPAN><SPAN style=\"FONT-FAMILY: 'Verdana', 'sans-serif'; mso-bidi-font-family: Verdana; mso-fareast-language: IT\">\u201c<\/SPAN><SPAN style=\"FONT-FAMILY: 'Verdana', 'sans-serif'; mso-fareast-language: IT\">Avevamo dato la nostra disponibilit\u00e0 a partecipare costruttivamente per il superamento della legge 1, che risale&nbsp;&nbsp;a 34 anni fa<\/SPAN><SPAN style=\"FONT-FAMILY: 'Verdana', 'sans-serif'; mso-bidi-font-family: Verdana; mso-fareast-language: IT\">\u201d<\/SPAN><SPAN style=\"FONT-FAMILY: 'Verdana', 'sans-serif'; mso-fareast-language: IT\">.<\/SPAN><\/p>\n<p><SPAN style=\"FONT-FAMILY: 'Verdana', 'sans-serif'; mso-fareast-language: IT\">La parola \u00e8 quindi passata alla Giunta. L<\/SPAN><SPAN style=\"FONT-FAMILY: 'Verdana', 'sans-serif'; mso-bidi-font-family: Verdana; mso-fareast-language: IT\">\u2019<\/SPAN><SPAN style=\"FONT-FAMILY: 'Verdana', 'sans-serif'; mso-fareast-language: IT\">assessore degli Affari regionali e del personale, Mario Floris, ha parlato di <\/SPAN><SPAN style=\"FONT-FAMILY: 'Verdana', 'sans-serif'; mso-bidi-font-family: Verdana; mso-fareast-language: IT\">\u201c<\/SPAN><SPAN style=\"FONT-FAMILY: 'Verdana', 'sans-serif'; mso-fareast-language: IT\">supponenza<\/SPAN><SPAN style=\"FONT-FAMILY: 'Verdana', 'sans-serif'; mso-bidi-font-family: Verdana; mso-fareast-language: IT\">\u201d<\/SPAN><SPAN style=\"FONT-FAMILY: 'Verdana', 'sans-serif'; mso-fareast-language: IT\"> e <\/SPAN><SPAN style=\"FONT-FAMILY: 'Verdana', 'sans-serif'; mso-bidi-font-family: Verdana; mso-fareast-language: IT\">\u201c<\/SPAN><SPAN style=\"FONT-FAMILY: 'Verdana', 'sans-serif'; mso-fareast-language: IT\">autosufficienza<\/SPAN><SPAN style=\"FONT-FAMILY: 'Verdana', 'sans-serif'; mso-bidi-font-family: Verdana; mso-fareast-language: IT\">\u201d<\/SPAN><SPAN style=\"FONT-FAMILY: 'Verdana', 'sans-serif'; mso-fareast-language: IT\"> nelle accuse rivolte alla Regione da alcuni consiglieri, lamentando l<\/SPAN><SPAN style=\"FONT-FAMILY: 'Verdana', 'sans-serif'; mso-bidi-font-family: Verdana; mso-fareast-language: IT\">\u2019<\/SPAN><SPAN style=\"FONT-FAMILY: 'Verdana', 'sans-serif'; mso-fareast-language: IT\">assenza di <\/SPAN><SPAN style=\"FONT-FAMILY: 'Verdana', 'sans-serif'; mso-bidi-font-family: Verdana; mso-fareast-language: IT\">\u201c<\/SPAN><SPAN style=\"FONT-FAMILY: 'Verdana', 'sans-serif'; mso-fareast-language: IT\">un dibattito serio<\/SPAN><SPAN style=\"FONT-FAMILY: 'Verdana', 'sans-serif'; mso-bidi-font-family: Verdana; mso-fareast-language: IT\">\u201d<\/SPAN><SPAN style=\"FONT-FAMILY: 'Verdana', 'sans-serif'; mso-fareast-language: IT\"> su come vada rivisto il rapporto tra potere politico e classe amministrativa. Floris si \u00e8 detto contrario ad affrontare la questione rimandandola al dl 71\/2009. <\/SPAN><SPAN style=\"FONT-FAMILY: 'Verdana', 'sans-serif'; mso-bidi-font-family: Verdana; mso-fareast-language: IT\">\u201c<\/SPAN><SPAN style=\"FONT-FAMILY: 'Verdana', 'sans-serif'; mso-fareast-language: IT\"> Ogni mio parere su quel dl sar\u00e0 contrario perch\u00e9 \u00e8 una legge presentata due anni fa che non porta a nulla<\/SPAN><SPAN style=\"FONT-FAMILY: 'Verdana', 'sans-serif'; mso-bidi-font-family: Verdana; mso-fareast-language: IT\">\u201d<\/SPAN><SPAN style=\"FONT-FAMILY: 'Verdana', 'sans-serif'; mso-fareast-language: IT\">. Ha quindi ricordato che nel 2009&nbsp;la Regione&nbsp;ha riconosciuto il ruolo dei&nbsp;&nbsp;dipendenti dell<\/SPAN><SPAN style=\"FONT-FAMILY: 'Verdana', 'sans-serif'; mso-bidi-font-family: Verdana; mso-fareast-language: IT\">\u2019<\/SPAN><SPAN style=\"FONT-FAMILY: 'Verdana', 'sans-serif'; mso-fareast-language: IT\">ufficio stampa. <\/SPAN><SPAN style=\"FONT-FAMILY: 'Verdana', 'sans-serif'; mso-bidi-font-family: Verdana; mso-fareast-language: IT\">\u201c<\/SPAN><SPAN style=\"FONT-FAMILY: 'Verdana', 'sans-serif'; mso-fareast-language: IT\">Le legge prevedeva per gli iscritti all<\/SPAN><SPAN style=\"FONT-FAMILY: 'Verdana', 'sans-serif'; mso-bidi-font-family: Verdana; mso-fareast-language: IT\">\u2019<\/SPAN><SPAN style=\"FONT-FAMILY: 'Verdana', 'sans-serif'; mso-fareast-language: IT\">ordine il contratto giornalistico, mentre per gli altri un trattamento economico vicino a quello dei giornalisti. Noi <\/SPAN><SPAN style=\"FONT-FAMILY: 'Verdana', 'sans-serif'; mso-bidi-font-family: Verdana; mso-fareast-language: IT\">\u2013<\/SPAN><SPAN style=\"FONT-FAMILY: 'Verdana', 'sans-serif'; mso-fareast-language: IT\"> ha chiarito - non abbiamo legittimato, con nessuna interpretazione, come dovesse avvenire il passaggio tra i giornalisti iscritti all<\/SPAN><SPAN style=\"FONT-FAMILY: 'Verdana', 'sans-serif'; mso-bidi-font-family: Verdana; mso-fareast-language: IT\">\u2019<\/SPAN><SPAN style=\"FONT-FAMILY: 'Verdana', 'sans-serif'; mso-fareast-language: IT\">ordine e quelli che non lo erano ma lavoravano all<\/SPAN><SPAN style=\"FONT-FAMILY: 'Verdana', 'sans-serif'; mso-bidi-font-family: Verdana; mso-fareast-language: IT\">\u2019<\/SPAN><SPAN style=\"FONT-FAMILY: 'Verdana', 'sans-serif'; mso-fareast-language: IT\">ufficio stampa. E siamo per trovare, insieme al Consiglio,&nbsp;&nbsp;un<\/SPAN><SPAN style=\"FONT-FAMILY: 'Verdana', 'sans-serif'; mso-bidi-font-family: Verdana; mso-fareast-language: IT\">\u2019<\/SPAN><SPAN style=\"FONT-FAMILY: 'Verdana', 'sans-serif'; mso-fareast-language: IT\">altra norma se non va bene quella adottata<\/SPAN><SPAN style=\"FONT-FAMILY: 'Verdana', 'sans-serif'; mso-bidi-font-family: Verdana; mso-fareast-language: IT\">\u201d<\/SPAN><SPAN style=\"FONT-FAMILY: 'Verdana', 'sans-serif'; mso-fareast-language: IT\">.&nbsp;<\/SPAN><\/p>\n<p><SPAN style=\"FONT-FAMILY: 'Verdana', 'sans-serif'; mso-fareast-language: IT\">Il Presidente della commissione bilancio On. Paolo Maninchedda (Psd<\/SPAN><SPAN style=\"FONT-FAMILY: 'Verdana', 'sans-serif'; mso-bidi-font-family: Verdana; mso-fareast-language: IT\">\u2019<\/SPAN><SPAN style=\"FONT-FAMILY: 'Verdana', 'sans-serif'; mso-fareast-language: IT\">Az) comunica il suo parere sugli emendamenti presentati e dichiarati ammissibili. Sul n\u00b0 154 ( obbligo per l<\/SPAN><SPAN style=\"FONT-FAMILY: 'Verdana', 'sans-serif'; mso-bidi-font-family: Verdana; mso-fareast-language: IT\">\u2019<\/SPAN><SPAN style=\"FONT-FAMILY: 'Verdana', 'sans-serif'; mso-fareast-language: IT\">amministrazione regionale che le societ\u00e0 affidatarie di servizi nel campo nella comunicazione producano idonea certificazione sulle retribuzione dei propri dipendenti ed i contributi previdenziali) invita al ritiro, cos\u00ec come sul n\u00b0 277 (possibilit\u00e0 di concedere contributi&nbsp;<I>de minimis<\/I>&nbsp;e comunque non superiori a 30.000 euro per la costituzione di societ\u00e0 e cooperative editoriali con sede in Sardegna), aggiungendo il parere contrario.<\/SPAN><\/p>\n<p><SPAN style=\"FONT-FAMILY: 'Verdana', 'sans-serif'; mso-fareast-language: IT\">La Presidente Lombardo mette in votazione l<\/SPAN><SPAN style=\"FONT-FAMILY: 'Verdana', 'sans-serif'; mso-bidi-font-family: Verdana; mso-fareast-language: IT\">\u2019<\/SPAN><SPAN style=\"FONT-FAMILY: 'Verdana', 'sans-serif'; mso-fareast-language: IT\">articolo 27 bis.<\/SPAN><\/p>\n<p><SPAN style=\"FONT-FAMILY: 'Verdana', 'sans-serif'; mso-fareast-language: IT\">Luciano Uras (Sel-Comunisti-Indipendentistas) annuncia il voto favorevole del suo gruppo, dichiarando <\/SPAN><SPAN style=\"FONT-FAMILY: 'Verdana', 'sans-serif'; mso-bidi-font-family: Verdana; mso-fareast-language: IT\">\u201c<\/SPAN><SPAN style=\"FONT-FAMILY: 'Verdana', 'sans-serif'; mso-fareast-language: IT\">che ha ragione l<\/SPAN><SPAN style=\"FONT-FAMILY: 'Verdana', 'sans-serif'; mso-bidi-font-family: Verdana; mso-fareast-language: IT\">\u2019<\/SPAN><SPAN style=\"FONT-FAMILY: 'Verdana', 'sans-serif'; mso-fareast-language: IT\">On. Floris, perch\u00e9 nel testo di legge c<\/SPAN><SPAN style=\"FONT-FAMILY: 'Verdana', 'sans-serif'; mso-bidi-font-family: Verdana; mso-fareast-language: IT\">\u2019<\/SPAN><SPAN style=\"FONT-FAMILY: 'Verdana', 'sans-serif'; mso-fareast-language: IT\">erano solo indicazioni sintetiche, e serviva quindi un particolare lavoro interpretativo<\/SPAN><SPAN style=\"FONT-FAMILY: 'Verdana', 'sans-serif'; mso-bidi-font-family: Verdana; mso-fareast-language: IT\">\u201d<\/SPAN><SPAN style=\"FONT-FAMILY: 'Verdana', 'sans-serif'; mso-fareast-language: IT\">. Dopo aver citato il caso anomalo di un dipendente che si \u00e8 visto depennato dal fondo di previdenza integrativa, l<\/SPAN><SPAN style=\"FONT-FAMILY: 'Verdana', 'sans-serif'; mso-bidi-font-family: Verdana; mso-fareast-language: IT\">\u2019<\/SPAN><SPAN style=\"FONT-FAMILY: 'Verdana', 'sans-serif'; mso-fareast-language: IT\">On. Uras ha concluso affermando che, come dimostra questa vicenda <\/SPAN><SPAN style=\"FONT-FAMILY: 'Verdana', 'sans-serif'; mso-bidi-font-family: Verdana; mso-fareast-language: IT\">\u201c<\/SPAN><SPAN style=\"FONT-FAMILY: 'Verdana', 'sans-serif'; mso-fareast-language: IT\">chi ha governato ha prodotto e lasciato confusione, da almeno 15 anni<\/SPAN><SPAN style=\"FONT-FAMILY: 'Verdana', 'sans-serif'; mso-bidi-font-family: Verdana; mso-fareast-language: IT\">\u201d<\/SPAN><SPAN style=\"FONT-FAMILY: 'Verdana', 'sans-serif'; mso-fareast-language: IT\">.<\/SPAN><\/p>\n<p><SPAN style=\"FONT-FAMILY: 'Verdana', 'sans-serif'; mso-fareast-language: IT\">Giampaolo Diana (Pd) chiede 5 minuti di sospensione.<\/SPAN><\/p>\n<p><SPAN style=\"FONT-FAMILY: 'Verdana', 'sans-serif'; mso-fareast-language: IT\">Alla ripresa dei lavori, Attilio Dedoni (Riformatori sardi) definisce il 27 bis <\/SPAN><SPAN style=\"FONT-FAMILY: 'Verdana', 'sans-serif'; mso-bidi-font-family: Verdana; mso-fareast-language: IT\">\u201c<\/SPAN><SPAN style=\"FONT-FAMILY: 'Verdana', 'sans-serif'; mso-fareast-language: IT\">un articolo che richiama tutti, maggioranza e opposizione, al rispetto dell<\/SPAN><SPAN style=\"FONT-FAMILY: 'Verdana', 'sans-serif'; mso-bidi-font-family: Verdana; mso-fareast-language: IT\">\u2019<\/SPAN><SPAN style=\"FONT-FAMILY: 'Verdana', 'sans-serif'; mso-fareast-language: IT\">ordine dei lavori<\/SPAN><SPAN style=\"FONT-FAMILY: 'Verdana', 'sans-serif'; mso-bidi-font-family: Verdana; mso-fareast-language: IT\">\u201d<\/SPAN><SPAN style=\"FONT-FAMILY: 'Verdana', 'sans-serif'; mso-fareast-language: IT\">. Riprendendo le dichiarazioni di Renato Soru ha polemizzato con la sua attenzione legge Statutaria ritenendola&nbsp;&nbsp;<\/SPAN><SPAN style=\"FONT-FAMILY: 'Verdana', 'sans-serif'; mso-bidi-font-family: Verdana; mso-fareast-language: IT\">\u201c<\/SPAN><SPAN style=\"FONT-FAMILY: 'Verdana', 'sans-serif'; mso-fareast-language: IT\">fuorviante; la Sardegna ha bisogno semmai di un nuovo Statuto, coerente con la storia della Sardegna e proiettato nel futuro<\/SPAN><SPAN style=\"FONT-FAMILY: 'Verdana', 'sans-serif'; mso-bidi-font-family: Verdana; mso-fareast-language: IT\">\u201d<\/SPAN><SPAN style=\"FONT-FAMILY: 'Verdana', 'sans-serif'; mso-fareast-language: IT\">.<\/SPAN><\/p>\n<p><SPAN style=\"FONT-FAMILY: 'Verdana', 'sans-serif'; mso-fareast-language: IT\">Per il Pd, Giampaolo Diana annuncia l<\/SPAN><SPAN style=\"FONT-FAMILY: 'Verdana', 'sans-serif'; mso-bidi-font-family: Verdana; mso-fareast-language: IT\">\u2019<\/SPAN><SPAN style=\"FONT-FAMILY: 'Verdana', 'sans-serif'; mso-fareast-language: IT\">astensione, esprimendo dissenso rispetto alle dichiarazioni dell<\/SPAN><SPAN style=\"FONT-FAMILY: 'Verdana', 'sans-serif'; mso-bidi-font-family: Verdana; mso-fareast-language: IT\">\u2019<\/SPAN><SPAN style=\"FONT-FAMILY: 'Verdana', 'sans-serif'; mso-fareast-language: IT\">Assessore Floris, <\/SPAN><SPAN style=\"FONT-FAMILY: 'Verdana', 'sans-serif'; mso-bidi-font-family: Verdana; mso-fareast-language: IT\">\u201c<\/SPAN><SPAN style=\"FONT-FAMILY: 'Verdana', 'sans-serif'; mso-fareast-language: IT\">che di fatto ha avvalorato il comportamento del direttore generale<\/SPAN><SPAN style=\"FONT-FAMILY: 'Verdana', 'sans-serif'; mso-bidi-font-family: Verdana; mso-fareast-language: IT\">\u201d<\/SPAN><SPAN style=\"FONT-FAMILY: 'Verdana', 'sans-serif'; mso-fareast-language: IT\">. Rivolgendosi al Presidente Cappellacci, rileva <\/SPAN><SPAN style=\"FONT-FAMILY: 'Verdana', 'sans-serif'; mso-bidi-font-family: Verdana; mso-fareast-language: IT\">\u201c<\/SPAN><SPAN style=\"FONT-FAMILY: 'Verdana', 'sans-serif'; mso-fareast-language: IT\">che \u00e8 impossibile che dopo la condanna in due gradi di giudizio, la regione non avverta la necessit\u00e0 di prendere provvedimenti, quanto meno a livello di censura. Sarebbe una legittimazione mascherata di comportamenti inammissibili<\/SPAN><SPAN style=\"FONT-FAMILY: 'Verdana', 'sans-serif'; mso-bidi-font-family: Verdana; mso-fareast-language: IT\">\u201d<\/SPAN><SPAN style=\"FONT-FAMILY: 'Verdana', 'sans-serif'; mso-fareast-language: IT\">.<\/SPAN><\/p>\n<p><SPAN style=\"FONT-FAMILY: 'Verdana', 'sans-serif'; mso-fareast-language: IT\">Mario Bruno, capogruppo del Pd, ribadisce l<\/SPAN><SPAN style=\"FONT-FAMILY: 'Verdana', 'sans-serif'; mso-bidi-font-family: Verdana; mso-fareast-language: IT\">\u2019<\/SPAN><SPAN style=\"FONT-FAMILY: 'Verdana', 'sans-serif'; mso-fareast-language: IT\">astensione del gruppo, osservando che <\/SPAN><SPAN style=\"FONT-FAMILY: 'Verdana', 'sans-serif'; mso-bidi-font-family: Verdana; mso-fareast-language: IT\">\u201c<\/SPAN><SPAN style=\"FONT-FAMILY: 'Verdana', 'sans-serif'; mso-fareast-language: IT\">l<\/SPAN><SPAN style=\"FONT-FAMILY: 'Verdana', 'sans-serif'; mso-bidi-font-family: Verdana; mso-fareast-language: IT\">\u2019<\/SPAN><SPAN style=\"FONT-FAMILY: 'Verdana', 'sans-serif'; mso-fareast-language: IT\">articolo non doveva trovare spazio in una legge, bastava applicare le sentenze della magistratura. Come fa Floris a dire che il disegno di legge n\u00b0 71 non gli appartiene? Si tratta di un provvedimento all<\/SPAN><SPAN style=\"FONT-FAMILY: 'Verdana', 'sans-serif'; mso-bidi-font-family: Verdana; mso-fareast-language: IT\">\u2019<\/SPAN><SPAN style=\"FONT-FAMILY: 'Verdana', 'sans-serif'; mso-fareast-language: IT\">ordine del giorno del consiglio. La verit\u00e0 \u00e8 che giunta e maggioranza stanno navigando a vista obbligando a questa scelta sbagliata anche l<\/SPAN><SPAN style=\"FONT-FAMILY: 'Verdana', 'sans-serif'; mso-bidi-font-family: Verdana; mso-fareast-language: IT\">\u2019<\/SPAN><SPAN style=\"FONT-FAMILY: 'Verdana', 'sans-serif'; mso-fareast-language: IT\">assemblea<\/SPAN><SPAN style=\"FONT-FAMILY: 'Verdana', 'sans-serif'; mso-bidi-font-family: Verdana; mso-fareast-language: IT\">\u201d<\/SPAN><SPAN style=\"FONT-FAMILY: 'Verdana', 'sans-serif'; mso-fareast-language: IT\">. Rivendica l<\/SPAN><SPAN style=\"FONT-FAMILY: 'Verdana', 'sans-serif'; mso-bidi-font-family: Verdana; mso-fareast-language: IT\">\u2019<\/SPAN><SPAN style=\"FONT-FAMILY: 'Verdana', 'sans-serif'; mso-fareast-language: IT\">attenzione del Pd in materia di riforme con proposte costruttive e qualificanti. Occorre, ha concluso, recuperare gravi ritardi e <\/SPAN><SPAN style=\"FONT-FAMILY: 'Verdana', 'sans-serif'; mso-bidi-font-family: Verdana; mso-fareast-language: IT\">\u201c<\/SPAN><SPAN style=\"FONT-FAMILY: 'Verdana', 'sans-serif'; mso-fareast-language: IT\">lasciarsi alle spalle questo pessimo collegato al pi\u00f9 presto possibile.<\/SPAN><SPAN style=\"FONT-FAMILY: 'Verdana', 'sans-serif'; mso-bidi-font-family: Verdana; mso-fareast-language: IT\">\u201d<\/SPAN><\/p>\n<p><SPAN style=\"FONT-FAMILY: 'Verdana', 'sans-serif'; mso-fareast-language: IT\">La Presidente Lombardo dichiara aperta la votazione sull<\/SPAN><SPAN style=\"FONT-FAMILY: 'Verdana', 'sans-serif'; mso-bidi-font-family: Verdana; mso-fareast-language: IT\">\u2019<\/SPAN><SPAN style=\"FONT-FAMILY: 'Verdana', 'sans-serif'; mso-fareast-language: IT\">articolo 27 bis<\/SPAN><\/p>\n<p><SPAN style=\"FONT-FAMILY: 'Verdana', 'sans-serif'; mso-fareast-language: IT\">Per dichiarazione di voto, Gianvalerio Sanna (Pd) evidenzia una situazione dal significato ben pi\u00f9 ampio di quello dell<\/SPAN><SPAN style=\"FONT-FAMILY: 'Verdana', 'sans-serif'; mso-bidi-font-family: Verdana; mso-fareast-language: IT\">\u2019<\/SPAN><SPAN style=\"FONT-FAMILY: 'Verdana', 'sans-serif'; mso-fareast-language: IT\">articolo: <\/SPAN><SPAN style=\"FONT-FAMILY: 'Verdana', 'sans-serif'; mso-bidi-font-family: Verdana; mso-fareast-language: IT\">\u201c<\/SPAN><SPAN style=\"FONT-FAMILY: 'Verdana', 'sans-serif'; mso-fareast-language: IT\">la giunta scarica sul consiglio la sua inefficienza e la sua incapacit\u00e0 di gestire l<\/SPAN><SPAN style=\"FONT-FAMILY: 'Verdana', 'sans-serif'; mso-bidi-font-family: Verdana; mso-fareast-language: IT\">\u2019<\/SPAN><SPAN style=\"FONT-FAMILY: 'Verdana', 'sans-serif'; mso-fareast-language: IT\">apparato amministrativo. Dobbiamo fare una legge perch\u00e8 dirigenti della regione non hanno la cultura del risultato ma del compitino? Devono assumersi responsabilit\u00e0 e correre qualche rischio. Non saremo pi\u00f9 disponibili ad operazioni del genere<\/SPAN><SPAN style=\"FONT-FAMILY: 'Verdana', 'sans-serif'; mso-bidi-font-family: Verdana; mso-fareast-language: IT\">\u201d<\/SPAN><SPAN style=\"FONT-FAMILY: 'Verdana', 'sans-serif'; mso-fareast-language: IT\">.<\/SPAN><\/p>\n<p><SPAN style=\"FONT-FAMILY: 'Verdana', 'sans-serif'; mso-fareast-language: IT\">Al termine di quest<\/SPAN><SPAN style=\"FONT-FAMILY: 'Verdana', 'sans-serif'; mso-bidi-font-family: Verdana; mso-fareast-language: IT\">\u2019<\/SPAN><SPAN style=\"FONT-FAMILY: 'Verdana', 'sans-serif'; mso-fareast-language: IT\">ultimo intervento, la Presidente Lombardo mette in votazione l<\/SPAN><SPAN style=\"FONT-FAMILY: 'Verdana', 'sans-serif'; mso-bidi-font-family: Verdana; mso-fareast-language: IT\">\u2019<\/SPAN><SPAN style=\"FONT-FAMILY: 'Verdana', 'sans-serif'; mso-fareast-language: IT\">articolo, con il seguente esito: favorevoli 29, astenuti 18. Il consiglio approva.<\/SPAN><\/p>\n<p><SPAN style=\"FONT-FAMILY: 'Verdana', 'sans-serif'; mso-fareast-language: IT\">La presidente ha poi aperto la discussione sull<\/SPAN><SPAN style=\"FONT-FAMILY: 'Verdana', 'sans-serif'; mso-bidi-font-family: Verdana; mso-fareast-language: IT\">\u2019<\/SPAN><SPAN style=\"FONT-FAMILY: 'Verdana', 'sans-serif'; mso-fareast-language: IT\">emendamento 227 all<\/SPAN><SPAN style=\"FONT-FAMILY: 'Verdana', 'sans-serif'; mso-bidi-font-family: Verdana; mso-fareast-language: IT\">\u2019<\/SPAN><SPAN style=\"FONT-FAMILY: 'Verdana', 'sans-serif'; mso-fareast-language: IT\">articolo 27 bis, presentato dai consiglieri di Sel-Comunisti-Indipendentistas, Luciano Uras e Carlo Sechi. Il testo propone la concessione di un contributo non superiore a 30mila euro annui per un biennio per la costituzione di societ\u00e0 o cooperative editoriali di giornalisti, con sede in Sardegna, per la realizzazione e produzione di testate giornalistiche. Nell<\/SPAN><SPAN style=\"FONT-FAMILY: 'Verdana', 'sans-serif'; mso-bidi-font-family: Verdana; mso-fareast-language: IT\">\u2019<\/SPAN><SPAN style=\"FONT-FAMILY: 'Verdana', 'sans-serif'; mso-fareast-language: IT\">illustrare l<\/SPAN><SPAN style=\"FONT-FAMILY: 'Verdana', 'sans-serif'; mso-bidi-font-family: Verdana; mso-fareast-language: IT\">\u2019<\/SPAN><SPAN style=\"FONT-FAMILY: 'Verdana', 'sans-serif'; mso-fareast-language: IT\">emendamento, il capogruppo Luciano Uras ha spiegato come in questo periodo storico non ci siano lavoratori meno tutelati di quelli dell<\/SPAN><SPAN style=\"FONT-FAMILY: 'Verdana', 'sans-serif'; mso-bidi-font-family: Verdana; mso-fareast-language: IT\">\u2019<\/SPAN><SPAN style=\"FONT-FAMILY: 'Verdana', 'sans-serif'; mso-fareast-language: IT\">informazione. <\/SPAN><SPAN style=\"FONT-FAMILY: 'Verdana', 'sans-serif'; mso-bidi-font-family: Verdana; mso-fareast-language: IT\">\u201c<\/SPAN><SPAN style=\"FONT-FAMILY: 'Verdana', 'sans-serif'; mso-fareast-language: IT\">Le tariffe sono bassissime, i mezzi a disposizione sono i propri. Gli organi di informazione e l<\/SPAN><SPAN style=\"FONT-FAMILY: 'Verdana', 'sans-serif'; mso-bidi-font-family: Verdana; mso-fareast-language: IT\">\u2019<\/SPAN><SPAN style=\"FONT-FAMILY: 'Verdana', 'sans-serif'; mso-fareast-language: IT\">editoria nel suo complesso utilizzano qualit\u00e0 intellettuali significative, formatesi nelle universit\u00e0, con master e dottorati di ricerca ma sottopagati. Con questo emendamento chiediamo che questi lavoratori precari abbiano la possibilit\u00e0 di mettersi insieme e di far partire iniziative proprie, produrre impresa, organizzare lavoro attraverso un sostegno finanziario dell<\/SPAN><SPAN style=\"FONT-FAMILY: 'Verdana', 'sans-serif'; mso-bidi-font-family: Verdana; mso-fareast-language: IT\">\u2019<\/SPAN><SPAN style=\"FONT-FAMILY: 'Verdana', 'sans-serif'; mso-fareast-language: IT\">amministrazione regionale<\/SPAN><SPAN style=\"FONT-FAMILY: 'Verdana', 'sans-serif'; mso-bidi-font-family: Verdana; mso-fareast-language: IT\">\u201d<\/SPAN><SPAN style=\"FONT-FAMILY: 'Verdana', 'sans-serif'; mso-fareast-language: IT\">. E<\/SPAN><SPAN style=\"FONT-FAMILY: 'Verdana', 'sans-serif'; mso-bidi-font-family: Verdana; mso-fareast-language: IT\">\u2019<\/SPAN><SPAN style=\"FONT-FAMILY: 'Verdana', 'sans-serif'; mso-fareast-language: IT\"> intervenuto poi il relatore di maggioranza Paolo Maninchedda che ha proposto di trasferire questo emendamento e il 254 all<\/SPAN><SPAN style=\"FONT-FAMILY: 'Verdana', 'sans-serif'; mso-bidi-font-family: Verdana; mso-fareast-language: IT\">\u2019<\/SPAN><SPAN style=\"FONT-FAMILY: 'Verdana', 'sans-serif'; mso-fareast-language: IT\">articolo 27 quinquies che tratta delle politiche a favore dei giornalisti disoccupati.&nbsp;<\/SPAN><\/p>\n<p><SPAN style=\"FONT-FAMILY: 'Verdana', 'sans-serif'; mso-fareast-language: IT\">Dopo aver accordato lo spostamento, con il favore dell<\/SPAN><SPAN style=\"FONT-FAMILY: 'Verdana', 'sans-serif'; mso-bidi-font-family: Verdana; mso-fareast-language: IT\">\u2019<\/SPAN><SPAN style=\"FONT-FAMILY: 'Verdana', 'sans-serif'; mso-fareast-language: IT\">Aula, e aver salutato gli studenti di Arborea che parteciperanno in rappresentanza della Sardegna alla Giornata della scuola, la presidente Claudia Lombardo ha poi aperto la discussione sull<\/SPAN><SPAN style=\"FONT-FAMILY: 'Verdana', 'sans-serif'; mso-bidi-font-family: Verdana; mso-fareast-language: IT\">\u2019<\/SPAN><SPAN style=\"FONT-FAMILY: 'Verdana', 'sans-serif'; mso-fareast-language: IT\">articolo 27 ter che riguarda modifiche, integrazioni e interpretazione della legge 3 del 2009 sul precariato.<\/SPAN><\/p>\n<p><SPAN style=\"FONT-FAMILY: 'Verdana', 'sans-serif'; mso-fareast-language: IT\">A prendere per primo la parola il consigliere del Pd Gian Valerio Sanna che dopo aver ripreso il tema del Dl 71 <\/SPAN><SPAN style=\"FONT-FAMILY: 'Verdana', 'sans-serif'; mso-bidi-font-family: Verdana; mso-fareast-language: IT\">\u201c<\/SPAN><SPAN style=\"FONT-FAMILY: 'Verdana', 'sans-serif'; mso-fareast-language: IT\">su cui si sono scaricati tutti gli emendamenti relativi al personale<\/SPAN><SPAN style=\"FONT-FAMILY: 'Verdana', 'sans-serif'; mso-bidi-font-family: Verdana; mso-fareast-language: IT\">\u201d<\/SPAN><SPAN style=\"FONT-FAMILY: 'Verdana', 'sans-serif'; mso-fareast-language: IT\">, ha voluto rimarcare che l<\/SPAN><SPAN style=\"FONT-FAMILY: 'Verdana', 'sans-serif'; mso-bidi-font-family: Verdana; mso-fareast-language: IT\">\u2019<\/SPAN><SPAN style=\"FONT-FAMILY: 'Verdana', 'sans-serif'; mso-fareast-language: IT\">emendamento in esame \u00e8 <\/SPAN><SPAN style=\"FONT-FAMILY: 'Verdana', 'sans-serif'; mso-bidi-font-family: Verdana; mso-fareast-language: IT\">\u201c<\/SPAN><SPAN style=\"FONT-FAMILY: 'Verdana', 'sans-serif'; mso-fareast-language: IT\">un<\/SPAN><SPAN style=\"FONT-FAMILY: 'Verdana', 'sans-serif'; mso-bidi-font-family: Verdana; mso-fareast-language: IT\">\u2019<\/SPAN><SPAN style=\"FONT-FAMILY: 'Verdana', 'sans-serif'; mso-fareast-language: IT\">ennesima norma interpretativa che in pi\u00f9 \u00e8 stata gi\u00e0 dichiarata impraticabile, essendosi gi\u00e0 pronunciata l<\/SPAN><SPAN style=\"FONT-FAMILY: 'Verdana', 'sans-serif'; mso-bidi-font-family: Verdana; mso-fareast-language: IT\">\u2019<\/SPAN><SPAN style=\"FONT-FAMILY: 'Verdana', 'sans-serif'; mso-fareast-language: IT\">autorit\u00e0 giudiziaria<\/SPAN><SPAN style=\"FONT-FAMILY: 'Verdana', 'sans-serif'; mso-bidi-font-family: Verdana; mso-fareast-language: IT\">\u201d<\/SPAN><SPAN style=\"FONT-FAMILY: 'Verdana', 'sans-serif'; mso-fareast-language: IT\">. Si tratta, secondo Sanna, di una sanatoria per la quale <\/SPAN><SPAN style=\"FONT-FAMILY: 'Verdana', 'sans-serif'; mso-bidi-font-family: Verdana; mso-fareast-language: IT\">\u201c<\/SPAN><SPAN style=\"FONT-FAMILY: 'Verdana', 'sans-serif'; mso-fareast-language: IT\">si sta inventando un corso-concorso per sanare una condizione illegittima<\/SPAN><SPAN style=\"FONT-FAMILY: 'Verdana', 'sans-serif'; mso-bidi-font-family: Verdana; mso-fareast-language: IT\">\u201d<\/SPAN><SPAN style=\"FONT-FAMILY: 'Verdana', 'sans-serif'; mso-fareast-language: IT\">.<\/SPAN><\/p>\n<p><SPAN style=\"FONT-FAMILY: 'Verdana', 'sans-serif'; mso-fareast-language: IT\">Voto favorevole agli articoli 27 ter e 27 quater \u00e8 stato annunciato Pierpaolo Vargiu (capogruppo Riformatori sardi <\/SPAN><SPAN style=\"FONT-FAMILY: 'Verdana', 'sans-serif'; mso-bidi-font-family: Verdana; mso-fareast-language: IT\">\u2013<\/SPAN><SPAN style=\"FONT-FAMILY: 'Verdana', 'sans-serif'; mso-fareast-language: IT\"> liberaldemocratici). <\/SPAN><SPAN style=\"FONT-FAMILY: 'Verdana', 'sans-serif'; mso-bidi-font-family: Verdana; mso-fareast-language: IT\">\u201c<\/SPAN><SPAN style=\"FONT-FAMILY: 'Verdana', 'sans-serif'; mso-fareast-language: IT\">Questi due articoli non ritengo siano il manifesto della maggioranza che governa il Consiglio regionale, sicuramente non sono il nostro, quello dei Riformatori. Li votiamo subendo quanto \u00e8 stato stabilito in maggioranza, ma non rappresentano la filosofia dei Riformatori. Noi siamo per i concorsi. Per risolvere il problema del precariato \u00e8 solo lo sviluppo economico, la produzione di nuovo reddito: bisogna far crescere il Pil in Sardegna. Questo credo che sia un tema fondamentale, anche la minoranza dovrebbe incalzare la maggioranza ogni giorno su questo argomento<\/SPAN><SPAN style=\"FONT-FAMILY: 'Verdana', 'sans-serif'; mso-bidi-font-family: Verdana; mso-fareast-language: IT\">\u201d<\/SPAN><SPAN style=\"FONT-FAMILY: 'Verdana', 'sans-serif'; mso-fareast-language: IT\">. Poi rispondendo alle critiche continue mosse alla maggioranza dall<\/SPAN><SPAN style=\"FONT-FAMILY: 'Verdana', 'sans-serif'; mso-bidi-font-family: Verdana; mso-fareast-language: IT\">\u2019<\/SPAN><SPAN style=\"FONT-FAMILY: 'Verdana', 'sans-serif'; mso-fareast-language: IT\">opposizione, Vargiu ha affermato che il centrosinistra \u00e8 favorevole <\/SPAN><SPAN style=\"FONT-FAMILY: 'Verdana', 'sans-serif'; mso-bidi-font-family: Verdana; mso-fareast-language: IT\">\u201c<\/SPAN><SPAN style=\"FONT-FAMILY: 'Verdana', 'sans-serif'; mso-fareast-language: IT\">solo all<\/SPAN><SPAN style=\"FONT-FAMILY: 'Verdana', 'sans-serif'; mso-bidi-font-family: Verdana; mso-fareast-language: IT\">\u2019<\/SPAN><SPAN style=\"FONT-FAMILY: 'Verdana', 'sans-serif'; mso-fareast-language: IT\">immobilismo<\/SPAN><SPAN style=\"FONT-FAMILY: 'Verdana', 'sans-serif'; mso-bidi-font-family: Verdana; mso-fareast-language: IT\">\u201d<\/SPAN><SPAN style=\"FONT-FAMILY: 'Verdana', 'sans-serif'; mso-fareast-language: IT\">, sottolineando che alle critiche non seguono proposte. <\/SPAN><\/p>\n<p><SPAN style=\"FONT-FAMILY: 'Verdana', 'sans-serif'; mso-fareast-language: IT\">Secondo Marco Meloni (Pd)&nbsp;&nbsp;l<\/SPAN><SPAN style=\"FONT-FAMILY: 'Verdana', 'sans-serif'; mso-bidi-font-family: Verdana; mso-fareast-language: IT\">\u2019<\/SPAN><SPAN style=\"FONT-FAMILY: 'Verdana', 'sans-serif'; mso-fareast-language: IT\">approvazione di questa norma esporrebbe l<\/SPAN><SPAN style=\"FONT-FAMILY: 'Verdana', 'sans-serif'; mso-bidi-font-family: Verdana; mso-fareast-language: IT\">\u2019<\/SPAN><SPAN style=\"FONT-FAMILY: 'Verdana', 'sans-serif'; mso-fareast-language: IT\">Assemblea legislativa al <\/SPAN><SPAN style=\"FONT-FAMILY: 'Verdana', 'sans-serif'; mso-bidi-font-family: Verdana; mso-fareast-language: IT\">\u201c<\/SPAN><SPAN style=\"FONT-FAMILY: 'Verdana', 'sans-serif'; mso-fareast-language: IT\">ridicolo<\/SPAN><SPAN style=\"FONT-FAMILY: 'Verdana', 'sans-serif'; mso-bidi-font-family: Verdana; mso-fareast-language: IT\">\u201d<\/SPAN><SPAN style=\"FONT-FAMILY: 'Verdana', 'sans-serif'; mso-fareast-language: IT\">. Si tratta infatti <\/SPAN><SPAN style=\"FONT-FAMILY: 'Verdana', 'sans-serif'; mso-bidi-font-family: Verdana; mso-fareast-language: IT\">\u2013<\/SPAN><SPAN style=\"FONT-FAMILY: 'Verdana', 'sans-serif'; mso-fareast-language: IT\"> ha spiegato <\/SPAN><SPAN style=\"FONT-FAMILY: 'Verdana', 'sans-serif'; mso-bidi-font-family: Verdana; mso-fareast-language: IT\">\u2013<\/SPAN><SPAN style=\"FONT-FAMILY: 'Verdana', 'sans-serif'; mso-fareast-language: IT\"> di una legge gi\u00e0 approvata nel 2009 dal Consiglio regionale e rinviata dal Governo nazionale. <\/SPAN><SPAN style=\"FONT-FAMILY: 'Verdana', 'sans-serif'; mso-bidi-font-family: Verdana; mso-fareast-language: IT\">\u201c<\/SPAN><SPAN style=\"FONT-FAMILY: 'Verdana', 'sans-serif'; mso-fareast-language: IT\">Se anche volessimo stabilizzare tutti i precari a discapito di chi \u00e8 rimasto fuori c<\/SPAN><SPAN style=\"FONT-FAMILY: 'Verdana', 'sans-serif'; mso-bidi-font-family: Verdana; mso-fareast-language: IT\">\u2019<\/SPAN><SPAN style=\"FONT-FAMILY: 'Verdana', 'sans-serif'; mso-fareast-language: IT\">\u00e8 la Corte Costituzionale che ce lo vieta: si entra con un concorso, e noi continuiamo a dire che basta una selezione di natura concorsuale, prendendoli in giro<\/SPAN><SPAN style=\"FONT-FAMILY: 'Verdana', 'sans-serif'; mso-bidi-font-family: Verdana; mso-fareast-language: IT\">\u201d<\/SPAN><SPAN style=\"FONT-FAMILY: 'Verdana', 'sans-serif'; mso-fareast-language: IT\">. Meloni ha proposto di trovare un <\/SPAN><SPAN style=\"FONT-FAMILY: 'Verdana', 'sans-serif'; mso-bidi-font-family: Verdana; mso-fareast-language: IT\">\u201c<\/SPAN><SPAN style=\"FONT-FAMILY: 'Verdana', 'sans-serif'; mso-fareast-language: IT\">percorso ragionevole e costituzionalmente legittimo<\/SPAN><SPAN style=\"FONT-FAMILY: 'Verdana', 'sans-serif'; mso-bidi-font-family: Verdana; mso-fareast-language: IT\">\u201d<\/SPAN><SPAN style=\"FONT-FAMILY: 'Verdana', 'sans-serif'; mso-fareast-language: IT\"> per aiutare i precari. E ha infine sollecitato la presidenza ad operare da filtro rispetto alla presentazione di norme identiche ad altre divenute oggetto della Corte Costituzionale.<\/SPAN><\/p>\n<p><SPAN style=\"FONT-FAMILY: 'Verdana', 'sans-serif'; mso-fareast-language: IT\">Giulio Steri (Udc-Fli) ha spiegato che la scelta di rimandare al dl 71 le leggi in tema di personale era stata concordata con l<\/SPAN><SPAN style=\"FONT-FAMILY: 'Verdana', 'sans-serif'; mso-bidi-font-family: Verdana; mso-fareast-language: IT\">\u2019<\/SPAN><SPAN style=\"FONT-FAMILY: 'Verdana', 'sans-serif'; mso-fareast-language: IT\">opposizione, di cui si era anche accolta la richiesta di discutere nel Collegato alla manovra finanziaria, in via eccezionale, alcuni emendamenti sul tema, come la norma in oggetto. In quanto al problema del precariato, secondo Steri occorre sforzarsi per creare nuove occasioni di lavoro, evitando di esasperare e alimentare una contrapposizione tra <\/SPAN><SPAN style=\"FONT-FAMILY: 'Verdana', 'sans-serif'; mso-bidi-font-family: Verdana; mso-fareast-language: IT\">\u201c<\/SPAN><SPAN style=\"FONT-FAMILY: 'Verdana', 'sans-serif'; mso-fareast-language: IT\">precari e chi cerca di accedere al mondo del lavoro<\/SPAN><SPAN style=\"FONT-FAMILY: 'Verdana', 'sans-serif'; mso-bidi-font-family: Verdana; mso-fareast-language: IT\">\u201d<\/SPAN><SPAN style=\"FONT-FAMILY: 'Verdana', 'sans-serif'; mso-fareast-language: IT\">. Prima per\u00f2 vanno regolarizzate le posizione di quei lavoratori precari che sussistono da oltre dieci anni. In merito al giudizio dell<\/SPAN><SPAN style=\"FONT-FAMILY: 'Verdana', 'sans-serif'; mso-bidi-font-family: Verdana; mso-fareast-language: IT\">\u2019<\/SPAN><SPAN style=\"FONT-FAMILY: 'Verdana', 'sans-serif'; mso-fareast-language: IT\">assessore Floris sul dl 71, ha chiarito che si tratta di <\/SPAN><SPAN style=\"FONT-FAMILY: 'Verdana', 'sans-serif'; mso-bidi-font-family: Verdana; mso-fareast-language: IT\">\u201c<\/SPAN><SPAN style=\"FONT-FAMILY: 'Verdana', 'sans-serif'; mso-fareast-language: IT\">un<\/SPAN><SPAN style=\"FONT-FAMILY: 'Verdana', 'sans-serif'; mso-bidi-font-family: Verdana; mso-fareast-language: IT\">\u2019<\/SPAN><SPAN style=\"FONT-FAMILY: 'Verdana', 'sans-serif'; mso-fareast-language: IT\">opinione personale<\/SPAN><SPAN style=\"FONT-FAMILY: 'Verdana', 'sans-serif'; mso-bidi-font-family: Verdana; mso-fareast-language: IT\">\u201d<\/SPAN><SPAN style=\"FONT-FAMILY: 'Verdana', 'sans-serif'; mso-fareast-language: IT\"> non condivisa dalla maggioranza. <\/SPAN><\/p>\n<p><SPAN style=\"FONT-FAMILY: 'Verdana', 'sans-serif'; mso-bidi-font-family: Verdana; mso-fareast-language: IT\">\u201c<\/SPAN><SPAN style=\"FONT-FAMILY: 'Verdana', 'sans-serif'; mso-fareast-language: IT\">E<\/SPAN><SPAN style=\"FONT-FAMILY: 'Verdana', 'sans-serif'; mso-bidi-font-family: Verdana; mso-fareast-language: IT\">\u2019<\/SPAN><SPAN style=\"FONT-FAMILY: 'Verdana', 'sans-serif'; mso-fareast-language: IT\"> una battaglia lunga, quasi infinita<\/SPAN><SPAN style=\"FONT-FAMILY: 'Verdana', 'sans-serif'; mso-bidi-font-family: Verdana; mso-fareast-language: IT\">\u201d<\/SPAN><SPAN style=\"FONT-FAMILY: 'Verdana', 'sans-serif'; mso-fareast-language: IT\">, dice l<\/SPAN><SPAN style=\"FONT-FAMILY: 'Verdana', 'sans-serif'; mso-bidi-font-family: Verdana; mso-fareast-language: IT\">\u2019<\/SPAN><SPAN style=\"FONT-FAMILY: 'Verdana', 'sans-serif'; mso-fareast-language: IT\">On. Uras (Sel-Comunisti-Indipendentistas), ricordando, ad esempio, le persone che stanno in tenda davanti al comune di Cagliari: <\/SPAN><SPAN style=\"FONT-FAMILY: 'Verdana', 'sans-serif'; mso-bidi-font-family: Verdana; mso-fareast-language: IT\">\u201c<\/SPAN><SPAN style=\"FONT-FAMILY: 'Verdana', 'sans-serif'; mso-fareast-language: IT\">hanno pi\u00f9 di 50 anni e come reddito solo qualche cantiere di lavoro dell<\/SPAN><SPAN style=\"FONT-FAMILY: 'Verdana', 'sans-serif'; mso-bidi-font-family: Verdana; mso-fareast-language: IT\">\u2019<\/SPAN><SPAN style=\"FONT-FAMILY: 'Verdana', 'sans-serif'; mso-fareast-language: IT\">amministrazione comunale, a prescindere dal colore politico. Lo fanno da anni. Ci sono anche nei ministeri, nelle universit\u00e0, negli ospedali, in alcuni casi da vent<\/SPAN><SPAN style=\"FONT-FAMILY: 'Verdana', 'sans-serif'; mso-bidi-font-family: Verdana; mso-fareast-language: IT\">\u2019<\/SPAN><SPAN style=\"FONT-FAMILY: 'Verdana', 'sans-serif'; mso-fareast-language: IT\">anni per svolgere attivit\u00e0 obbligatorie, lavorando anche gratis. Cosa facciamo di questa gente? E<\/SPAN><SPAN style=\"FONT-FAMILY: 'Verdana', 'sans-serif'; mso-bidi-font-family: Verdana; mso-fareast-language: IT\">\u2019<\/SPAN><SPAN style=\"FONT-FAMILY: 'Verdana', 'sans-serif'; mso-fareast-language: IT\"> colpa nostra o di chi ha governato e governa? I precari li hanno creati tutti, anche governi di&nbsp;<I>schieramento avanzato<\/I><\/SPAN><SPAN style=\"FONT-FAMILY: 'Verdana', 'sans-serif'; mso-bidi-font-family: Verdana; mso-fareast-language: IT\">\u201d<\/SPAN><SPAN style=\"FONT-FAMILY: 'Verdana', 'sans-serif'; mso-fareast-language: IT\">. E<\/SPAN><SPAN style=\"FONT-FAMILY: 'Verdana', 'sans-serif'; mso-bidi-font-family: Verdana; mso-fareast-language: IT\">\u2019<\/SPAN><SPAN style=\"FONT-FAMILY: 'Verdana', 'sans-serif'; mso-fareast-language: IT\">gente normale alla quale non possiamo dire di <\/SPAN><SPAN style=\"FONT-FAMILY: 'Verdana', 'sans-serif'; mso-bidi-font-family: Verdana; mso-fareast-language: IT\">\u201c<\/SPAN><SPAN style=\"FONT-FAMILY: 'Verdana', 'sans-serif'; mso-fareast-language: IT\">arrangiarsi<\/SPAN><SPAN style=\"FONT-FAMILY: 'Verdana', 'sans-serif'; mso-bidi-font-family: Verdana; mso-fareast-language: IT\">\u201d<\/SPAN><SPAN style=\"FONT-FAMILY: 'Verdana', 'sans-serif'; mso-fareast-language: IT\"> o continuare nell<\/SPAN><SPAN style=\"FONT-FAMILY: 'Verdana', 'sans-serif'; mso-bidi-font-family: Verdana; mso-fareast-language: IT\">\u2019<\/SPAN><SPAN style=\"FONT-FAMILY: 'Verdana', 'sans-serif'; mso-fareast-language: IT\">immobilismo <\/SPAN><SPAN style=\"FONT-FAMILY: 'Verdana', 'sans-serif'; mso-bidi-font-family: Verdana; mso-fareast-language: IT\">\u201c<\/SPAN><SPAN style=\"FONT-FAMILY: 'Verdana', 'sans-serif'; mso-fareast-language: IT\">per far defluire in qualche modo la pressione sociale<\/SPAN><SPAN style=\"FONT-FAMILY: 'Verdana', 'sans-serif'; mso-bidi-font-family: Verdana; mso-fareast-language: IT\">\u201d<\/SPAN><SPAN style=\"FONT-FAMILY: 'Verdana', 'sans-serif'; mso-fareast-language: IT\">. Le soluzioni molto spesso non sono le migliori ma certo non hanno brillato per il loro impegno <\/SPAN><SPAN style=\"FONT-FAMILY: 'Verdana', 'sans-serif'; mso-bidi-font-family: Verdana; mso-fareast-language: IT\">\u201c<\/SPAN><SPAN style=\"FONT-FAMILY: 'Verdana', 'sans-serif'; mso-fareast-language: IT\">quelli che vogliono sempre fare la lezione agli altri. Ce ne dobbiamo preoccupare e dovrebbero farlo tutti, coerentemente<\/SPAN><SPAN style=\"FONT-FAMILY: 'Verdana', 'sans-serif'; mso-bidi-font-family: Verdana; mso-fareast-language: IT\">\u201d<\/SPAN><SPAN style=\"FONT-FAMILY: 'Verdana', 'sans-serif'; mso-fareast-language: IT\">.<\/SPAN><\/p>\n<p><SPAN style=\"FONT-FAMILY: 'Verdana', 'sans-serif'; mso-fareast-language: IT\">Giampaolo Diana (Pd), pensa di essere <\/SPAN><SPAN style=\"FONT-FAMILY: 'Verdana', 'sans-serif'; mso-bidi-font-family: Verdana; mso-fareast-language: IT\">\u201c<\/SPAN><SPAN style=\"FONT-FAMILY: 'Verdana', 'sans-serif'; mso-fareast-language: IT\">fra quelli che cerca di rappresentare anche quelli che non riescono a masticare per mancanza di denti<\/SPAN><SPAN style=\"FONT-FAMILY: 'Verdana', 'sans-serif'; mso-bidi-font-family: Verdana; mso-fareast-language: IT\">\u201d<\/SPAN><SPAN style=\"FONT-FAMILY: 'Verdana', 'sans-serif'; mso-fareast-language: IT\">. A Vargiu, con stima, dice per\u00f2 che <\/SPAN><SPAN style=\"FONT-FAMILY: 'Verdana', 'sans-serif'; mso-bidi-font-family: Verdana; mso-fareast-language: IT\">\u201c<\/SPAN><SPAN style=\"FONT-FAMILY: 'Verdana', 'sans-serif'; mso-fareast-language: IT\">in Sardegna servono pi\u00f9 politiche di sviluppo, che semmai devono essere seguite ed accompagnate da quelle del lavoro<\/SPAN><SPAN style=\"FONT-FAMILY: 'Verdana', 'sans-serif'; mso-bidi-font-family: Verdana; mso-fareast-language: IT\">\u201d<\/SPAN><SPAN style=\"FONT-FAMILY: 'Verdana', 'sans-serif'; mso-fareast-language: IT\">. Quando se ne pu\u00f2 parlare? In molte occasioni veniamo rimproverati di essere fuori tema rispetto a finanziaria e collegato. Allora, rivolto a tutti i capigruppo, formula la proposta di <\/SPAN><SPAN style=\"FONT-FAMILY: 'Verdana', 'sans-serif'; mso-bidi-font-family: Verdana; mso-fareast-language: IT\">\u201c<\/SPAN><SPAN style=\"FONT-FAMILY: 'Verdana', 'sans-serif'; mso-fareast-language: IT\">una sessione straordinaria del consiglio con mettiamo all<\/SPAN><SPAN style=\"FONT-FAMILY: 'Verdana', 'sans-serif'; mso-bidi-font-family: Verdana; mso-fareast-language: IT\">\u2019<\/SPAN><SPAN style=\"FONT-FAMILY: 'Verdana', 'sans-serif'; mso-fareast-language: IT\">ordine del giorno i temi dello sviluppo economico della Sardegna: insularit\u00e0, infrastrutture materiali, servizi alle imprese, fiscalit\u00e0 di vantaggio, zone franche, zone industriali che non funzionano<\/SPAN><SPAN style=\"FONT-FAMILY: 'Verdana', 'sans-serif'; mso-bidi-font-family: Verdana; mso-fareast-language: IT\">\u201d<\/SPAN><SPAN style=\"FONT-FAMILY: 'Verdana', 'sans-serif'; mso-fareast-language: IT\">. Ricollegandosi alla vertenza <\/SPAN><SPAN style=\"FONT-FAMILY: 'Verdana', 'sans-serif'; mso-bidi-font-family: Verdana; mso-fareast-language: IT\">\u2013<\/SPAN><SPAN style=\"FONT-FAMILY: 'Verdana', 'sans-serif'; mso-fareast-language: IT\"> entrate, suggerisce poi di destinarne una parte al <\/SPAN><SPAN style=\"FONT-FAMILY: 'Verdana', 'sans-serif'; mso-bidi-font-family: Verdana; mso-fareast-language: IT\">\u201c<\/SPAN><SPAN style=\"FONT-FAMILY: 'Verdana', 'sans-serif'; mso-fareast-language: IT\">recupero il deficit infrastrutturale perch\u00e9 abbiamo un gap di circa il 60% rispetto al territorio nazionale<\/SPAN><SPAN style=\"FONT-FAMILY: 'Verdana', 'sans-serif'; mso-bidi-font-family: Verdana; mso-fareast-language: IT\">\u201d<\/SPAN><SPAN style=\"FONT-FAMILY: 'Verdana', 'sans-serif'; mso-fareast-language: IT\">. Su precariato, parrebbe che nessuno sia contrario ma ricorda che nella passata legislatura la legge 2\/2007, per la prima volta, \u00e8 stato affrontato il problema con un piano pluriennale. E<\/SPAN><SPAN style=\"FONT-FAMILY: 'Verdana', 'sans-serif'; mso-bidi-font-family: Verdana; mso-fareast-language: IT\">\u2019<\/SPAN><SPAN style=\"FONT-FAMILY: 'Verdana', 'sans-serif'; mso-fareast-language: IT\"> andato bene nel 2008 va bene ma dal 2009 si \u00e8 fermato. La norma che stiamo per votare, si chiesto, <\/SPAN><SPAN style=\"FONT-FAMILY: 'Verdana', 'sans-serif'; mso-bidi-font-family: Verdana; mso-fareast-language: IT\">\u201c<\/SPAN><SPAN style=\"FONT-FAMILY: 'Verdana', 'sans-serif'; mso-fareast-language: IT\">ci consente una soluzione o \u00e8 pasticciata? Chiedo formalmente un parere dell<\/SPAN><SPAN style=\"FONT-FAMILY: 'Verdana', 'sans-serif'; mso-bidi-font-family: Verdana; mso-fareast-language: IT\">\u2019<\/SPAN><SPAN style=\"FONT-FAMILY: 'Verdana', 'sans-serif'; mso-fareast-language: IT\">ufficio legislativo<\/SPAN><SPAN style=\"FONT-FAMILY: 'Verdana', 'sans-serif'; mso-bidi-font-family: Verdana; mso-fareast-language: IT\">\u201d<\/SPAN><SPAN style=\"FONT-FAMILY: 'Verdana', 'sans-serif'; mso-fareast-language: IT\">. (A.F.)<\/SPAN><\/p>\n<p><SPAN style=\"FONT-FAMILY: 'Verdana', 'sans-serif'; mso-fareast-language: IT\">La parola poi al consigliere dei Riformatori sardi-Liberaldemocratici, Attilio Dedoni che ha posto l<\/SPAN><SPAN style=\"FONT-FAMILY: 'Verdana', 'sans-serif'; mso-bidi-font-family: Verdana; mso-fareast-language: IT\">\u2019<\/SPAN><SPAN style=\"FONT-FAMILY: 'Verdana', 'sans-serif'; mso-fareast-language: IT\">accento sulla necessit\u00e0 di mettere mano al sistema del pubblico impiego, pur tenendo in considerazione le situazioni in atto da sanare. Dedoni ha ricordato in premessa la difficile situazione dell<\/SPAN><SPAN style=\"FONT-FAMILY: 'Verdana', 'sans-serif'; mso-bidi-font-family: Verdana; mso-fareast-language: IT\">\u2019<\/SPAN><SPAN style=\"FONT-FAMILY: 'Verdana', 'sans-serif'; mso-fareast-language: IT\">occupazione nell<\/SPAN><SPAN style=\"FONT-FAMILY: 'Verdana', 'sans-serif'; mso-bidi-font-family: Verdana; mso-fareast-language: IT\">\u2019<\/SPAN><SPAN style=\"FONT-FAMILY: 'Verdana', 'sans-serif'; mso-fareast-language: IT\">isola e non solo e la necessit\u00e0 di trovare delle soluzioni condivise. <\/SPAN><SPAN style=\"FONT-FAMILY: 'Verdana', 'sans-serif'; mso-bidi-font-family: Verdana; mso-fareast-language: IT\">\u201c<\/SPAN><SPAN style=\"FONT-FAMILY: 'Verdana', 'sans-serif'; mso-fareast-language: IT\">Non si pu\u00f2 entrare nel tema del pubblico impiego se non con opportune azioni di selezione <\/SPAN><SPAN style=\"FONT-FAMILY: 'Verdana', 'sans-serif'; mso-bidi-font-family: Verdana; mso-fareast-language: IT\">\u2013<\/SPAN><SPAN style=\"FONT-FAMILY: 'Verdana', 'sans-serif'; mso-fareast-language: IT\"> ha affermato Dedoni -&nbsp;&nbsp;Vivo anch<\/SPAN><SPAN style=\"FONT-FAMILY: 'Verdana', 'sans-serif'; mso-bidi-font-family: Verdana; mso-fareast-language: IT\">\u2019<\/SPAN><SPAN style=\"FONT-FAMILY: 'Verdana', 'sans-serif'; mso-fareast-language: IT\">io le difficolt\u00e0 del momento, i problemi che i giovani e le famiglie hanno con il sistema, ma quando si vuole ripartire con un nuovo sistema per avere posizioni chiare, devono esserci relazioni sindacali diverse da quelle finora conosciute<\/SPAN><SPAN style=\"FONT-FAMILY: 'Verdana', 'sans-serif'; mso-bidi-font-family: Verdana; mso-fareast-language: IT\">\u201d<\/SPAN><SPAN style=\"FONT-FAMILY: 'Verdana', 'sans-serif'; mso-fareast-language: IT\">.<\/SPAN><\/p>\n<p><SPAN style=\"FONT-FAMILY: 'Verdana', 'sans-serif'; mso-fareast-language: IT\">E<\/SPAN><SPAN style=\"FONT-FAMILY: 'Verdana', 'sans-serif'; mso-bidi-font-family: Verdana; mso-fareast-language: IT\">\u2019<\/SPAN><SPAN style=\"FONT-FAMILY: 'Verdana', 'sans-serif'; mso-fareast-language: IT\"> stato poi il turno dell<\/SPAN><SPAN style=\"FONT-FAMILY: 'Verdana', 'sans-serif'; mso-bidi-font-family: Verdana; mso-fareast-language: IT\">\u2019<\/SPAN><SPAN style=\"FONT-FAMILY: 'Verdana', 'sans-serif'; mso-fareast-language: IT\">ex presidente della Regione Renato Soru, Pd, che ha sottolineato la portata di una discussione come quella di questa mattina: <\/SPAN><SPAN style=\"FONT-FAMILY: 'Verdana', 'sans-serif'; mso-bidi-font-family: Verdana; mso-fareast-language: IT\">\u201c<\/SPAN><SPAN style=\"FONT-FAMILY: 'Verdana', 'sans-serif'; mso-fareast-language: IT\">Qual \u00e8 il tipo di lavoro che vogliamo e cosa riteniamo che la politica possa fare per dare lavoro a chi non ce l<\/SPAN><SPAN style=\"FONT-FAMILY: 'Verdana', 'sans-serif'; mso-bidi-font-family: Verdana; mso-fareast-language: IT\">\u2019<\/SPAN><SPAN style=\"FONT-FAMILY: 'Verdana', 'sans-serif'; mso-fareast-language: IT\">ha<\/SPAN><SPAN style=\"FONT-FAMILY: 'Verdana', 'sans-serif'; mso-bidi-font-family: Verdana; mso-fareast-language: IT\">\u201d<\/SPAN><SPAN style=\"FONT-FAMILY: 'Verdana', 'sans-serif'; mso-fareast-language: IT\">. <\/SPAN><SPAN style=\"FONT-FAMILY: 'Verdana', 'sans-serif'; mso-bidi-font-family: Verdana; mso-fareast-language: IT\">\u201c<\/SPAN><SPAN style=\"FONT-FAMILY: 'Verdana', 'sans-serif'; mso-fareast-language: IT\">Abbiamo responsabilit\u00e0 verso i giovani e non possiamo consumare noi&nbsp;<A href=\"javascript:mails_addtocal(1,%22oggi%22);\"><SPAN style=\"COLOR: #ff8000; TEXT-DECORATION: none; text-underline: none\">oggi<\/SPAN><\/A>&nbsp;quello che non ci appartiene <\/SPAN><SPAN style=\"FONT-FAMILY: 'Verdana', 'sans-serif'; mso-bidi-font-family: Verdana; mso-fareast-language: IT\">\u2013<\/SPAN><SPAN style=\"FONT-FAMILY: 'Verdana', 'sans-serif'; mso-fareast-language: IT\"> ha proseguito il consigliere dei Democratici - Io credo che le politiche del lavoro siano prima di tutto politiche di sviluppo<\/SPAN><SPAN style=\"FONT-FAMILY: 'Verdana', 'sans-serif'; mso-bidi-font-family: Verdana; mso-fareast-language: IT\">\u201d<\/SPAN><SPAN style=\"FONT-FAMILY: 'Verdana', 'sans-serif'; mso-fareast-language: IT\">. Ricordando quanto avviato nella scorsa legislatura, Soru si \u00e8 soffermato sulle questioni specifiche della norma dell<\/SPAN><SPAN style=\"FONT-FAMILY: 'Verdana', 'sans-serif'; mso-bidi-font-family: Verdana; mso-fareast-language: IT\">\u2019<\/SPAN><SPAN style=\"FONT-FAMILY: 'Verdana', 'sans-serif'; mso-fareast-language: IT\">articolo 27 ter: <\/SPAN><SPAN style=\"FONT-FAMILY: 'Verdana', 'sans-serif'; mso-bidi-font-family: Verdana; mso-fareast-language: IT\">\u201c<\/SPAN><SPAN style=\"FONT-FAMILY: 'Verdana', 'sans-serif'; mso-fareast-language: IT\">Nel 2007 ci fu la stabilizzazione dei precari, quella norma riguardava la sanatoria di coloro i quali,&nbsp;&nbsp;avendo lavorato per 36 mesi negli ultimi 5 anni, avevano diritto al contratto. Ora qui stiamo parlando di una norma gi\u00e0 bocciata che riguarda 30 mesi negli ultimi 10 anni e stiamo commettendo un<\/SPAN><SPAN style=\"FONT-FAMILY: 'Verdana', 'sans-serif'; mso-bidi-font-family: Verdana; mso-fareast-language: IT\">\u2019<\/SPAN><SPAN style=\"FONT-FAMILY: 'Verdana', 'sans-serif'; mso-fareast-language: IT\">ingiustizia<\/SPAN><SPAN style=\"FONT-FAMILY: 'Verdana', 'sans-serif'; mso-bidi-font-family: Verdana; mso-fareast-language: IT\">\u201d<\/SPAN><SPAN style=\"FONT-FAMILY: 'Verdana', 'sans-serif'; mso-fareast-language: IT\">. Soru si \u00e8 soffermato sul diritto di tutti a concorrere a un impiego nella pubblica amministrazione: <\/SPAN><SPAN style=\"FONT-FAMILY: 'Verdana', 'sans-serif'; mso-bidi-font-family: Verdana; mso-fareast-language: IT\">\u201c<\/SPAN><SPAN style=\"FONT-FAMILY: 'Verdana', 'sans-serif'; mso-fareast-language: IT\">Parlo a nome di chi non si \u00e8 ancora diplomato o laureato e che deve poter avere il diritto di accede&nbsp;&nbsp;a un posto di lavoro nella pubblica amministrazione. Ho l<\/SPAN><SPAN style=\"FONT-FAMILY: 'Verdana', 'sans-serif'; mso-bidi-font-family: Verdana; mso-fareast-language: IT\">\u2019<\/SPAN><SPAN style=\"FONT-FAMILY: 'Verdana', 'sans-serif'; mso-fareast-language: IT\">aspirazione&nbsp;&nbsp;che la politica riesca a risolvere problemi generali. Questa norma risolve il problema per qualcuno ma a danni di tutti<\/SPAN><SPAN style=\"FONT-FAMILY: 'Verdana', 'sans-serif'; mso-bidi-font-family: Verdana; mso-fareast-language: IT\">\u201d<\/SPAN><SPAN style=\"FONT-FAMILY: 'Verdana', 'sans-serif'; mso-fareast-language: IT\">. <\/SPAN><\/p>\n<p><SPAN style=\"FONT-FAMILY: 'Verdana', 'sans-serif'; mso-fareast-language: IT\">Nel suo intervento Paolo Maninchedda (Psd<\/SPAN><SPAN style=\"FONT-FAMILY: 'Verdana', 'sans-serif'; mso-bidi-font-family: Verdana; mso-fareast-language: IT\">\u2019<\/SPAN><SPAN style=\"FONT-FAMILY: 'Verdana', 'sans-serif'; mso-fareast-language: IT\">Az) ha domandato se le forze politiche sarde avessero deciso di misurarsi sulle soluzioni o di continuare invece il confronto solo sulle posizioni. <\/SPAN><SPAN style=\"FONT-FAMILY: 'Verdana', 'sans-serif'; mso-bidi-font-family: Verdana; mso-fareast-language: IT\">\u201c<\/SPAN><SPAN style=\"FONT-FAMILY: 'Verdana', 'sans-serif'; mso-fareast-language: IT\">Sta maturando l<\/SPAN><SPAN style=\"FONT-FAMILY: 'Verdana', 'sans-serif'; mso-bidi-font-family: Verdana; mso-fareast-language: IT\">\u2019<\/SPAN><SPAN style=\"FONT-FAMILY: 'Verdana', 'sans-serif'; mso-fareast-language: IT\">idea in Consiglio che su grandi problemi come quello del lavoro, della giustizia sociale e della pubblica amministrazione decidiamo di fare quello che da 50 anni in Sardegna i partiti non fanno? \u00c8 maturato questo tempo? Allora, facciamolo. Altrimenti di cosa parliamo?<\/SPAN><SPAN style=\"FONT-FAMILY: 'Verdana', 'sans-serif'; mso-bidi-font-family: Verdana; mso-fareast-language: IT\">\u201d<\/SPAN><SPAN style=\"FONT-FAMILY: 'Verdana', 'sans-serif'; mso-fareast-language: IT\">. Secondo Maninchedda esiste un solo modo utile per proseguire la discussione in Aula, ed \u00e8 quello di portare avanti una modifica strutturale del sistema politico e dopo andare ad elezioni. Il rischio rappresentato da un dibattito politico troppo ampio rispetto alla portata \u00e8 quello infatti di perdere lucidit\u00e0 su temi cruciali per il futuro della nostra Isola. Red<\/SPAN><\/p>\n","protected":false},"excerpt":{"rendered":"<p>La seduta del Consiglio regionale \u00e8 cominciata sotto la presidenza della presidente Claudia Lombardo che, dopo una breve sospensione, ha dato la parola al consigliere&#8230;<\/p>\n","protected":false},"author":2,"featured_media":0,"comment_status":"closed","ping_status":"closed","sticky":false,"template":"","format":"standard","meta":[],"categories":[49],"tags":[],"_links":{"self":[{"href":"https:\/\/www.cronacaonline.it\/index.php\/wp-json\/wp\/v2\/posts\/68697"}],"collection":[{"href":"https:\/\/www.cronacaonline.it\/index.php\/wp-json\/wp\/v2\/posts"}],"about":[{"href":"https:\/\/www.cronacaonline.it\/index.php\/wp-json\/wp\/v2\/types\/post"}],"author":[{"embeddable":true,"href":"https:\/\/www.cronacaonline.it\/index.php\/wp-json\/wp\/v2\/users\/2"}],"replies":[{"embeddable":true,"href":"https:\/\/www.cronacaonline.it\/index.php\/wp-json\/wp\/v2\/comments?post=68697"}],"version-history":[{"count":0,"href":"https:\/\/www.cronacaonline.it\/index.php\/wp-json\/wp\/v2\/posts\/68697\/revisions"}],"wp:attachment":[{"href":"https:\/\/www.cronacaonline.it\/index.php\/wp-json\/wp\/v2\/media?parent=68697"}],"wp:term":[{"taxonomy":"category","embeddable":true,"href":"https:\/\/www.cronacaonline.it\/index.php\/wp-json\/wp\/v2\/categories?post=68697"},{"taxonomy":"post_tag","embeddable":true,"href":"https:\/\/www.cronacaonline.it\/index.php\/wp-json\/wp\/v2\/tags?post=68697"}],"curies":[{"name":"wp","href":"https:\/\/api.w.org\/{rel}","templated":true}]}}