{"id":68688,"date":"2011-06-01T00:00:00","date_gmt":"2011-05-31T22:00:00","guid":{"rendered":"http:\/\/www.cronacaonline.it\/public\/content\/index.php\/2011\/06\/01\/arrestato-nomade-a-oristano-per-tentato-furto-aggravato-in-abitazione\/"},"modified":"2011-06-01T00:00:00","modified_gmt":"2011-05-31T22:00:00","slug":"arrestato-nomade-a-oristano-per-tentato-furto-aggravato-in-abitazione","status":"publish","type":"post","link":"https:\/\/www.cronacaonline.it\/index.php\/2011\/06\/01\/arrestato-nomade-a-oristano-per-tentato-furto-aggravato-in-abitazione\/","title":{"rendered":"Arrestato nomade a Oristano per tentato furto aggravato in abitazione."},"content":{"rendered":"<p>Questa mattina, a Oristano, i Carabinieri dell'Aliquota Radiomobile del dipendente Nucleo Operativo e Radiomobile della Compagnia locale hanno arrestato in flagranza di reato Zoran Dragutinovic, nomade di 31 anni, per tentato furto aggravato in abitazione.<\/p>\n<p>L'uomo, introdottosi in un appartamento dopo aver forzato una finestra, \u00e8 stato sorpreso dai militari. Finito in manette e trattenuto presso gli uffici, questa mattina \u00e8 stato accompagnato davanti all'Autorit\u00e0 Giudiziaria per l\u2019udienza di convalida.<\/p>\n","protected":false},"excerpt":{"rendered":"<p>Questa mattina, a Oristano, i Carabinieri dell&#8217;Aliquota Radiomobile del dipendente Nucleo Operativo e Radiomobile della Compagnia locale hanno arrestato in flagranza di reato Zoran Dragutinovic,&#8230;<\/p>\n","protected":false},"author":2,"featured_media":0,"comment_status":"closed","ping_status":"closed","sticky":false,"template":"","format":"standard","meta":[],"categories":[49],"tags":[],"_links":{"self":[{"href":"https:\/\/www.cronacaonline.it\/index.php\/wp-json\/wp\/v2\/posts\/68688"}],"collection":[{"href":"https:\/\/www.cronacaonline.it\/index.php\/wp-json\/wp\/v2\/posts"}],"about":[{"href":"https:\/\/www.cronacaonline.it\/index.php\/wp-json\/wp\/v2\/types\/post"}],"author":[{"embeddable":true,"href":"https:\/\/www.cronacaonline.it\/index.php\/wp-json\/wp\/v2\/users\/2"}],"replies":[{"embeddable":true,"href":"https:\/\/www.cronacaonline.it\/index.php\/wp-json\/wp\/v2\/comments?post=68688"}],"version-history":[{"count":0,"href":"https:\/\/www.cronacaonline.it\/index.php\/wp-json\/wp\/v2\/posts\/68688\/revisions"}],"wp:attachment":[{"href":"https:\/\/www.cronacaonline.it\/index.php\/wp-json\/wp\/v2\/media?parent=68688"}],"wp:term":[{"taxonomy":"category","embeddable":true,"href":"https:\/\/www.cronacaonline.it\/index.php\/wp-json\/wp\/v2\/categories?post=68688"},{"taxonomy":"post_tag","embeddable":true,"href":"https:\/\/www.cronacaonline.it\/index.php\/wp-json\/wp\/v2\/tags?post=68688"}],"curies":[{"name":"wp","href":"https:\/\/api.w.org\/{rel}","templated":true}]}}