{"id":68681,"date":"2011-06-18T00:00:00","date_gmt":"2011-06-17T22:00:00","guid":{"rendered":"http:\/\/www.cronacaonline.it\/public\/content\/index.php\/2011\/06\/18\/a-sennori-la-biblioteca-in-festa\/"},"modified":"2011-06-18T00:00:00","modified_gmt":"2011-06-17T22:00:00","slug":"a-sennori-la-biblioteca-in-festa","status":"publish","type":"post","link":"https:\/\/www.cronacaonline.it\/index.php\/2011\/06\/18\/a-sennori-la-biblioteca-in-festa\/","title":{"rendered":"A Sennori &#8220;La Biblioteca in festa&#8221;."},"content":{"rendered":"<p><U><SPAN style=\"FONT-FAMILY: 'Verdana', 'sans-serif'\">Domenica 19 giugno<\/SPAN><\/U><SPAN style=\"FONT-FAMILY: 'Verdana', 'sans-serif'\">, dalle 9.30 fino alle 12.30, al campo sportivo comunale di Sennori, in occasione della festa di \u201cSan Basilio Magno\", si svolger\u00e0 l\u2019iniziativa<SPAN style=\"mso-spacerun: yes\">&nbsp; <\/SPAN>\"La Biblioteca in festa\". <\/SPAN><\/p>\n<p><SPAN style=\"FONT-FAMILY: 'Verdana', 'sans-serif'\">L\u2019evento, che mira alla riscoperta del piacere della lettura, \u00e8 promosso dalla Biblioteca comunale, in collaborazione con l\u2019Assessorato alla cultura del Comune di Sennori, l\u2019Associazione \u201cSan Basilio Magno\u201d, l\u2019Avis Sennori e la Cooperativa Co.ME.S, che gestisce i servizi bibliotecari.<\/SPAN><\/p>\n<p><SPAN style=\"FONT-FAMILY: 'Verdana', 'sans-serif'\">Durante la raccolta di sangue promossa dall\u2019Avis e il torneo di calcio dedicato ai bambini, la biblioteca allestir\u00e0 un piccolo stand, dove saranno esposte alcune delle ultime novit\u00e0 editoriali sia per adulti, sia per bambini, riviste e dvd. In questa occasione di festa, sar\u00e0 possibile ricevere informazioni sui servizi della biblioteca, iscriversi e fare il prestito. Com<\/SPAN><\/p>\n<p><SPAN style=\"FONT-FAMILY: 'Verdana', 'sans-serif'\"><\/SPAN>&nbsp;<\/p>\n<p><SPAN style=\"FONT-FAMILY: 'Verdana', 'sans-serif'\"><\/SPAN>&nbsp;<\/p>\n","protected":false},"excerpt":{"rendered":"<p>Domenica 19 giugno, dalle 9.30 fino alle 12.30, al campo sportivo comunale di Sennori, in occasione della festa di \u201cSan Basilio Magno&#8221;, si svolger\u00e0 l\u2019iniziativa&nbsp;&#8230;<\/p>\n","protected":false},"author":2,"featured_media":0,"comment_status":"closed","ping_status":"closed","sticky":false,"template":"","format":"standard","meta":[],"categories":[49],"tags":[],"_links":{"self":[{"href":"https:\/\/www.cronacaonline.it\/index.php\/wp-json\/wp\/v2\/posts\/68681"}],"collection":[{"href":"https:\/\/www.cronacaonline.it\/index.php\/wp-json\/wp\/v2\/posts"}],"about":[{"href":"https:\/\/www.cronacaonline.it\/index.php\/wp-json\/wp\/v2\/types\/post"}],"author":[{"embeddable":true,"href":"https:\/\/www.cronacaonline.it\/index.php\/wp-json\/wp\/v2\/users\/2"}],"replies":[{"embeddable":true,"href":"https:\/\/www.cronacaonline.it\/index.php\/wp-json\/wp\/v2\/comments?post=68681"}],"version-history":[{"count":0,"href":"https:\/\/www.cronacaonline.it\/index.php\/wp-json\/wp\/v2\/posts\/68681\/revisions"}],"wp:attachment":[{"href":"https:\/\/www.cronacaonline.it\/index.php\/wp-json\/wp\/v2\/media?parent=68681"}],"wp:term":[{"taxonomy":"category","embeddable":true,"href":"https:\/\/www.cronacaonline.it\/index.php\/wp-json\/wp\/v2\/categories?post=68681"},{"taxonomy":"post_tag","embeddable":true,"href":"https:\/\/www.cronacaonline.it\/index.php\/wp-json\/wp\/v2\/tags?post=68681"}],"curies":[{"name":"wp","href":"https:\/\/api.w.org\/{rel}","templated":true}]}}