{"id":68661,"date":"2011-06-25T00:00:00","date_gmt":"2011-06-24T22:00:00","guid":{"rendered":"http:\/\/www.cronacaonline.it\/public\/content\/index.php\/2011\/06\/25\/indagine-per-epidemia-colposa\/"},"modified":"2011-06-25T00:00:00","modified_gmt":"2011-06-24T22:00:00","slug":"indagine-per-epidemia-colposa","status":"publish","type":"post","link":"https:\/\/www.cronacaonline.it\/index.php\/2011\/06\/25\/indagine-per-epidemia-colposa\/","title":{"rendered":"Indagine per epidemia colposa."},"content":{"rendered":"<p><SPAN style=\"FONT-FAMILY: 'Verdana', 'sans-serif'; COLOR: black; mso-bidi-font-family: Arial\">L'unica speranza e' che il Consiglio dei Ministri sia convolato il prima possibile. La citt\u00e0 di Napoli sta vivendo una situazione drammatica e non pu\u00f2 attendere ancora\". Lo afferma il sindaco di Napoli, Luigi De Magistris.<\/SPAN><\/p>\n<p><SPAN style=\"FONT-FAMILY: 'Verdana', 'sans-serif'; COLOR: black; mso-bidi-font-family: Arial\">\"La sicurezza igienico-sanitaria e la dignit\u00e0 della terza citt\u00e0 d'Italia - sottolinea De Magistris - non possono essere subordinate ai giochi di equilibrismo politico interni alla maggioranza e al Governo, il braccio di ferro fra il presidente del Consiglio e la Lega Nord, all'intento di usare a fine.<\/SPAN><\/p>\n<p><SPAN style=\"FONT-FAMILY: 'Verdana', 'sans-serif'; COLOR: black; mso-bidi-font-family: Arial\"><SPAN style=\"mso-spacerun: yes\">&nbsp;<\/SPAN>La procura di Napoli ha aperto un fascicolo per il reato di epidemia colposa. L o conferma il procuratore capo, Giandomenico Lepore, sulla nuova emergenza<SPAN class=apple-converted-space>&nbsp;<\/SPAN><BR>rifiuti che ha colpito la citt\u00e0. Il fascicolo \u00e8 stato aperto in considerazione d lla<BR>drammatica situazione esistente a Napoli, e sulla base delle dichiarazioni di vari esperti sui rischi per la salute pubblica derivanti da quello che sta succedendo in citt\u00e0. Nell'ambito dell'inchiesta ci sarebbero anche alcuni indagati.<\/SPAN><\/p>\n<p><SPAN style=\"FONT-FAMILY: 'Verdana', 'sans-serif'; COLOR: black; mso-bidi-font-family: Arial\">\"Su una cosa vogliamo essere chiari, sulla questione rifiuti non accetteremo decreti truffa, senn\u00f2 volano le sedie, lo abbiamo detto a Berlusconi e a Letta\": lo ha detto il ministro per la Semplificazione Roberto Calderoli, interpellato sulla questione rifiuti a Napoli. \"Nessuno pensi di usare trucchi o truffe - ha aggiunto il ministro - altrimenti la risposta che daremo sar\u00e0 la stessa che abbiamo gi\u00e0 dato.<SPAN class=apple-converted-space>&nbsp;<\/SPAN><\/SPAN><\/p>\n<p><SPAN style=\"FONT-FAMILY: 'Verdana', 'sans-serif'; COLOR: black; mso-bidi-font-family: Arial\">Al momento non abbiamo visto alcun testo, ci hanno solo detto che c'\u00e8 l'emergenza rifiuti ma di cose scritte, di testi, non ne abbiamo visti\".<\/SPAN><\/p>\n<p><SPAN style=\"FONT-FAMILY: 'Verdana', 'sans-serif'; COLOR: black; mso-bidi-font-family: Arial\">\"Stiamo lavorando\". Cos\u00ec il Presidente del Consiglio Silvio Berlusconi risponde ai cronisti che gli chiedono dei problemi con la Lega sulla emergenza rifiuti a Napoli. Si far\u00e0 il decreto? \"Stiamo lavorando\", \u00e8 la stessa risposta data dal Premier ai cronisti. Rientrato nel pomeriggio a Roma da Bruxelles, Berlusconi lascia Palazzo Grazioli per dirigersi a piedi nel vicino Palazzo Venezia, dove fa visita ad una mostra di artisti moderni curata da Vittorio Sgarbi.<BR>Alla visita partecipa anche il governatore del Lazio, Renata Polverini. Nel corso del breve tragitto che il premier compie a piedi, i giornalisti gli chiedono anche come e' andato il Consiglio europeo di Bruxelles e il premier mostra la sua soddisfazione: \"Bene, meglio di cos\u00ec non si poteva\".<\/SPAN><\/p>\n<p><SPAN style=\"FONT-FAMILY: 'Verdana', 'sans-serif'; COLOR: black; mso-bidi-font-family: Arial\">Il ministro dell'Ambiente, Stefania Prestigiacomo, ha annunciato, in un incontro con il sindaco di Napoli Luigi de Magistris, che \"il governo ha allo studio un provvedimento straordinario per agevolare il trasferimento dei rifiuti napoletani\". Lo si legge in un comunicato congiunto diffuso al termine della riunione che si \u00e8 svolta a Roma.<\/SPAN><\/p>\n<p><SPAN style=\"FONT-FAMILY: 'Verdana', 'sans-serif'; COLOR: black; mso-bidi-font-family: Arial\">C'\u00e8 l'impegno prioritario di tutte le istituzioni per sgomberare le strade di Napoli dai rifiuti per scongiurare eventuali rischi sanitari per la popolazione\".<\/SPAN><\/p>\n<p><SPAN style=\"FONT-FAMILY: 'Verdana', 'sans-serif'; COLOR: black; mso-bidi-font-family: Arial\">Lo hanno detto congiuntamente il ministro dell'Ambiente, Stefania Prestigiacomo, e il sindaco di Napoli, Luigi De Magistris, nel corso della riunione al ministero dell'Ambiente.<\/SPAN><\/p>\n<p><SPAN style=\"FONT-FAMILY: 'Verdana', 'sans-serif'; COLOR: black; mso-bidi-font-family: Arial\">\"In queste ore - hanno proseguito - i rischi sanitari per la popolazione sono attentamente monitorati\" per riportare \"la citt\u00e0 al decoro che le spetta\".<\/SPAN><\/p>\n<p><SPAN style=\"FONT-FAMILY: 'Verdana', 'sans-serif'; COLOR: black; mso-bidi-font-family: Arial\">Metteremo insieme \"delle norme per consentire che ci sia un flusso extra-regionale dei rifiuti\". Cos\u00ec il ministro dell'Ambiente Stefania Prestigiacomo, offre un dettaglio di come sar\u00e0 costruito il provvedimento che permetter\u00e0 di liberare Napoli dai rifiuti e dai cumuli per strada.<\/SPAN><\/p>\n<p><SPAN style=\"FONT-FAMILY: 'Verdana', 'sans-serif'; COLOR: black; mso-bidi-font-family: Arial\">\"Si tratta - spiega il ministro - di un provvedimento temporaneo e straordinario solo per la Campania e per liberare Napoli dai rifiuti\".<\/SPAN><\/p>\n<p><SPAN style=\"FONT-FAMILY: 'Verdana', 'sans-serif'; COLOR: black; mso-bidi-font-family: Arial\">Il ministro dell'Ambiente Stefania Prestigiacomo ha \"assicurato che si adoperer\u00e0 affinch\u00e9 al pi\u00f9 presto da parte della Regione vengano ripartiti i 150 milioni di euro che sono stati assegnati alla Campania\", e pertanto \"in quota parte anche a Napoli per impianti intermedi e per la raccolta differenziata\". Questo quanto emerge dalla riunione, appena terminata, tra il ministro Prestigiacomo e il sindaco di Napoli Luigi De Magistris.<\/SPAN><\/p>\n<p><SPAN style=\"FONT-FAMILY: 'Verdana', 'sans-serif'; COLOR: black; mso-bidi-font-family: Arial\">Con questo tipo di impegno si tenta cos\u00ec di affrontare \"la problematica dei fondi per promuovere la raccolta differenziata nel Comune di Napoli\". Ritenuto sia dal ministro che dal neosindaco partenopeo \"un elemento essenziale e decisivo per un corretto ciclo dei rifiuti e per ridurre le quantit\u00e0 da smaltire\".<\/SPAN><\/p>\n<p><SPAN style=\"FONT-FAMILY: 'Verdana', 'sans-serif'; COLOR: black; mso-bidi-font-family: Arial\">Nel prossimo Consiglio dei ministri \"affronteremo\" il problema del decreto rifiuti che \"\u00e8 stato messo sul tavolo da giorni e su cui abbiamo avviato precisi<BR>provvedimenti\". E' quanto ha detto il premier, Silvio Berlusconi, dopo il Consiglio Ue.<\/SPAN><\/p>\n<p><SPAN style=\"FONT-FAMILY: 'Verdana', 'sans-serif'; COLOR: black; mso-bidi-font-family: Arial\">Rifiuti sparpagliati anche lungo via Nuova Astroni, nella zona di Agnano, a ridosso dell'ippodromo. La polizia stradale ha chiuso l'uscita e l'ingresso in tangenziale dallo svincolo di Agnano.<\/SPAN><\/p>\n<p><SPAN style=\"FONT-FAMILY: 'Verdana', 'sans-serif'; COLOR: black; mso-bidi-font-family: Arial\">I disoccupati di varie sigle legati nel Coordinamento precari Bros, poi, hanno compiuto una sorta di raccolta differenziata nell'area del lungomare, portando quanto preso davanti alla sede della Regione Campania. Da tempo i senza lavoro chiedono di essere coinvolti nel 'porta a porta' cittadino.<\/SPAN><\/p>\n","protected":false},"excerpt":{"rendered":"<p>L&#8217;unica speranza e&#8217; che il Consiglio dei Ministri sia convolato il prima possibile. La citt\u00e0 di Napoli sta vivendo una situazione drammatica e non pu\u00f2&#8230;<\/p>\n","protected":false},"author":2,"featured_media":0,"comment_status":"closed","ping_status":"closed","sticky":false,"template":"","format":"standard","meta":[],"categories":[49],"tags":[],"_links":{"self":[{"href":"https:\/\/www.cronacaonline.it\/index.php\/wp-json\/wp\/v2\/posts\/68661"}],"collection":[{"href":"https:\/\/www.cronacaonline.it\/index.php\/wp-json\/wp\/v2\/posts"}],"about":[{"href":"https:\/\/www.cronacaonline.it\/index.php\/wp-json\/wp\/v2\/types\/post"}],"author":[{"embeddable":true,"href":"https:\/\/www.cronacaonline.it\/index.php\/wp-json\/wp\/v2\/users\/2"}],"replies":[{"embeddable":true,"href":"https:\/\/www.cronacaonline.it\/index.php\/wp-json\/wp\/v2\/comments?post=68661"}],"version-history":[{"count":0,"href":"https:\/\/www.cronacaonline.it\/index.php\/wp-json\/wp\/v2\/posts\/68661\/revisions"}],"wp:attachment":[{"href":"https:\/\/www.cronacaonline.it\/index.php\/wp-json\/wp\/v2\/media?parent=68661"}],"wp:term":[{"taxonomy":"category","embeddable":true,"href":"https:\/\/www.cronacaonline.it\/index.php\/wp-json\/wp\/v2\/categories?post=68661"},{"taxonomy":"post_tag","embeddable":true,"href":"https:\/\/www.cronacaonline.it\/index.php\/wp-json\/wp\/v2\/tags?post=68661"}],"curies":[{"name":"wp","href":"https:\/\/api.w.org\/{rel}","templated":true}]}}