{"id":68622,"date":"2011-06-01T00:00:00","date_gmt":"2011-05-31T22:00:00","guid":{"rendered":"http:\/\/www.cronacaonline.it\/public\/content\/index.php\/2011\/06\/01\/il-pdl-riparte-da-alfano-che-sara-nominato-segretario-unico\/"},"modified":"2011-06-01T00:00:00","modified_gmt":"2011-05-31T22:00:00","slug":"il-pdl-riparte-da-alfano-che-sara-nominato-segretario-unico","status":"publish","type":"post","link":"https:\/\/www.cronacaonline.it\/index.php\/2011\/06\/01\/il-pdl-riparte-da-alfano-che-sara-nominato-segretario-unico\/","title":{"rendered":"Il Pdl riparte da Alfano che sar\u00e0 nominato segretario unico."},"content":{"rendered":"<p>Angelino Alfano sar\u00e0 indicato questa sera \"segretario politico\" del Pdl nel corso dell'ufficio di presidenza del partito. E' quanto riferiscono diverse fonti<BR style=\"PADDING-BOTTOM: 0px; MARGIN: 0px; PADDING-LEFT: 0px; PADDING-RIGHT: 0px; PADDING-TOP: 0px\">parlamentari del Pdl, secondo le quali i tre coordinatori, compreso il dimissionario Sandro Bondi, potrebbero restare in carica.<\/p>\n<p>La decisione dovrebbe essere formalizzata entro pochi giorni da un Consiglio nazionale appositamente convocato e determinerebbe le dimissioni dell'attuale ministro della Giustizia, del quale prenderebbe il posto Maurizio Lupi. Tra i papabili c'era anche Fabrizio Cicchitto, ma l'interessato ha smentito categoricamente. \"Non ho nessuna intenzione di fare il ministro - ha avvertito il capogruppo Pdl - Preferisco il lavoro in Parlamento come sto facendo\".<\/p>\n<p>\"Non \u00e8 che se arriva Alfano al posto di Verdini si fanno miracoli. Non ci sono bacchette magiche- dice Ignazio La Russa in una intervista al<SPAN class=Apple-converted-space>&nbsp;<\/SPAN><EM style=\"PADDING-BOTTOM: 0px; MARGIN: 0px; PADDING-LEFT: 0px; PADDING-RIGHT: 0px; PADDING-TOP: 0px\">Messaggero&nbsp;-<\/EM><SPAN class=Apple-converted-space>&nbsp;<\/SPAN>Il Pdl riparte solo se riusciremo a dare risposte alla gente\".&nbsp;\"Ho grande stima e un'amicizia personale con Angelino e, vista la sua giovane et\u00e0, \u00e8 una risorsa nella prospettiva di un partito che duri a lungo. Ma non \u00e8 che se arriva Alfano al posto di Verdini, ci sono miracoli. Non esistono colpi di bacchetta magica, occorre un progetto e un'ampia condivisione. Se ci illudessimo che possa bastare cambiare un<BR style=\"PADDING-BOTTOM: 0px; MARGIN: 0px; PADDING-LEFT: 0px; PADDING-RIGHT: 0px; PADDING-TOP: 0px\">coordinatore, un capogruppo o un candidato per risolvere tutto, saremmo<BR style=\"PADDING-BOTTOM: 0px; MARGIN: 0px; PADDING-LEFT: 0px; PADDING-RIGHT: 0px; PADDING-TOP: 0px\">ingenui. E vivremmo in un universo parallelo\".<\/p>\n<p>Bondi si \u00e8 dimesso da coordinatore. Si dimetter\u00e0 pure lei? \"Siamo tutti in discussione. Ma il caso di Bondi \u00e8 a parte: da tempo viveva momenti difficili che l'hanno portato ad autoemarginarsi da alcuni ruoli, pur rimanendo una risorsa importante per il Pdl. Se qualcuno pensasse che le mie dimissioni e quelle di Verdini spostassero anche un solo voto, sarei pronto a discuterne. Allora per\u00f2, ripeto, tutti dovrebbero mettersi in discussione: il governo, i capigruppo, i dirigenti, nessuno escluso. Credo per\u00f2 che il totonomine sia un approccio infantile\". Secondo La Russa \"deve cambiare molto. Serve un partito pi\u00f9 efficiente, i gruppi parlamentari pi\u00f9 presenti, il governo molto pi\u00f9 attivo. I ministri finalizzati a tutelare anche le categorie che ci sostengono\".&nbsp;<\/p>\n","protected":false},"excerpt":{"rendered":"<p>Angelino Alfano sar\u00e0 indicato questa sera &#8220;segretario politico&#8221; del Pdl nel corso dell&#8217;ufficio di presidenza del partito. E&#8217; quanto riferiscono diverse fontiparlamentari del Pdl, secondo&#8230;<\/p>\n","protected":false},"author":2,"featured_media":9818,"comment_status":"closed","ping_status":"closed","sticky":false,"template":"","format":"standard","meta":[],"categories":[49],"tags":[],"_links":{"self":[{"href":"https:\/\/www.cronacaonline.it\/index.php\/wp-json\/wp\/v2\/posts\/68622"}],"collection":[{"href":"https:\/\/www.cronacaonline.it\/index.php\/wp-json\/wp\/v2\/posts"}],"about":[{"href":"https:\/\/www.cronacaonline.it\/index.php\/wp-json\/wp\/v2\/types\/post"}],"author":[{"embeddable":true,"href":"https:\/\/www.cronacaonline.it\/index.php\/wp-json\/wp\/v2\/users\/2"}],"replies":[{"embeddable":true,"href":"https:\/\/www.cronacaonline.it\/index.php\/wp-json\/wp\/v2\/comments?post=68622"}],"version-history":[{"count":0,"href":"https:\/\/www.cronacaonline.it\/index.php\/wp-json\/wp\/v2\/posts\/68622\/revisions"}],"wp:featuredmedia":[{"embeddable":true,"href":"https:\/\/www.cronacaonline.it\/index.php\/wp-json\/"}],"wp:attachment":[{"href":"https:\/\/www.cronacaonline.it\/index.php\/wp-json\/wp\/v2\/media?parent=68622"}],"wp:term":[{"taxonomy":"category","embeddable":true,"href":"https:\/\/www.cronacaonline.it\/index.php\/wp-json\/wp\/v2\/categories?post=68622"},{"taxonomy":"post_tag","embeddable":true,"href":"https:\/\/www.cronacaonline.it\/index.php\/wp-json\/wp\/v2\/tags?post=68622"}],"curies":[{"name":"wp","href":"https:\/\/api.w.org\/{rel}","templated":true}]}}