{"id":68604,"date":"2011-06-15T00:00:00","date_gmt":"2011-06-14T22:00:00","guid":{"rendered":"http:\/\/www.cronacaonline.it\/public\/content\/index.php\/2011\/06\/15\/santelia-firmata-convenzione-tra-assessorato-e-area-per-riqualificazione-quartiere\/"},"modified":"2011-06-15T00:00:00","modified_gmt":"2011-06-14T22:00:00","slug":"santelia-firmata-convenzione-tra-assessorato-e-area-per-riqualificazione-quartiere","status":"publish","type":"post","link":"https:\/\/www.cronacaonline.it\/index.php\/2011\/06\/15\/santelia-firmata-convenzione-tra-assessorato-e-area-per-riqualificazione-quartiere\/","title":{"rendered":"Sant\u2019Elia, firmata convenzione tra assessorato e Area per riqualificazione quartiere"},"content":{"rendered":"<p><SPAN class=apple-style-span><SPAN style=\"LINE-HEIGHT: 115%; FONT-FAMILY: 'Arial', 'sans-serif'; COLOR: black; FONT-SIZE: 10pt\">E\u2019 stato firmato stamattina nella sede dell\u2019assessorato dei Lavori Pubblici l\u2019atto aggiuntivo alla convenzione per la riqualificazione del quartiere cagliaritano di Sant\u2019Elia in seguito allo stanziamento della Regione pari a 30 milioni di euro e al cofinanziamento dell\u2019Azienda per l\u2019edilizia abitativa di 7,2 milioni. \u201cSiglando il documento che avvia tutte le procedure operative abbiamo dato immediatamente seguito alla deliberazione di Giunta dello scorso 24 maggio\u201d, ha detto l\u2019assessore Sebastiano Sannitu.<\/SPAN><\/SPAN><\/p>\n<p><SPAN class=apple-style-span><SPAN style=\"LINE-HEIGHT: 115%; FONT-FAMILY: 'Arial', 'sans-serif'; COLOR: black; FONT-SIZE: 10pt\">La convenzione, sottoscritta<\/SPAN><\/SPAN><SPAN class=apple-converted-space><SPAN style=\"LINE-HEIGHT: 115%; FONT-FAMILY: 'Arial', 'sans-serif'; COLOR: black; FONT-SIZE: 10pt\">&nbsp;<\/SPAN><\/SPAN><SPAN class=apple-style-span><SPAN style=\"LINE-HEIGHT: 115%; FONT-FAMILY: 'Arial', 'sans-serif'; COLOR: black; FONT-SIZE: 10pt\"><A href=\"javascript:mails_addtocal(1,%22oggi%22);\"><SPAN style=\"COLOR: #ff8000\">oggi<\/SPAN><\/A>dal direttore generale e dal presidente dell\u2019azienda Area, Giovanni Achenza e Giorgio Sangiorgi, e dal direttore del servizio per l\u2019Edilizia residenziale dell\u2019assessorato, Patrizia Becca, prevede le riqualificazioni urgenti dei principali edifici del borgo cagliaritano, cio\u00e8 dei complessi delle \u201cLame\u201d, \u201cTorri\u201d, \u201cAnelli\u201d e del \u201cFavero\u201d. Prevede inoltre l\u2019eliminazione di tutte le modifiche che hanno alterato gli assetti delle strutture o ne hanno deturpato l\u2019estetica, la realizzazione di parcheggi e di verde pubblico nonch\u00e9 manutenzioni straordinarie. <\/SPAN><\/SPAN><\/p>\n<p><SPAN class=apple-style-span><SPAN style=\"LINE-HEIGHT: 115%; FONT-FAMILY: 'Arial', 'sans-serif'; COLOR: black; FONT-SIZE: 10pt\">Tutti questi interventi non presuppongono alcuna variante al Piano urbanistico comunale. \u201cAl progetto per Sant\u2019Elia ci stavamo lavorando da tempo - ha aggiunto Sannitu - e ora possiamo dire di aver raggiunto un risultato importante e molto atteso, per il quartiere e per la citt\u00e0, a conferma della volont\u00e0 dell\u2019assessorato di intervenire a favore dell\u2019edilizia residenziale pubblica e della riqualificazione\u201d. Entro tre mesi dalla firma dell\u2019atto aggiuntivo alla convenzione Area dovr\u00e0 consegnare un Master Plan; a tre mesi dalla presentazione del Piano dovr\u00e0 essere fornita la documentazione con le fasi degli interventi previsti nello studio di fattibilit\u00e0; infine dopo due mesi da quest\u2019ultima consegna, e quindi tra otto mesi complessivamente, dovranno essere avviate le procedure di gara per la selezione dei progettisti, salvo il fatto che Area non assuma in carico direttamente la progettazione in base alla normativa vigente.<\/SPAN><FONT face=Calibri> Red<\/FONT><\/SPAN><\/SPAN><\/p>\n","protected":false},"excerpt":{"rendered":"<p>E\u2019 stato firmato stamattina nella sede dell\u2019assessorato dei Lavori Pubblici l\u2019atto aggiuntivo alla convenzione per la riqualificazione del quartiere cagliaritano di Sant\u2019Elia in seguito allo&#8230;<\/p>\n","protected":false},"author":2,"featured_media":0,"comment_status":"closed","ping_status":"closed","sticky":false,"template":"","format":"standard","meta":[],"categories":[49],"tags":[],"_links":{"self":[{"href":"https:\/\/www.cronacaonline.it\/index.php\/wp-json\/wp\/v2\/posts\/68604"}],"collection":[{"href":"https:\/\/www.cronacaonline.it\/index.php\/wp-json\/wp\/v2\/posts"}],"about":[{"href":"https:\/\/www.cronacaonline.it\/index.php\/wp-json\/wp\/v2\/types\/post"}],"author":[{"embeddable":true,"href":"https:\/\/www.cronacaonline.it\/index.php\/wp-json\/wp\/v2\/users\/2"}],"replies":[{"embeddable":true,"href":"https:\/\/www.cronacaonline.it\/index.php\/wp-json\/wp\/v2\/comments?post=68604"}],"version-history":[{"count":0,"href":"https:\/\/www.cronacaonline.it\/index.php\/wp-json\/wp\/v2\/posts\/68604\/revisions"}],"wp:attachment":[{"href":"https:\/\/www.cronacaonline.it\/index.php\/wp-json\/wp\/v2\/media?parent=68604"}],"wp:term":[{"taxonomy":"category","embeddable":true,"href":"https:\/\/www.cronacaonline.it\/index.php\/wp-json\/wp\/v2\/categories?post=68604"},{"taxonomy":"post_tag","embeddable":true,"href":"https:\/\/www.cronacaonline.it\/index.php\/wp-json\/wp\/v2\/tags?post=68604"}],"curies":[{"name":"wp","href":"https:\/\/api.w.org\/{rel}","templated":true}]}}