{"id":68555,"date":"2011-06-20T00:00:00","date_gmt":"2011-06-19T22:00:00","guid":{"rendered":"http:\/\/www.cronacaonline.it\/public\/content\/index.php\/2011\/06\/20\/sinistra-ecologia-e-liberta-su-controllo-preventivo-di-legittimita-degli-atti-amministrativi\/"},"modified":"2011-06-20T00:00:00","modified_gmt":"2011-06-19T22:00:00","slug":"sinistra-ecologia-e-liberta-su-controllo-preventivo-di-legittimita-degli-atti-amministrativi","status":"publish","type":"post","link":"https:\/\/www.cronacaonline.it\/index.php\/2011\/06\/20\/sinistra-ecologia-e-liberta-su-controllo-preventivo-di-legittimita-degli-atti-amministrativi\/","title":{"rendered":"Sinistra Ecologia e Libert\u00e0 su controllo preventivo di legittimit\u00e0 degli atti amministrativi"},"content":{"rendered":"<p><SPAN style=\"FONT-FAMILY: 'Verdana', 'sans-serif'\">Gare d\u2019appalto, assegnazione di incarichi e concorsi pubblici. Sono i principali obiettivi di molte indagini e procedimenti, anche penali, che sovraccaricano i tribunali dell\u2019Isola in cui sono coinvolti spesso gli amministratori pubblici. Per risolvere e regolare una situazione che porta allo \u201cstallo e alla stasi del funzionamento della macchina pubblica\u201d, Sinistra Ecologia e Libert\u00e0 ha proposto un emendamento (il numero 153) all\u2019articolo 27 del Dl 222, Collegato alla Manovra finanziaria 2011-2013, che reintroduce il controllo preventivo degli atti dei Comuni, delle Province e delle associazioni di Comuni. Per il capogruppo in Consiglio regionale di Sel-Comunisti-Indipendentistas, Luciano Uras, la norma, presentata questa mattina durante una conferenza stampa, contrasterebbe i diffusi illeciti perpetrati nelle pubbliche amministrazioni grazie alla stipula da parte della Regione di appositi protocolli di intesa con la Corte dei Conti finalizzati a disciplinare apposite modalit\u00e0 di controllo preventivo di legittimit\u00e0 degli atti amministrativi della Regione. <\/SPAN><\/p>\n<p><SPAN style=\"FONT-FAMILY: 'Verdana', 'sans-serif'\">\u201cCon la riforma del Titolo V della Costituzione \u2013 ha spiegato Andrea Deffenu, docente di Diritto costituzionale all\u2019Universit\u00e0 di Cagliari \u2013 i controlli preventivi erano stati aboliti nella convinzione che ci\u00f2 potesse portare a una maggiore efficienza nei servizi degli enti locali, ma ci\u00f2 ha sortito un effetto opposto, facendo aumentare enormemente il livello di corruzione nell\u2019apparato pubblico\u201d. Per Deffenu l\u2019introduzione dei controlli preventivi non porterebbe ad alcuna \u201clesione dell\u2019autonomia amministrativa, al contrario sarebbe una tutela per gli amministratori locali\u201d. <\/SPAN><\/p>\n<p><SPAN style=\"FONT-FAMILY: 'Verdana', 'sans-serif'\">\u201cL\u2019attuale situazione \u2013 ha sottolineato Michele Piras, coordinatore regionale di Sel \u2013 porta alla paralisi dell\u2019attivit\u00e0 amministrativa o ai contenziosi e ci\u00f2 si traduce in una sempre minore capacit\u00e0 dell\u2019ente pubblico di dare risposte concrete e immediate ai cittadini\u201d. Il rischio di stallo \u201csi ridurrebbe enormemente se fosse un organo terzo a effettuare i controlli in maniera preventiva\u201d. Luciano Uras ha spiegato che l\u2019intento dell\u2019emendamento \u00e8 di portare la questione all\u2019interesse del Consiglio regionale: \u201cSpero che la discussione che ne scaturir\u00e0 porti a soluzioni condivise nell\u2019ottica della tutela degli amministratori locali e della ricerca della massima efficienza. Ritireremo l\u2019emendamento se durante la discussione in Aula ci sar\u00e0 la volont\u00e0 di predisporre un ordine del giorno di tutto il Consiglio regionale\u201d, ha concluso Uras. Red<\/SPAN><\/p>\n","protected":false},"excerpt":{"rendered":"<p>Gare d\u2019appalto, assegnazione di incarichi e concorsi pubblici. Sono i principali obiettivi di molte indagini e procedimenti, anche penali, che sovraccaricano i tribunali dell\u2019Isola in&#8230;<\/p>\n","protected":false},"author":2,"featured_media":0,"comment_status":"closed","ping_status":"closed","sticky":false,"template":"","format":"standard","meta":[],"categories":[49],"tags":[],"_links":{"self":[{"href":"https:\/\/www.cronacaonline.it\/index.php\/wp-json\/wp\/v2\/posts\/68555"}],"collection":[{"href":"https:\/\/www.cronacaonline.it\/index.php\/wp-json\/wp\/v2\/posts"}],"about":[{"href":"https:\/\/www.cronacaonline.it\/index.php\/wp-json\/wp\/v2\/types\/post"}],"author":[{"embeddable":true,"href":"https:\/\/www.cronacaonline.it\/index.php\/wp-json\/wp\/v2\/users\/2"}],"replies":[{"embeddable":true,"href":"https:\/\/www.cronacaonline.it\/index.php\/wp-json\/wp\/v2\/comments?post=68555"}],"version-history":[{"count":0,"href":"https:\/\/www.cronacaonline.it\/index.php\/wp-json\/wp\/v2\/posts\/68555\/revisions"}],"wp:attachment":[{"href":"https:\/\/www.cronacaonline.it\/index.php\/wp-json\/wp\/v2\/media?parent=68555"}],"wp:term":[{"taxonomy":"category","embeddable":true,"href":"https:\/\/www.cronacaonline.it\/index.php\/wp-json\/wp\/v2\/categories?post=68555"},{"taxonomy":"post_tag","embeddable":true,"href":"https:\/\/www.cronacaonline.it\/index.php\/wp-json\/wp\/v2\/tags?post=68555"}],"curies":[{"name":"wp","href":"https:\/\/api.w.org\/{rel}","templated":true}]}}