{"id":68477,"date":"2011-06-29T00:00:00","date_gmt":"2011-06-28T22:00:00","guid":{"rendered":"http:\/\/www.cronacaonline.it\/public\/content\/index.php\/2011\/06\/29\/caro-traghetti-assessore-solinas-difenderemo-diritti-dei-sardi-in-tutte-le-sedi\/"},"modified":"2011-06-29T00:00:00","modified_gmt":"2011-06-28T22:00:00","slug":"caro-traghetti-assessore-solinas-difenderemo-diritti-dei-sardi-in-tutte-le-sedi","status":"publish","type":"post","link":"https:\/\/www.cronacaonline.it\/index.php\/2011\/06\/29\/caro-traghetti-assessore-solinas-difenderemo-diritti-dei-sardi-in-tutte-le-sedi\/","title":{"rendered":"Caro traghetti, assessore Solinas: difenderemo diritti dei sardi in tutte le sedi"},"content":{"rendered":"<p><SPAN style=\"LINE-HEIGHT: 115%; FONT-FAMILY: 'Verdana', 'sans-serif'; FONT-SIZE: 12pt; mso-fareast-language: IT\">\"La Sardegna \u00e8 a Roma per dire, che qui ed&nbsp;<A href=\"javascript:mails_addtocal(1,%22oggi%22);\"><SPAN style=\"COLOR: #ff8000\">oggi<\/SPAN><\/A>, si gioca una partita molto pi\u00f9 importante ed ampia del solo caro tariffe, che segner\u00e0 il futuro degli assetti del cabotaggio marittimo sul Tirreno per i prossimi cinquant'anni. La politica ha&nbsp;<A href=\"javascript:mails_addtocal(1,%22oggi%22);\"><SPAN style=\"COLOR: #ff8000\">oggi<\/SPAN><\/A>&nbsp;la responsabilit\u00e0 di essere lungimirante e concreta perch\u00e9 il nodo della questione \u00e8 quel che succeder\u00e0 tra otto anni quando finiranno contributi statali per oneri di servizio pubblico pari a 72,5 milioni di euro l'anno\". Lo ha dichiarato l'assessore dei Trasporti Christian Solinas a margine della riunione tenutasi&nbsp;<A href=\"javascript:mails_addtocal(1,%22oggi%22);\"><SPAN style=\"COLOR: #ff8000\">oggi<\/SPAN><\/A>&nbsp;in commissione Trasporti del Senato.<\/SPAN><SPAN style=\"LINE-HEIGHT: 115%; FONT-FAMILY: 'Verdana', 'sans-serif'; FONT-SIZE: 12pt; mso-bidi-font-family: 'Times New Roman'; mso-fareast-language: IT\"><\/SPAN><\/p>\n<p><SPAN style=\"LINE-HEIGHT: 115%; FONT-FAMILY: 'Verdana', 'sans-serif'; FONT-SIZE: 12pt; mso-fareast-language: IT\">\"Se abbandoneremo i collegamenti alle sole logiche di mercato - continua Solinas - allora i privati potranno decidere di effettuare solo le rotte remunerative e solo in alcuni periodi dell'anno sprofondando la Sardegna e il suo sistema economico, produttivo e sociale in un isolamento letale. Evidentemente non possiamo permetterci tutto questo, ne possiamo assistere inermi alla consegna della Compagnia marittima di bandiera senza che la Sardegna abbia potuto tutelare i propri interessi vitali e garantirsi un ruolo di regolatore del mercato nei prossimi decenni su quantit\u00e0 e frequenza delle rotte, politiche tariffarie e standard qualitativi del servizio. Su questo - conclude l'esponente sardista della Giunta - riteniamo di avere ragioni storiche, politiche, economiche e giuridiche che intendiamo tutelare in tutte le sedi\". Red<\/SPAN><\/p>\n","protected":false},"excerpt":{"rendered":"<p>&#8220;La Sardegna \u00e8 a Roma per dire, che qui ed&nbsp;oggi, si gioca una partita molto pi\u00f9 importante ed ampia del solo caro tariffe, che segner\u00e0&#8230;<\/p>\n","protected":false},"author":2,"featured_media":0,"comment_status":"closed","ping_status":"closed","sticky":false,"template":"","format":"standard","meta":[],"categories":[49],"tags":[],"_links":{"self":[{"href":"https:\/\/www.cronacaonline.it\/index.php\/wp-json\/wp\/v2\/posts\/68477"}],"collection":[{"href":"https:\/\/www.cronacaonline.it\/index.php\/wp-json\/wp\/v2\/posts"}],"about":[{"href":"https:\/\/www.cronacaonline.it\/index.php\/wp-json\/wp\/v2\/types\/post"}],"author":[{"embeddable":true,"href":"https:\/\/www.cronacaonline.it\/index.php\/wp-json\/wp\/v2\/users\/2"}],"replies":[{"embeddable":true,"href":"https:\/\/www.cronacaonline.it\/index.php\/wp-json\/wp\/v2\/comments?post=68477"}],"version-history":[{"count":0,"href":"https:\/\/www.cronacaonline.it\/index.php\/wp-json\/wp\/v2\/posts\/68477\/revisions"}],"wp:attachment":[{"href":"https:\/\/www.cronacaonline.it\/index.php\/wp-json\/wp\/v2\/media?parent=68477"}],"wp:term":[{"taxonomy":"category","embeddable":true,"href":"https:\/\/www.cronacaonline.it\/index.php\/wp-json\/wp\/v2\/categories?post=68477"},{"taxonomy":"post_tag","embeddable":true,"href":"https:\/\/www.cronacaonline.it\/index.php\/wp-json\/wp\/v2\/tags?post=68477"}],"curies":[{"name":"wp","href":"https:\/\/api.w.org\/{rel}","templated":true}]}}