{"id":68384,"date":"2011-06-24T00:00:00","date_gmt":"2011-06-23T22:00:00","guid":{"rendered":"http:\/\/www.cronacaonline.it\/public\/content\/index.php\/2011\/06\/24\/emigrazione-al-via-il-primo-meeting-dei-giovani-di-origini-sarde\/"},"modified":"2011-06-24T00:00:00","modified_gmt":"2011-06-23T22:00:00","slug":"emigrazione-al-via-il-primo-meeting-dei-giovani-di-origini-sarde","status":"publish","type":"post","link":"https:\/\/www.cronacaonline.it\/index.php\/2011\/06\/24\/emigrazione-al-via-il-primo-meeting-dei-giovani-di-origini-sarde\/","title":{"rendered":"Emigrazione &#8211; Al via il primo meeting dei giovani di origini sarde."},"content":{"rendered":"<p>Il presidente della Regione, Ugo Cappellacci, ha fatto pervenire un messaggio in occasione dell'apertura del primo meeting che ha portato a Chia - Domus de Maria (Ca) 150 giovani discendenti di emigrati sardi arrivati da diversi Paesi del mondo, nel quale ha dichiarato: \"Da terra di emigrazione la Sardegna sta diventando terra di immigrazione, ma soprattutto di ospitalit\u00e0: non ci siamo dimenticati che diversi decenni fa tanti Sardi hanno lasciato, non senza sofferenza, la propria Isola\".<\/p>\n<p>\"Oggi - ha affermato Cappellacci - siamo noi a essere chiamati ad accogliere popoli ed etnie di altre realt\u00e0 culturali e religiose, perch\u00e9 la nostra identit\u00e0 si pu\u00f2 rafforzare anche e soprattutto con il confronto con nuove genti: solo cos\u00ec potremo essere anche per il futuro Sardi nel mondo. La Regione sta facendo e continuer\u00e0 a fare la sua parte per essere un soggetto attivo nell'emigrazione. La recente approvazione del Piano annuale lo conferma, con lo stanziamento di quasi 4 milioni di euro, la cifra pi\u00f9 alta stanziata tra tutte le Regioni italiane per questo fenomeno\".<\/p>\n<p>\"E' la prima volta che si tiene una iniziativa del genere \u2013 ha poi detto l'assessore del Lavoro, Franco Manca durante il suo intervento \u2013 l'appuntamento di oggi, che voglio definire gli Stati generali dell'emigrazione, \u00e8 la prima occasione in cui i rappresentanti dei circoli sardi, delle federazioni, delle associazioni di tutela ma soprattutto tanti giovani con origini sarde si incontrano e si conoscono. Con un obiettivo preciso: rafforzare il patrimonio di valori, primi fra tutti quelli di solidariet\u00e0 e identit\u00e0 che hanno caratterizzato l'emigrazione sarda in questi anni, e iniziare insieme il percorso che porter\u00e0 alla formazione di una nuova classe dirigente di circoli e federazioni che operano nel mondo\".<\/p>\n<p>\"In questi 20 anni - ha proseguito Manca - il mondo \u00e8 cambiato, \u00e8 diventato sempre pi\u00f9 un villaggio globale, multiculturale e multireligioso, e forse \u00e8 arrivato il momento di capire e recepire anche attraverso nuove leggi quali siano le esigenze di questo fenomeno che muta giorno dopo giorno. Anche per circoli e federazioni occorre pensare a un nuovo modello organizzativo e a nuovi contenuti, partendo ovviamente da quanto di buono \u00e8 stato fatto nel corso degli ultimi anni per garantire alle strutture un futuro e una prospettiva sicuri\".<\/p>\n<p>Il meeting, organizzato dall'assessorato regionale del Lavoro e dall'Acli Sardegna, continuer\u00e0 anche domani e domenica, giornate nelle quali si discuter\u00e0 di emigrazione e nuove generazioni a confronto (oggi e domani) e di comunicazione e informazione per una nuova qualit\u00e0 associativa (domenica). Red.<\/p>\n","protected":false},"excerpt":{"rendered":"<p>Il presidente della Regione, Ugo Cappellacci, ha fatto pervenire un messaggio in occasione dell&#8217;apertura del primo meeting che ha portato a Chia &#8211; Domus de&#8230;<\/p>\n","protected":false},"author":2,"featured_media":0,"comment_status":"closed","ping_status":"closed","sticky":false,"template":"","format":"standard","meta":[],"categories":[49],"tags":[],"_links":{"self":[{"href":"https:\/\/www.cronacaonline.it\/index.php\/wp-json\/wp\/v2\/posts\/68384"}],"collection":[{"href":"https:\/\/www.cronacaonline.it\/index.php\/wp-json\/wp\/v2\/posts"}],"about":[{"href":"https:\/\/www.cronacaonline.it\/index.php\/wp-json\/wp\/v2\/types\/post"}],"author":[{"embeddable":true,"href":"https:\/\/www.cronacaonline.it\/index.php\/wp-json\/wp\/v2\/users\/2"}],"replies":[{"embeddable":true,"href":"https:\/\/www.cronacaonline.it\/index.php\/wp-json\/wp\/v2\/comments?post=68384"}],"version-history":[{"count":0,"href":"https:\/\/www.cronacaonline.it\/index.php\/wp-json\/wp\/v2\/posts\/68384\/revisions"}],"wp:attachment":[{"href":"https:\/\/www.cronacaonline.it\/index.php\/wp-json\/wp\/v2\/media?parent=68384"}],"wp:term":[{"taxonomy":"category","embeddable":true,"href":"https:\/\/www.cronacaonline.it\/index.php\/wp-json\/wp\/v2\/categories?post=68384"},{"taxonomy":"post_tag","embeddable":true,"href":"https:\/\/www.cronacaonline.it\/index.php\/wp-json\/wp\/v2\/tags?post=68384"}],"curies":[{"name":"wp","href":"https:\/\/api.w.org\/{rel}","templated":true}]}}