{"id":68380,"date":"2011-06-21T00:00:00","date_gmt":"2011-06-20T22:00:00","guid":{"rendered":"http:\/\/www.cronacaonline.it\/public\/content\/index.php\/2011\/06\/21\/il-ministero-dellinterno-premia-la-provincia-di-cagliari-con-il-progetto-immigrati-tecnologie-per-lintegrazione\/"},"modified":"2011-06-21T00:00:00","modified_gmt":"2011-06-20T22:00:00","slug":"il-ministero-dellinterno-premia-la-provincia-di-cagliari-con-il-progetto-immigrati-tecnologie-per-lintegrazione","status":"publish","type":"post","link":"https:\/\/www.cronacaonline.it\/index.php\/2011\/06\/21\/il-ministero-dellinterno-premia-la-provincia-di-cagliari-con-il-progetto-immigrati-tecnologie-per-lintegrazione\/","title":{"rendered":"Il ministero dell\u2019Interno premia la Provincia di Cagliari con il progetto \u201cImmigra.t.i.&#8221; \u2013 Tecnologie per l\u2019integrazione\u201d."},"content":{"rendered":"<p>Quest'oggi, il Ministero dell\u2019Interno ha premiato il progetto <\/SPAN><SPAN lang=\"\">della Provincia di Cagliari \"Immigra.t.i. - Tecnologie per l'integrazione\".<\/p>\n<\/p>\n<p>Presentato nei mesi scorsi al Dipartimento per le Libert\u00e0 Civili e l\u2019Immigrazione di Roma per concorrere all\u2019assegnazione delle risorse del Fondo Europeo per l'Integrazione dei Cittadini di Paesi Terzi, il progetto si \u00e8 classificato quarto assoluto su scala nazionale, battendo per qualit\u00e0 e obiettivi da perseguire altri numerosi e qualificati concorrenti, come ad esempio le amministrazioni comunali di Roma, Brescia, Udine e quelle provinciali di Roma, e Reggio Emilia. <\/p>\n<\/p>\n<p>Il progetto, di prossimo avvio, dell\u2019importo complessivo di 250mila euro e della durata di 12 mesi, sar\u00e0 finalizzato a favorire l\u2019integrazione socio-lavorativa degli immigrati in ambito locale e sar\u00e0 realizzato in Sardegna con il coinvolgimento, come partner, delle Province di Carbonia-Iglesias e Olbia-Tempio, di UnitelSardegna (Consorzio Interuniversitario per l\u00b4Universit\u00e0 Telematica della Sardegna) e della Fondazione San Saturnino (Caritas Diocesana di Cagliari). <\/p>\n<\/p>\n<p>La Provincia di Cagliari, soggetto Capofila del progetto, realizzer\u00e0 coi suoi partner alcuni interventi che faciliteranno e ottimizzeranno i processi di inserimento sociale degli immigrati, facendo ricorso all'utilizzo di strumenti innovativi informatici e multimediali, ma anche ad innovative metodologie di intervento per la valorizzazione, il coinvolgimento e la partecipazione dei cittadini stranieri e delle associazioni che li rappresentano. In particolare si prevede la promozione di conoscenze e competenze professionali nel rispetto della cultura propria delle societ\u00e0 di origine degli immigrati, rafforzando le capacit\u00e0 di orientamento, scelta, inserimento consapevole degli stessi nella nostra realt\u00e0 nazionale e locale. <\/p>\n<\/p>\n<p>\"Il modello di integrazione che il progetto porta avanti \u2013 ha detto l\u2019assessore alle Politiche culturali della Provincia di Cagliari, Angela Quaquero - \u00e8 lo stesso che abbiamo cercato di affermare in questi ultimi 6 anni nella Provincia di Cagliari, un modello interculturale che promuove e sostiene il dialogo e la conoscenza reciproca, la partecipazione dell\u00b4individuo alla vita sociale, politica, culturale ed economica del nostro Paese\". <\/p>\n<\/p>\n<p>\"Il progetto \u2013 ha concluso l\u2019assessore - si fonda quindi su questo assunto e risponde all\u00b4esigenza, forte, di integrazione reale, e non di semplice convivenza\". Red.<\/p>\n","protected":false},"excerpt":{"rendered":"<p>Quest&#8217;oggi, il Ministero dell\u2019Interno ha premiato il progetto della Provincia di Cagliari &#8220;Immigra.t.i. &#8211; Tecnologie per l&#8217;integrazione&#8221;. Presentato nei mesi scorsi al Dipartimento per le&#8230;<\/p>\n","protected":false},"author":2,"featured_media":9647,"comment_status":"closed","ping_status":"closed","sticky":false,"template":"","format":"standard","meta":[],"categories":[49],"tags":[],"_links":{"self":[{"href":"https:\/\/www.cronacaonline.it\/index.php\/wp-json\/wp\/v2\/posts\/68380"}],"collection":[{"href":"https:\/\/www.cronacaonline.it\/index.php\/wp-json\/wp\/v2\/posts"}],"about":[{"href":"https:\/\/www.cronacaonline.it\/index.php\/wp-json\/wp\/v2\/types\/post"}],"author":[{"embeddable":true,"href":"https:\/\/www.cronacaonline.it\/index.php\/wp-json\/wp\/v2\/users\/2"}],"replies":[{"embeddable":true,"href":"https:\/\/www.cronacaonline.it\/index.php\/wp-json\/wp\/v2\/comments?post=68380"}],"version-history":[{"count":0,"href":"https:\/\/www.cronacaonline.it\/index.php\/wp-json\/wp\/v2\/posts\/68380\/revisions"}],"wp:featuredmedia":[{"embeddable":true,"href":"https:\/\/www.cronacaonline.it\/index.php\/wp-json\/"}],"wp:attachment":[{"href":"https:\/\/www.cronacaonline.it\/index.php\/wp-json\/wp\/v2\/media?parent=68380"}],"wp:term":[{"taxonomy":"category","embeddable":true,"href":"https:\/\/www.cronacaonline.it\/index.php\/wp-json\/wp\/v2\/categories?post=68380"},{"taxonomy":"post_tag","embeddable":true,"href":"https:\/\/www.cronacaonline.it\/index.php\/wp-json\/wp\/v2\/tags?post=68380"}],"curies":[{"name":"wp","href":"https:\/\/api.w.org\/{rel}","templated":true}]}}