{"id":68372,"date":"2011-06-06T00:00:00","date_gmt":"2011-06-05T22:00:00","guid":{"rendered":"http:\/\/www.cronacaonline.it\/public\/content\/index.php\/2011\/06\/06\/carambola-3-sponde-alla-fiera-di-cagliari-marco-zanetti-conquista-la-ventesima-medaglia-doro-ai-campionati-italiani\/"},"modified":"2011-06-06T00:00:00","modified_gmt":"2011-06-05T22:00:00","slug":"carambola-3-sponde-alla-fiera-di-cagliari-marco-zanetti-conquista-la-ventesima-medaglia-doro-ai-campionati-italiani","status":"publish","type":"post","link":"https:\/\/www.cronacaonline.it\/index.php\/2011\/06\/06\/carambola-3-sponde-alla-fiera-di-cagliari-marco-zanetti-conquista-la-ventesima-medaglia-doro-ai-campionati-italiani\/","title":{"rendered":"Carambola 3 sponde &#8211; Alla Fiera di Cagliari, Marco Zanetti conquista la ventesima medaglia d\u2019oro ai Campionati Italiani."},"content":{"rendered":"<p>Marco Zanetti, di Bolzano, si \u00e8 aggiudicato il Campionato Italiano di carambola 3 sponde disputato a Cagliari, nel padiglione I della Fiera, portando a quota venti le edizioni vinte e confermandosi come il miglior specialista italiano in questa spettacolare disciplina del biliardo. <\/p>\n<\/p>\n<p>Con un punteggio di 40 a 24, il quarantanovenne Zanetti ha battuto il palermitano Emilio Sciacca, che ormai da tanti anni vive e si allena in Olanda. Una finale durante la quale Zanetti ha fatto la serie pi\u00f9 lunga dei campionati con ben dieci carambole di seguito.<\/p>\n<\/p>\n<p>Un successo per questa prima edizione degli \"assoluti\" disputata a Cagliari e organizzata dal Comitato Provinciale guidato da Dino Frasconi che gioved\u00ec e venerd\u00ec andr\u00e0 in onda sui canali sportivi Rai Sport 1 e 2. Il direttore di gara dei Campionati \u00e8 stato il siciliano Enzo Rametta.<\/p>\n<\/p>\n<p>&#12288;<\/p>\n<p>Trentadue i giocatori che hanno preso parte ai campionati di prima categoria, tra i quali anche l\u2019unico sardo, Roberto Saba che, purtroppo per lui, ha dovuto incontrare negli ottavi di finale proprio Marco Zanetti, perdendo come da pronostico. Gli specialisti sardi si son rifatti nella seconda categoria con due piazzamenti nei primi dieci: il sesto posto di Mauro Serra del Birillo di Iglesias, e l\u2019ottavo di Emanuele Villasanta del Cahmpion\u2019s Club di Decimomannu. Nella prova di terza categoria \u00e8 andata meglio con il secondo posto di Loru dell\u2019Eden di Assemini, il terzo di Carta del Birillo e il quarto di Massidda del Club del biliardo di Cagliari. Nella classifica riservata agli juniores ottimo terzo posto per il sedicenne Filippo Farci dell\u2019Eden. Medaglia di bronzo anche per Roberto Saba (La Goriziana di Maracalagonis) nel Campionato di Biathlon (carambola e cinque birilli). Com.<\/p>\n","protected":false},"excerpt":{"rendered":"<p>Marco Zanetti, di Bolzano, si \u00e8 aggiudicato il Campionato Italiano di carambola 3 sponde disputato a Cagliari, nel padiglione I della Fiera, portando a quota&#8230;<\/p>\n","protected":false},"author":2,"featured_media":0,"comment_status":"closed","ping_status":"closed","sticky":false,"template":"","format":"standard","meta":[],"categories":[49],"tags":[],"_links":{"self":[{"href":"https:\/\/www.cronacaonline.it\/index.php\/wp-json\/wp\/v2\/posts\/68372"}],"collection":[{"href":"https:\/\/www.cronacaonline.it\/index.php\/wp-json\/wp\/v2\/posts"}],"about":[{"href":"https:\/\/www.cronacaonline.it\/index.php\/wp-json\/wp\/v2\/types\/post"}],"author":[{"embeddable":true,"href":"https:\/\/www.cronacaonline.it\/index.php\/wp-json\/wp\/v2\/users\/2"}],"replies":[{"embeddable":true,"href":"https:\/\/www.cronacaonline.it\/index.php\/wp-json\/wp\/v2\/comments?post=68372"}],"version-history":[{"count":0,"href":"https:\/\/www.cronacaonline.it\/index.php\/wp-json\/wp\/v2\/posts\/68372\/revisions"}],"wp:attachment":[{"href":"https:\/\/www.cronacaonline.it\/index.php\/wp-json\/wp\/v2\/media?parent=68372"}],"wp:term":[{"taxonomy":"category","embeddable":true,"href":"https:\/\/www.cronacaonline.it\/index.php\/wp-json\/wp\/v2\/categories?post=68372"},{"taxonomy":"post_tag","embeddable":true,"href":"https:\/\/www.cronacaonline.it\/index.php\/wp-json\/wp\/v2\/tags?post=68372"}],"curies":[{"name":"wp","href":"https:\/\/api.w.org\/{rel}","templated":true}]}}