{"id":68370,"date":"2011-06-22T00:00:00","date_gmt":"2011-06-21T22:00:00","guid":{"rendered":"http:\/\/www.cronacaonline.it\/public\/content\/index.php\/2011\/06\/22\/riepilogo-lavori-consiglio-regionale-sardegna-su-collegato-alla-manovra-finanziaria-2011-2013-2\/"},"modified":"2011-06-22T00:00:00","modified_gmt":"2011-06-21T22:00:00","slug":"riepilogo-lavori-consiglio-regionale-sardegna-su-collegato-alla-manovra-finanziaria-2011-2013-2","status":"publish","type":"post","link":"https:\/\/www.cronacaonline.it\/index.php\/2011\/06\/22\/riepilogo-lavori-consiglio-regionale-sardegna-su-collegato-alla-manovra-finanziaria-2011-2013-2\/","title":{"rendered":"Riepilogo lavori consiglio regionale Sardegna su collegato alla manovra finanziaria 2011-2013. (2)"},"content":{"rendered":"<p><SPAN style=\"FONT-FAMILY: 'Verdana', 'sans-serif'\">L<\/SPAN><SPAN style=\"FONT-FAMILY: 'Verdana', 'sans-serif'; mso-bidi-font-family: Verdana\">\u2019<\/SPAN><SPAN style=\"FONT-FAMILY: 'Verdana', 'sans-serif'\">Assessore<\/SPAN><SPAN class=apple-converted-space><SPAN style=\"LINE-HEIGHT: 115%; FONT-FAMILY: 'Verdana', 'sans-serif'; COLOR: black; FONT-SIZE: 12pt\">&nbsp;<\/SPAN><\/SPAN><SPAN style=\"FONT-FAMILY: 'Verdana', 'sans-serif'\">La Spisa<\/SPAN><SPAN class=apple-converted-space><SPAN style=\"LINE-HEIGHT: 115%; FONT-FAMILY: 'Verdana', 'sans-serif'; COLOR: black; FONT-SIZE: 12pt\">&nbsp;<\/SPAN><\/SPAN><SPAN style=\"FONT-FAMILY: 'Verdana', 'sans-serif'\">\u00e8 quindi intervenuto per spiegare il parere negativo sull<\/SPAN><SPAN style=\"FONT-FAMILY: 'Verdana', 'sans-serif'; mso-bidi-font-family: Verdana\">\u2019<\/SPAN><SPAN style=\"FONT-FAMILY: 'Verdana', 'sans-serif'\">emendamento 36. <\/SPAN><SPAN style=\"FONT-FAMILY: 'Verdana', 'sans-serif'; mso-bidi-font-family: Verdana\">\u201c<\/SPAN><SPAN style=\"FONT-FAMILY: 'Verdana', 'sans-serif'\">Impegna gli investimenti di un ente strumentale della Regione. Lo stesso obiettivo si pu\u00f2 raggiungere con un altro strumento, ad esempio con una delibera di Giunta, non c<\/SPAN><SPAN style=\"FONT-FAMILY: 'Verdana', 'sans-serif'; mso-bidi-font-family: Verdana\">\u2019<\/SPAN><SPAN style=\"FONT-FAMILY: 'Verdana', 'sans-serif'; mso-bidi-font-family: Calibri\">\u00e8<\/SPAN><SPAN style=\"FONT-FAMILY: 'Verdana', 'sans-serif'\"> bisogno di una legge. Poi, i lavori della Commissione servono anche per semplificare il lavoro dell<\/SPAN><SPAN style=\"FONT-FAMILY: 'Verdana', 'sans-serif'; mso-bidi-font-family: Verdana\">\u2019<\/SPAN><SPAN style=\"FONT-FAMILY: 'Verdana', 'sans-serif'\">aula. Se ogni questione deve essere di nuovo sviscerata in aula, non serve il lavoro precedente. Io chiedo di ritirare l<\/SPAN><SPAN style=\"FONT-FAMILY: 'Verdana', 'sans-serif'; mso-bidi-font-family: Verdana\">\u2019<\/SPAN><SPAN style=\"FONT-FAMILY: 'Verdana', 'sans-serif'\">emendamento per poi affrontarlo in sede pi<\/SPAN><SPAN style=\"FONT-FAMILY: 'Verdana', 'sans-serif'; mso-bidi-font-family: Calibri\">\u00f9<\/SPAN><SPAN style=\"FONT-FAMILY: 'Verdana', 'sans-serif'\"> idonea, dove il parere potr<\/SPAN><SPAN style=\"FONT-FAMILY: 'Verdana', 'sans-serif'; mso-bidi-font-family: Calibri\">\u00e0<\/SPAN><SPAN style=\"FONT-FAMILY: 'Verdana', 'sans-serif'\"> anche essere positivo<\/SPAN><SPAN style=\"FONT-FAMILY: 'Verdana', 'sans-serif'; mso-bidi-font-family: Verdana\">\u201d<\/SPAN><SPAN style=\"FONT-FAMILY: 'Verdana', 'sans-serif'\">.<\/SPAN><\/p>\n<p><SPAN style=\"FONT-FAMILY: 'Verdana', 'sans-serif'\">Franco Mula (Riformatori) ha condiviso l<\/SPAN><SPAN style=\"FONT-FAMILY: 'Verdana', 'sans-serif'; mso-bidi-font-family: Verdana\">\u2019<\/SPAN><SPAN style=\"FONT-FAMILY: 'Verdana', 'sans-serif'\">intervento dell<\/SPAN><SPAN style=\"FONT-FAMILY: 'Verdana', 'sans-serif'; mso-bidi-font-family: Verdana\">\u2019<\/SPAN><SPAN style=\"FONT-FAMILY: 'Verdana', 'sans-serif'\">assessore. <\/SPAN><SPAN style=\"FONT-FAMILY: 'Verdana', 'sans-serif'; mso-bidi-font-family: Verdana\">\u201c<\/SPAN><SPAN style=\"FONT-FAMILY: 'Verdana', 'sans-serif'\">Lo spirito <\/SPAN><SPAN style=\"FONT-FAMILY: 'Verdana', 'sans-serif'; mso-bidi-font-family: Calibri\">\u00e8<\/SPAN><SPAN style=\"FONT-FAMILY: 'Verdana', 'sans-serif'\"> quello giusto<\/SPAN><SPAN style=\"FONT-FAMILY: 'Verdana', 'sans-serif'; mso-bidi-font-family: Verdana\">\u201d<\/SPAN><SPAN style=\"FONT-FAMILY: 'Verdana', 'sans-serif'\">, ha affermato, <\/SPAN><SPAN style=\"FONT-FAMILY: 'Verdana', 'sans-serif'; mso-bidi-font-family: Verdana\">\u201c<\/SPAN><SPAN style=\"FONT-FAMILY: 'Verdana', 'sans-serif'\">ma poi vi sono perplessit<\/SPAN><SPAN style=\"FONT-FAMILY: 'Verdana', 'sans-serif'; mso-bidi-font-family: Calibri\">\u00e0<\/SPAN><SPAN style=\"FONT-FAMILY: 'Verdana', 'sans-serif'\"> sul bando e sugli investimenti gi<\/SPAN><SPAN style=\"FONT-FAMILY: 'Verdana', 'sans-serif'; mso-bidi-font-family: Calibri\">\u00e0<\/SPAN><SPAN style=\"FONT-FAMILY: 'Verdana', 'sans-serif'\"> programmati. Quella programmazione che fine farebbe?<\/SPAN><SPAN style=\"FONT-FAMILY: 'Verdana', 'sans-serif'; mso-bidi-font-family: Verdana\">\u201d<\/SPAN><\/p>\n<p><SPAN style=\"FONT-FAMILY: 'Verdana', 'sans-serif'\">Angelo Stocchino (Pdl) ha espresso parere contrario. <\/SPAN><SPAN style=\"FONT-FAMILY: 'Verdana', 'sans-serif'; mso-bidi-font-family: Verdana\">\u201c<\/SPAN><SPAN style=\"FONT-FAMILY: 'Verdana', 'sans-serif'\">Non sono d<\/SPAN><SPAN style=\"FONT-FAMILY: 'Verdana', 'sans-serif'; mso-bidi-font-family: Verdana\">\u2019<\/SPAN><SPAN style=\"FONT-FAMILY: 'Verdana', 'sans-serif'\">accordo in linea di principio. Io la penso diversamente. Avete sempre accusato il centrodestra di fare gli interessi dei palazzinari, ma poi date risorse ad Area per l<\/SPAN><SPAN style=\"FONT-FAMILY: 'Verdana', 'sans-serif'; mso-bidi-font-family: Verdana\">\u2019<\/SPAN><SPAN style=\"FONT-FAMILY: 'Verdana', 'sans-serif'\">acquisizione di nuove costruzioni. Prima di farlo, serve un ragionamento serio. Basta vedere molti centri storici desolatamente vuoti. Invece di dare soldi per nuove costruzioni, sarebbe meglio acquistare le case vuote dei centri storici. Ecco perch\u00e9 sono in dissenso<\/SPAN><SPAN style=\"FONT-FAMILY: 'Verdana', 'sans-serif'; mso-bidi-font-family: Verdana\">\u201d<\/SPAN><SPAN style=\"FONT-FAMILY: 'Verdana', 'sans-serif'\">.<\/SPAN><\/p>\n<p><SPAN style=\"FONT-FAMILY: 'Verdana', 'sans-serif'\">Francesca Barracciu (PD), ha annunciato che se l<\/SPAN><SPAN style=\"FONT-FAMILY: 'Verdana', 'sans-serif'; mso-bidi-font-family: Verdana\">\u2019<\/SPAN><SPAN style=\"FONT-FAMILY: 'Verdana', 'sans-serif'\">emendamento rimanesse in piedi, voterebbe a favore, <\/SPAN><SPAN style=\"FONT-FAMILY: 'Verdana', 'sans-serif'; mso-bidi-font-family: Verdana\">\u201c<\/SPAN><SPAN style=\"FONT-FAMILY: 'Verdana', 'sans-serif'\">in attesa che l<\/SPAN><SPAN style=\"FONT-FAMILY: 'Verdana', 'sans-serif'; mso-bidi-font-family: Verdana\">\u2019<\/SPAN><SPAN style=\"FONT-FAMILY: 'Verdana', 'sans-serif'\">auspicio di Uras, per la soppressione di Area, per manifesta incapacit<\/SPAN><SPAN style=\"FONT-FAMILY: 'Verdana', 'sans-serif'; mso-bidi-font-family: Calibri\">\u00e0<\/SPAN><SPAN style=\"FONT-FAMILY: 'Verdana', 'sans-serif'\">, venga accolto. Bisogna dare risposte a centinaia di famiglie. Per noi si tratta di un dovere principale. L<\/SPAN><SPAN style=\"FONT-FAMILY: 'Verdana', 'sans-serif'; mso-bidi-font-family: Verdana\">\u2019<\/SPAN><SPAN style=\"FONT-FAMILY: 'Verdana', 'sans-serif'\">intervento dell<\/SPAN><SPAN style=\"FONT-FAMILY: 'Verdana', 'sans-serif'; mso-bidi-font-family: Verdana\">\u2019<\/SPAN><SPAN style=\"FONT-FAMILY: 'Verdana', 'sans-serif'\">assessore<\/SPAN><SPAN class=apple-converted-space><SPAN style=\"LINE-HEIGHT: 115%; FONT-FAMILY: 'Verdana', 'sans-serif'; COLOR: black; FONT-SIZE: 12pt\">&nbsp;<\/SPAN><\/SPAN><SPAN style=\"FONT-FAMILY: 'Verdana', 'sans-serif'\">La Spisa, invece, non ci soddisfa. E a Stocchino dico che il centrosinistra aveva fatto gi<\/SPAN><SPAN style=\"FONT-FAMILY: 'Verdana', 'sans-serif'; mso-bidi-font-family: Calibri\">\u00e0<\/SPAN><SPAN style=\"FONT-FAMILY: 'Verdana', 'sans-serif'\"> una legge per i centri storici<\/SPAN><SPAN style=\"FONT-FAMILY: 'Verdana', 'sans-serif'; mso-bidi-font-family: Verdana\">\u201d<\/SPAN><SPAN style=\"FONT-FAMILY: 'Verdana', 'sans-serif'\">.<\/SPAN><\/p>\n<p><SPAN style=\"FONT-FAMILY: 'Verdana', 'sans-serif'\">Anche Pietro Cocco (PD) ha quindi annunciato il proprio voto a favore. <\/SPAN><SPAN style=\"FONT-FAMILY: 'Verdana', 'sans-serif'; mso-bidi-font-family: Verdana\">\u201c<\/SPAN><SPAN style=\"FONT-FAMILY: 'Verdana', 'sans-serif'\">Ma si sta facendo confusione. Edilizia popolare e palazzine sono cose differenti, con finalit\u00e0 diverse, per giovani coppie e per la richiesta di prezzi contenuti. Su Area: che vada rivista, smantellata o altro, serve comunque una legge organica. Di sicuro questo emendamento mette il dito nella piaga. Il resto \u00e8 fuori luogo. A Stocchino dico di fare chiarezza con se stesso, visto che aveva detto il contrario altre volte<\/SPAN><SPAN style=\"FONT-FAMILY: 'Verdana', 'sans-serif'; mso-bidi-font-family: Verdana\">\u201d<\/SPAN><SPAN style=\"FONT-FAMILY: 'Verdana', 'sans-serif'\">.<\/SPAN><\/p>\n<p><SPAN style=\"FONT-FAMILY: 'Verdana', 'sans-serif'\">Adriano Salis (Idv) <\/SPAN><SPAN style=\"FONT-FAMILY: 'Verdana', 'sans-serif'; mso-bidi-font-family: Calibri\">\u00e8<\/SPAN><SPAN style=\"FONT-FAMILY: 'Verdana', 'sans-serif'\"> intervenuto per portare la propria esperienza personale. <\/SPAN><SPAN style=\"FONT-FAMILY: 'Verdana', 'sans-serif'; mso-bidi-font-family: Verdana\">\u201c<\/SPAN><SPAN style=\"FONT-FAMILY: 'Verdana', 'sans-serif'\">Ho toccato con mano la latitanza di Area. Migliaia di persone sono in balia delle agenzie immobiliari, a condizioni vessatorie, con pagamenti di aggi e percentuali. Ecco perch\u00e9 servirebbe l<\/SPAN><SPAN style=\"FONT-FAMILY: 'Verdana', 'sans-serif'; mso-bidi-font-family: Verdana\">\u2019<\/SPAN><SPAN style=\"FONT-FAMILY: 'Verdana', 'sans-serif'\">intervento pubblico. Area ci costa un sacco di soldi, personale, dirigenti e non svolge il suo compito. Ma Area pu\u00f2 spendere le risorse? E<\/SPAN><SPAN style=\"FONT-FAMILY: 'Verdana', 'sans-serif'; mso-bidi-font-family: Verdana\">\u2019<\/SPAN><SPAN style=\"FONT-FAMILY: 'Verdana', 'sans-serif'\"> in grado? Se s<\/SPAN><SPAN style=\"FONT-FAMILY: 'Verdana', 'sans-serif'; mso-bidi-font-family: Calibri\">\u00ec<\/SPAN><SPAN style=\"FONT-FAMILY: 'Verdana', 'sans-serif'\">, voter<\/SPAN><SPAN style=\"FONT-FAMILY: 'Verdana', 'sans-serif'; mso-bidi-font-family: Calibri\">\u00f2<\/SPAN><SPAN style=\"FONT-FAMILY: 'Verdana', 'sans-serif'\"> a favore. Ma bisogna chiarirlo<\/SPAN><SPAN style=\"FONT-FAMILY: 'Verdana', 'sans-serif'; mso-bidi-font-family: Verdana\">\u201d<\/SPAN><SPAN style=\"FONT-FAMILY: 'Verdana', 'sans-serif'\">.<\/SPAN><\/p>\n<p><SPAN style=\"FONT-FAMILY: 'Verdana', 'sans-serif'\">Per Attilio Dedoni (Riformatori) l<\/SPAN><SPAN style=\"FONT-FAMILY: 'Verdana', 'sans-serif'; mso-bidi-font-family: Verdana\">\u2019<\/SPAN><SPAN style=\"FONT-FAMILY: 'Verdana', 'sans-serif'\">assessore<\/SPAN><SPAN class=apple-converted-space><SPAN style=\"LINE-HEIGHT: 115%; FONT-FAMILY: 'Verdana', 'sans-serif'; COLOR: black; FONT-SIZE: 12pt\">&nbsp;<\/SPAN><\/SPAN><SPAN style=\"FONT-FAMILY: 'Verdana', 'sans-serif'\">La Spisa<\/SPAN><SPAN class=apple-converted-space><SPAN style=\"LINE-HEIGHT: 115%; FONT-FAMILY: 'Verdana', 'sans-serif'; COLOR: black; FONT-SIZE: 12pt\">&nbsp;<\/SPAN><\/SPAN><SPAN style=\"FONT-FAMILY: 'Verdana', 'sans-serif'\">ha accolto la sollecitazione Sanna.<\/SPAN><SPAN style=\"FONT-FAMILY: 'Verdana', 'sans-serif'; mso-bidi-font-family: Verdana\">\u201d<\/SPAN><SPAN style=\"FONT-FAMILY: 'Verdana', 'sans-serif'\"> Il problema esiste, Area non funziona e non d\u00e0 servizi, non spende i fondi e non spinge l<\/SPAN><SPAN style=\"FONT-FAMILY: 'Verdana', 'sans-serif'; mso-bidi-font-family: Verdana\">\u2019<\/SPAN><SPAN style=\"FONT-FAMILY: 'Verdana', 'sans-serif'\">economia. Ma deve essere rivisitata per fare meglio di cos<\/SPAN><SPAN style=\"FONT-FAMILY: 'Verdana', 'sans-serif'; mso-bidi-font-family: Calibri\">\u00ec<\/SPAN><SPAN style=\"FONT-FAMILY: 'Verdana', 'sans-serif'\">.<\/SPAN><SPAN class=apple-converted-space><SPAN style=\"LINE-HEIGHT: 115%; FONT-FAMILY: 'Verdana', 'sans-serif'; COLOR: black; FONT-SIZE: 12pt\">&nbsp;<\/SPAN><\/SPAN><SPAN style=\"FONT-FAMILY: 'Verdana', 'sans-serif'\">La Giunta<\/SPAN><SPAN class=apple-converted-space><SPAN style=\"LINE-HEIGHT: 115%; FONT-FAMILY: 'Verdana', 'sans-serif'; COLOR: black; FONT-SIZE: 12pt\">&nbsp;<\/SPAN><\/SPAN><SPAN style=\"FONT-FAMILY: 'Verdana', 'sans-serif'\">accolga i suggerimenti positivi<\/SPAN><SPAN style=\"FONT-FAMILY: 'Verdana', 'sans-serif'; mso-bidi-font-family: Verdana\">\u201d<\/SPAN><SPAN style=\"FONT-FAMILY: 'Verdana', 'sans-serif'\">.<\/SPAN><\/p>\n<p><SPAN style=\"FONT-FAMILY: 'Verdana', 'sans-serif'\">Matteo Sanna (Udc-Fli) ha ritenuto di dover prendere al volo questa opportunit<\/SPAN><SPAN style=\"FONT-FAMILY: 'Verdana', 'sans-serif'; mso-bidi-font-family: Calibri\">\u00e0<\/SPAN><SPAN style=\"FONT-FAMILY: 'Verdana', 'sans-serif'\"> per rimettere in moto il settore immobiliare e fornire risposte alle persone. <\/SPAN><SPAN style=\"FONT-FAMILY: 'Verdana', 'sans-serif'; mso-bidi-font-family: Verdana\">\u201c<\/SPAN><SPAN style=\"FONT-FAMILY: 'Verdana', 'sans-serif'\">Per capire la ratio, questo emendamento non esclude la possibilit<\/SPAN><SPAN style=\"FONT-FAMILY: 'Verdana', 'sans-serif'; mso-bidi-font-family: Calibri\">\u00e0<\/SPAN><SPAN style=\"FONT-FAMILY: 'Verdana', 'sans-serif'\"> di indirizzare gli interventi anche in centri storici. E<\/SPAN><SPAN style=\"FONT-FAMILY: 'Verdana', 'sans-serif'; mso-bidi-font-family: Verdana\">\u2019<\/SPAN><SPAN style=\"FONT-FAMILY: 'Verdana', 'sans-serif'\"> bene evitare lo spreco del territorio, rimettere in moto l<\/SPAN><SPAN style=\"FONT-FAMILY: 'Verdana', 'sans-serif'; mso-bidi-font-family: Verdana\">\u2019<\/SPAN><SPAN style=\"FONT-FAMILY: 'Verdana', 'sans-serif'\">economia dei territori, intervenendo su aree non ghettizzate come \u00e8 stato in passato. Ecco perch\u00e9 annuncio il mio voto favorevole<\/SPAN><SPAN style=\"FONT-FAMILY: 'Verdana', 'sans-serif'; mso-bidi-font-family: Verdana\">\u201d<\/SPAN><SPAN style=\"FONT-FAMILY: 'Verdana', 'sans-serif'\">.<\/SPAN><\/p>\n<p><SPAN style=\"FONT-FAMILY: 'Verdana', 'sans-serif'\">E<\/SPAN><SPAN style=\"FONT-FAMILY: 'Verdana', 'sans-serif'; mso-bidi-font-family: Verdana\">\u2019<\/SPAN><SPAN style=\"FONT-FAMILY: 'Verdana', 'sans-serif'\"> quindi intervenuto nuovamente l<\/SPAN><SPAN style=\"FONT-FAMILY: 'Verdana', 'sans-serif'; mso-bidi-font-family: Verdana\">\u2019<\/SPAN><SPAN style=\"FONT-FAMILY: 'Verdana', 'sans-serif'\">on. Gianvalerio Sanna (PD). <\/SPAN><SPAN style=\"FONT-FAMILY: 'Verdana', 'sans-serif'; mso-bidi-font-family: Verdana\">\u201c<\/SPAN><SPAN style=\"FONT-FAMILY: 'Verdana', 'sans-serif'\">Abbiamo presentato due emendamenti, due proposte, due risposte alla crisi edilizia sarda, a costo zero e nel rispetto dei dettami della pianificazione. In Sardegna sono invenduti pi\u00f9 di 5000 alloggi.&nbsp;<\/SPAN><SPAN class=apple-converted-space><SPAN style=\"LINE-HEIGHT: 115%; FONT-FAMILY: 'Verdana', 'sans-serif'; COLOR: black; FONT-SIZE: 12pt\">&nbsp;<\/SPAN><\/SPAN><SPAN style=\"FONT-FAMILY: 'Verdana', 'sans-serif'\">Avremmo risparmiato tempo e denaro. Ma mi rendo conto che le idee spesso non valgono. Ritiro l<\/SPAN><SPAN style=\"FONT-FAMILY: 'Verdana', 'sans-serif'; mso-bidi-font-family: Verdana\">\u2019<\/SPAN><SPAN style=\"FONT-FAMILY: 'Verdana', 'sans-serif'\">emendamento perch<\/SPAN><SPAN style=\"FONT-FAMILY: 'Verdana', 'sans-serif'; mso-bidi-font-family: Calibri\">\u00e9<\/SPAN><SPAN style=\"FONT-FAMILY: 'Verdana', 'sans-serif'\"> non voglio questioni<\/SPAN><SPAN style=\"FONT-FAMILY: 'Verdana', 'sans-serif'; mso-bidi-font-family: Verdana\">\u201d<\/SPAN><SPAN style=\"FONT-FAMILY: 'Verdana', 'sans-serif'\">.<\/SPAN><\/p>\n<p><SPAN style=\"FONT-FAMILY: 'Verdana', 'sans-serif'\">L<\/SPAN><SPAN style=\"FONT-FAMILY: 'Verdana', 'sans-serif'; mso-bidi-font-family: Verdana\">\u2019<\/SPAN><SPAN style=\"FONT-FAMILY: 'Verdana', 'sans-serif'\">emendamento 36 <\/SPAN><SPAN style=\"FONT-FAMILY: 'Verdana', 'sans-serif'; mso-bidi-font-family: Calibri\">\u00e8<\/SPAN><SPAN style=\"FONT-FAMILY: 'Verdana', 'sans-serif'\"> stato cos<\/SPAN><SPAN style=\"FONT-FAMILY: 'Verdana', 'sans-serif'; mso-bidi-font-family: Calibri\">\u00ec<\/SPAN><SPAN style=\"FONT-FAMILY: 'Verdana', 'sans-serif'\"> ritirato.<\/SPAN><\/p>\n<p><SPAN style=\"FONT-FAMILY: 'Verdana', 'sans-serif'\">L<\/SPAN><SPAN style=\"FONT-FAMILY: 'Verdana', 'sans-serif'; mso-bidi-font-family: Verdana\">\u2019<\/SPAN><SPAN style=\"FONT-FAMILY: 'Verdana', 'sans-serif'\">assemblea affronta quindi l<\/SPAN><SPAN style=\"FONT-FAMILY: 'Verdana', 'sans-serif'; mso-bidi-font-family: Verdana\">\u2019<\/SPAN><SPAN style=\"FONT-FAMILY: 'Verdana', 'sans-serif'\">esame dell<\/SPAN><SPAN style=\"FONT-FAMILY: 'Verdana', 'sans-serif'; mso-bidi-font-family: Verdana\">\u2019<\/SPAN><SPAN style=\"FONT-FAMILY: 'Verdana', 'sans-serif'\">emendamento 37 (sostituzione del Cda di Area con un direttore generale, disciplina delle sue funzioni e della <\/SPAN><SPAN style=\"FONT-FAMILY: 'Verdana', 'sans-serif'; mso-bidi-font-family: Verdana\">\u201c<\/SPAN><SPAN style=\"FONT-FAMILY: 'Verdana', 'sans-serif'\">missione<\/SPAN><SPAN style=\"FONT-FAMILY: 'Verdana', 'sans-serif'; mso-bidi-font-family: Verdana\">\u201d<\/SPAN><SPAN style=\"FONT-FAMILY: 'Verdana', 'sans-serif'\"> dell<\/SPAN><SPAN style=\"FONT-FAMILY: 'Verdana', 'sans-serif'; mso-bidi-font-family: Verdana\">\u2019<\/SPAN><SPAN style=\"FONT-FAMILY: 'Verdana', 'sans-serif'\">azienda), che ha prima firmatario l<\/SPAN><SPAN style=\"FONT-FAMILY: 'Verdana', 'sans-serif'; mso-bidi-font-family: Verdana\">\u2019<\/SPAN><SPAN style=\"FONT-FAMILY: 'Verdana', 'sans-serif'\">On. Gianvalerio Sana del Pd.<\/SPAN><\/p>\n<p><SPAN style=\"FONT-FAMILY: 'Verdana', 'sans-serif'\">La Presidente Lombardo ricorda che tale emendamento \u00e8 stato valutato come inammissibile, perch\u00e9 inerente questioni relative al personale<\/SPAN><\/p>\n<p><SPAN style=\"FONT-FAMILY: 'Verdana', 'sans-serif'\">Giampaolo Diana (Pd), intervenendo sull<\/SPAN><SPAN style=\"FONT-FAMILY: 'Verdana', 'sans-serif'; mso-bidi-font-family: Verdana\">\u2019<\/SPAN><SPAN style=\"FONT-FAMILY: 'Verdana', 'sans-serif'\">ordine dei lavori, <\/SPAN><SPAN style=\"FONT-FAMILY: 'Verdana', 'sans-serif'; mso-bidi-font-family: Calibri\">\u00e8<\/SPAN><SPAN style=\"FONT-FAMILY: 'Verdana', 'sans-serif'\"> dell<\/SPAN><SPAN style=\"FONT-FAMILY: 'Verdana', 'sans-serif'; mso-bidi-font-family: Verdana\">\u2019<\/SPAN><SPAN style=\"FONT-FAMILY: 'Verdana', 'sans-serif'\">avviso che trattandosi di tratta di sopprimere un consiglio di amministrazione sostituendolo con un direttore generale non pu\u00f2 essere considerato inammissibile, almeno in quest<\/SPAN><SPAN style=\"FONT-FAMILY: 'Verdana', 'sans-serif'; mso-bidi-font-family: Verdana\">\u2019<\/SPAN><SPAN style=\"FONT-FAMILY: 'Verdana', 'sans-serif'\">ultima parte.<\/SPAN><\/p>\n<p><SPAN style=\"FONT-FAMILY: 'Verdana', 'sans-serif'\">Gianvalerio Sanna (Pd) chiede quindi la votazione solo delle lettere B e C dell<\/SPAN><SPAN style=\"FONT-FAMILY: 'Verdana', 'sans-serif'; mso-bidi-font-family: Verdana\">\u2019<\/SPAN><SPAN style=\"FONT-FAMILY: 'Verdana', 'sans-serif'\">emendamento.<\/SPAN><\/p>\n<p><SPAN style=\"FONT-FAMILY: 'Verdana', 'sans-serif'\">Viene chiamato dalla Presidente Lombardo l<\/SPAN><SPAN style=\"FONT-FAMILY: 'Verdana', 'sans-serif'; mso-bidi-font-family: Verdana\">\u2019<\/SPAN><SPAN style=\"FONT-FAMILY: 'Verdana', 'sans-serif'\">emendamento 37, limitatamente alle lettere B e C.<\/SPAN><\/p>\n<p><SPAN style=\"FONT-FAMILY: 'Verdana', 'sans-serif'\">Gianvalerio Sanna (Pd) chiede il voto segreto.<\/SPAN><\/p>\n<p><SPAN style=\"FONT-FAMILY: 'Verdana', 'sans-serif'\">Giulio Steri (Udc-Fli) ritiene che anche le parti dell<\/SPAN><SPAN style=\"FONT-FAMILY: 'Verdana', 'sans-serif'; mso-bidi-font-family: Verdana\">\u2019<\/SPAN><SPAN style=\"FONT-FAMILY: 'Verdana', 'sans-serif'\">emendamento chimate in votazione siano inammissibili, perch\u00e8, perch\u00e9 sostituendo con il direttore generale (e disciplinandone le funzioni) il consiglio di amministrazione si <\/SPAN><SPAN style=\"FONT-FAMILY: 'Verdana', 'sans-serif'; mso-bidi-font-family: Verdana\">\u201c<\/SPAN><SPAN style=\"FONT-FAMILY: 'Verdana', 'sans-serif'\">entra<\/SPAN><SPAN style=\"FONT-FAMILY: 'Verdana', 'sans-serif'; mso-bidi-font-family: Verdana\">\u201d<\/SPAN><SPAN style=\"FONT-FAMILY: 'Verdana', 'sans-serif'\"> nella materia del personale.<\/SPAN><\/p>\n<p><SPAN style=\"FONT-FAMILY: 'Verdana', 'sans-serif'\">La Presidente Lombardo mette in votazione l<\/SPAN><SPAN style=\"FONT-FAMILY: 'Verdana', 'sans-serif'; mso-bidi-font-family: Verdana\">\u2019<\/SPAN><SPAN style=\"FONT-FAMILY: 'Verdana', 'sans-serif'\">emendamento con il seguente esito: favorevoli 30, contrari 35, astenuti 1. Il consiglio non approva.<\/SPAN><\/p>\n<p><SPAN style=\"FONT-FAMILY: 'Verdana', 'sans-serif'\">Successivamente viene messo in votazione l<\/SPAN><SPAN style=\"FONT-FAMILY: 'Verdana', 'sans-serif'; mso-bidi-font-family: Verdana\">\u2019<\/SPAN><SPAN style=\"FONT-FAMILY: 'Verdana', 'sans-serif'\">emendamento n<\/SPAN><SPAN style=\"FONT-FAMILY: 'Verdana', 'sans-serif'; mso-bidi-font-family: Calibri\">\u00b0<\/SPAN><SPAN style=\"FONT-FAMILY: 'Verdana', 'sans-serif'\"> 49 (formazione professionale dei dipendenti pubblici presso strutture regionali), che l<\/SPAN><SPAN style=\"FONT-FAMILY: 'Verdana', 'sans-serif'; mso-bidi-font-family: Verdana\">\u2019<\/SPAN><SPAN style=\"FONT-FAMILY: 'Verdana', 'sans-serif'\">assemblea approva all<\/SPAN><SPAN style=\"FONT-FAMILY: 'Verdana', 'sans-serif'; mso-bidi-font-family: Verdana\">\u2019<\/SPAN><SPAN style=\"FONT-FAMILY: 'Verdana', 'sans-serif'\">unanimit<\/SPAN><SPAN style=\"FONT-FAMILY: 'Verdana', 'sans-serif'; mso-bidi-font-family: Calibri\">\u00e0<\/SPAN><SPAN style=\"FONT-FAMILY: 'Verdana', 'sans-serif'\">.<\/SPAN><\/p>\n<p><SPAN style=\"FONT-FAMILY: 'Verdana', 'sans-serif'\">L<\/SPAN><SPAN style=\"FONT-FAMILY: 'Verdana', 'sans-serif'; mso-bidi-font-family: Verdana\">\u2019<\/SPAN><SPAN style=\"FONT-FAMILY: 'Verdana', 'sans-serif'\">emendamento successivo, il n<\/SPAN><SPAN style=\"FONT-FAMILY: 'Verdana', 'sans-serif'; mso-bidi-font-family: Calibri\">\u00b0<\/SPAN><SPAN style=\"FONT-FAMILY: 'Verdana', 'sans-serif'\"> 50 (estensione degli interventi per la zona di crisi dell<\/SPAN><SPAN style=\"FONT-FAMILY: 'Verdana', 'sans-serif'; mso-bidi-font-family: Verdana\">\u2019<\/SPAN><SPAN style=\"FONT-FAMILY: 'Verdana', 'sans-serif'\">area di Tossilo ai Comuni dell<\/SPAN><SPAN style=\"FONT-FAMILY: 'Verdana', 'sans-serif'; mso-bidi-font-family: Verdana\">\u2019<\/SPAN><SPAN style=\"FONT-FAMILY: 'Verdana', 'sans-serif'\">alto Oristanese) viene ritirato dal primo firmatario On. Francesca Barracciu (Pd) dopo un chiarimento con il Presidente della commissione bilancio On. Paolo Maninchedda (Psd<\/SPAN><SPAN style=\"FONT-FAMILY: 'Verdana', 'sans-serif'; mso-bidi-font-family: Verdana\">\u2019<\/SPAN><SPAN style=\"FONT-FAMILY: 'Verdana', 'sans-serif'\">Az) che fornisce assicurazioni sul numero dei comuni ammessi agli interventi.<\/SPAN><\/p>\n<p><SPAN style=\"FONT-FAMILY: 'Verdana', 'sans-serif'\">Si passa quindi all<\/SPAN><SPAN style=\"FONT-FAMILY: 'Verdana', 'sans-serif'; mso-bidi-font-family: Verdana\">\u2019<\/SPAN><SPAN style=\"FONT-FAMILY: 'Verdana', 'sans-serif'\">esame dell<\/SPAN><SPAN style=\"FONT-FAMILY: 'Verdana', 'sans-serif'; mso-bidi-font-family: Verdana\">\u2019<\/SPAN><SPAN style=\"FONT-FAMILY: 'Verdana', 'sans-serif'\">emendamento 60 (divieto di intervento della regione a sostegno di societ<\/SPAN><SPAN style=\"FONT-FAMILY: 'Verdana', 'sans-serif'; mso-bidi-font-family: Calibri\">\u00e0<\/SPAN><SPAN style=\"FONT-FAMILY: 'Verdana', 'sans-serif'\"> partecipate che abbiano registrato perdite di esercizio per tre esercizi consecutivi).<\/SPAN><\/p>\n<p><SPAN style=\"FONT-FAMILY: 'Verdana', 'sans-serif'\"><SPAN style=\"mso-spacerun: yes\">&nbsp;<\/SPAN>Gianvalerio Sanna, Pd, suggerisce dell<\/SPAN><SPAN style=\"FONT-FAMILY: 'Verdana', 'sans-serif'; mso-bidi-font-family: Verdana\">\u2019<\/SPAN><SPAN style=\"FONT-FAMILY: 'Verdana', 'sans-serif'\">emendamento in esame ed il suo spostamento all<\/SPAN><SPAN style=\"FONT-FAMILY: 'Verdana', 'sans-serif'; mso-bidi-font-family: Verdana\">\u2019<\/SPAN><SPAN style=\"FONT-FAMILY: 'Verdana', 'sans-serif'\">art. 28 bis in attesa delle decisioni definitive che dovranno essere assunte nei confronti di alcune partecipate.<\/SPAN><\/p>\n<p><SPAN style=\"FONT-FAMILY: 'Verdana', 'sans-serif'\">Per Paolo Maninchedda (Psd<\/SPAN><SPAN style=\"FONT-FAMILY: 'Verdana', 'sans-serif'; mso-bidi-font-family: Verdana\">\u2019<\/SPAN><SPAN style=\"FONT-FAMILY: 'Verdana', 'sans-serif'\">Az) va chiarito che ci si sta inserendo nella linea nazionale delle <\/SPAN><SPAN style=\"FONT-FAMILY: 'Verdana', 'sans-serif'; mso-bidi-font-family: Verdana\">\u201c<\/SPAN><SPAN style=\"FONT-FAMILY: 'Verdana', 'sans-serif'\">partecipazioni virtuose in realt<\/SPAN><SPAN style=\"FONT-FAMILY: 'Verdana', 'sans-serif'; mso-bidi-font-family: Calibri\">\u00e0<\/SPAN><SPAN style=\"FONT-FAMILY: 'Verdana', 'sans-serif'\"> che vanno bene, un orientamento senza forzature che esclude operazioni di semplice salvataggio. E<\/SPAN><SPAN style=\"FONT-FAMILY: 'Verdana', 'sans-serif'; mso-bidi-font-family: Verdana\">\u2019<\/SPAN><SPAN style=\"FONT-FAMILY: 'Verdana', 'sans-serif'\"> vero che si acquisisce una disciplina della finanza regionale molto severa, ma \u00e8 proprio lo scopo che si vuole ottenere.<\/SPAN><SPAN style=\"FONT-FAMILY: 'Verdana', 'sans-serif'; mso-bidi-font-family: Verdana\">\u201d<\/SPAN><\/p>\n<p><SPAN style=\"FONT-FAMILY: 'Verdana', 'sans-serif'\">Uras, capogruppo di Sel-Comunisti-Indipendentistas, al contrario, aderisce alla tesi dell<\/SPAN><SPAN style=\"FONT-FAMILY: 'Verdana', 'sans-serif'; mso-bidi-font-family: Verdana\">\u2019<\/SPAN><SPAN style=\"FONT-FAMILY: 'Verdana', 'sans-serif'\">On. Gianvalerio Sanna, ed esprime molti dubbi su secondo comma <\/SPAN><SPAN style=\"FONT-FAMILY: 'Verdana', 'sans-serif'; mso-bidi-font-family: Verdana\">\u201c<\/SPAN><SPAN style=\"FONT-FAMILY: 'Verdana', 'sans-serif'\">che somiglia ad una procedura di sanatoria. L<\/SPAN><SPAN style=\"FONT-FAMILY: 'Verdana', 'sans-serif'; mso-bidi-font-family: Verdana\">\u2019<\/SPAN><SPAN style=\"FONT-FAMILY: 'Verdana', 'sans-serif'\">emendamento, che pure richiama <\/SPAN><SPAN style=\"FONT-FAMILY: 'Verdana', 'sans-serif'; mso-bidi-font-family: Verdana\">\u201c<\/SPAN><SPAN style=\"FONT-FAMILY: 'Verdana', 'sans-serif'\">una procedura a maglie strette determina la possibilit\u00e0 di atteggiamenti ondivaghi e pentimenti, e va perci\u00f2 valutata in ordine a quanto si sta approvando con lo stesso collegato.<\/SPAN><SPAN style=\"FONT-FAMILY: 'Verdana', 'sans-serif'; mso-bidi-font-family: Verdana\">\u201d<\/SPAN><\/p>\n<p><SPAN style=\"FONT-FAMILY: 'Verdana', 'sans-serif'\">Anche Roberto Capelli (Misto) aderisce all<\/SPAN><SPAN style=\"FONT-FAMILY: 'Verdana', 'sans-serif'; mso-bidi-font-family: Verdana\">\u2019<\/SPAN><SPAN style=\"FONT-FAMILY: 'Verdana', 'sans-serif'\">interpretazione di Uras e sollecita l<\/SPAN><SPAN style=\"FONT-FAMILY: 'Verdana', 'sans-serif'; mso-bidi-font-family: Verdana\">\u2019<\/SPAN><SPAN style=\"FONT-FAMILY: 'Verdana', 'sans-serif'\">On. Maninchedda ad accettare la proposta di rinvio al 28 bis. Ci sono parti del provvedimento contraddittorie, ha sostenuto, <\/SPAN><SPAN style=\"FONT-FAMILY: 'Verdana', 'sans-serif'; mso-bidi-font-family: Verdana\">\u201c<\/SPAN><SPAN style=\"FONT-FAMILY: 'Verdana', 'sans-serif'\">che aprono la strada a deroghe non meglio precisate. Un approfondimento <\/SPAN><SPAN style=\"FONT-FAMILY: 'Verdana', 'sans-serif'; mso-bidi-font-family: Calibri\">\u00e8<\/SPAN><SPAN style=\"FONT-FAMILY: 'Verdana', 'sans-serif'\"> ragionevole, mentre <\/SPAN><SPAN style=\"FONT-FAMILY: 'Verdana', 'sans-serif'; mso-bidi-font-family: Calibri\">\u00e8<\/SPAN><SPAN style=\"FONT-FAMILY: 'Verdana', 'sans-serif'\"> giusto decidere interventi solo se previsti da una legge<\/SPAN><SPAN style=\"FONT-FAMILY: 'Verdana', 'sans-serif'; mso-bidi-font-family: Verdana\">\u201d<\/SPAN><SPAN style=\"FONT-FAMILY: 'Verdana', 'sans-serif'\">. Suggerisce una sospensione dei lavori.<\/SPAN><\/p>\n<p><SPAN style=\"FONT-FAMILY: 'Verdana', 'sans-serif'\">Maninchedda non ha obiezioni sulla proposta di rinvio, ma ricorda gli impegni presi in conferenza dei capigruppo: <\/SPAN><SPAN style=\"FONT-FAMILY: 'Verdana', 'sans-serif'; mso-bidi-font-family: Verdana\">\u201c<\/SPAN><SPAN style=\"FONT-FAMILY: 'Verdana', 'sans-serif'\">cos<\/SPAN><SPAN style=\"FONT-FAMILY: 'Verdana', 'sans-serif'; mso-bidi-font-family: Calibri\">\u00ec<\/SPAN><SPAN style=\"FONT-FAMILY: 'Verdana', 'sans-serif'\"> allunghiamo i tempi in modo eccessivo, non sono le modalit<\/SPAN><SPAN style=\"FONT-FAMILY: 'Verdana', 'sans-serif'; mso-bidi-font-family: Calibri\">\u00e0<\/SPAN><SPAN style=\"FONT-FAMILY: 'Verdana', 'sans-serif'\"> concordate<\/SPAN><SPAN style=\"FONT-FAMILY: 'Verdana', 'sans-serif'; mso-bidi-font-family: Verdana\">\u201d<\/SPAN><SPAN style=\"FONT-FAMILY: 'Verdana', 'sans-serif'\">. Manifesta inoltre il suo dissenso sull<\/SPAN><SPAN style=\"FONT-FAMILY: 'Verdana', 'sans-serif'; mso-bidi-font-family: Verdana\">\u2019<\/SPAN><SPAN style=\"FONT-FAMILY: 'Verdana', 'sans-serif'\">interpretazione data da Capelli al secondo comma, <\/SPAN><SPAN style=\"FONT-FAMILY: 'Verdana', 'sans-serif'; mso-bidi-font-family: Verdana\">\u201c<\/SPAN><SPAN style=\"FONT-FAMILY: 'Verdana', 'sans-serif'\">che ha una linea di grande rigore<\/SPAN><SPAN style=\"FONT-FAMILY: 'Verdana', 'sans-serif'; mso-bidi-font-family: Verdana\">\u201d<\/SPAN><SPAN style=\"FONT-FAMILY: 'Verdana', 'sans-serif'\">. Chiede infine spostare la decisione sull<\/SPAN><SPAN style=\"FONT-FAMILY: 'Verdana', 'sans-serif'; mso-bidi-font-family: Verdana\">\u2019<\/SPAN><SPAN style=\"FONT-FAMILY: 'Verdana', 'sans-serif'\">emendamento n<\/SPAN><SPAN style=\"FONT-FAMILY: 'Verdana', 'sans-serif'; mso-bidi-font-family: Calibri\">\u00b0<\/SPAN><SPAN style=\"FONT-FAMILY: 'Verdana', 'sans-serif'\"> 60 al termine di quella dell<\/SPAN><SPAN style=\"FONT-FAMILY: 'Verdana', 'sans-serif'; mso-bidi-font-family: Verdana\">\u2019<\/SPAN><SPAN style=\"FONT-FAMILY: 'Verdana', 'sans-serif'\">art. 27.<\/SPAN><\/p>\n<p><SPAN style=\"FONT-FAMILY: 'Verdana', 'sans-serif'\">L<\/SPAN><SPAN style=\"FONT-FAMILY: 'Verdana', 'sans-serif'; mso-bidi-font-family: Verdana\">\u2019<\/SPAN><SPAN style=\"FONT-FAMILY: 'Verdana', 'sans-serif'\">Aula approva all<\/SPAN><SPAN style=\"FONT-FAMILY: 'Verdana', 'sans-serif'; mso-bidi-font-family: Verdana\">\u2019<\/SPAN><SPAN style=\"FONT-FAMILY: 'Verdana', 'sans-serif'\">unanimit\u00e0.<\/SPAN><\/p>\n<p><SPAN style=\"FONT-FAMILY: 'Verdana', 'sans-serif'\">All<\/SPAN><SPAN style=\"FONT-FAMILY: 'Verdana', 'sans-serif'; mso-bidi-font-family: Verdana\">\u2019<\/SPAN><SPAN style=\"FONT-FAMILY: 'Verdana', 'sans-serif'\">inizio dell<\/SPAN><SPAN style=\"FONT-FAMILY: 'Verdana', 'sans-serif'; mso-bidi-font-family: Verdana\">\u2019<\/SPAN><SPAN style=\"FONT-FAMILY: 'Verdana', 'sans-serif'\">esame dell<\/SPAN><SPAN style=\"FONT-FAMILY: 'Verdana', 'sans-serif'; mso-bidi-font-family: Verdana\">\u2019<\/SPAN><SPAN style=\"FONT-FAMILY: 'Verdana', 'sans-serif'\">emendamento n<\/SPAN><SPAN style=\"FONT-FAMILY: 'Verdana', 'sans-serif'; mso-bidi-font-family: Calibri\">\u00b0<\/SPAN><SPAN style=\"FONT-FAMILY: 'Verdana', 'sans-serif'\"> 64 (finanziamento di 1.5 milioni di euro per l<\/SPAN><SPAN style=\"FONT-FAMILY: 'Verdana', 'sans-serif'; mso-bidi-font-family: Verdana\">\u2019<\/SPAN><SPAN style=\"FONT-FAMILY: 'Verdana', 'sans-serif'\">anno 2011 e di 625.000 per le annualit<\/SPAN><SPAN style=\"FONT-FAMILY: 'Verdana', 'sans-serif'; mso-bidi-font-family: Calibri\">\u00e0<\/SPAN><SPAN style=\"FONT-FAMILY: 'Verdana', 'sans-serif'\"> 2012 e 2013 per studi, ricerche e cartografie riguardanti le attivit<\/SPAN><SPAN style=\"FONT-FAMILY: 'Verdana', 'sans-serif'; mso-bidi-font-family: Calibri\">\u00e0<\/SPAN><SPAN style=\"FONT-FAMILY: 'Verdana', 'sans-serif'\"> estrattive e le fonti energetiche rinnovabili) Alberto Randazzo chiede, con un emendamento orale, di destinare le risorse al piano energetico regionale.<\/SPAN><\/p>\n<p><SPAN style=\"FONT-FAMILY: 'Verdana', 'sans-serif'\">L<\/SPAN><SPAN style=\"FONT-FAMILY: 'Verdana', 'sans-serif'; mso-bidi-font-family: Verdana\">\u2019<\/SPAN><SPAN style=\"FONT-FAMILY: 'Verdana', 'sans-serif'\">Aula non approva<\/SPAN><\/p>\n<p><SPAN style=\"FONT-FAMILY: 'Verdana', 'sans-serif'\">L<\/SPAN><SPAN style=\"FONT-FAMILY: 'Verdana', 'sans-serif'; mso-bidi-font-family: Verdana\">\u2019<\/SPAN><SPAN style=\"FONT-FAMILY: 'Verdana', 'sans-serif'\">Assessore del Bilancio Giorgio La Spisa chiede 5 minuti di sospensione in aula.<\/SPAN><\/p>\n<p><SPAN style=\"FONT-FAMILY: 'Verdana', 'sans-serif'\">Alla ripresa dei lavori, Gianvalerio Sanna (Pd) osserva <\/SPAN><SPAN style=\"FONT-FAMILY: 'Verdana', 'sans-serif'; mso-bidi-font-family: Verdana\">\u201c<\/SPAN><SPAN style=\"FONT-FAMILY: 'Verdana', 'sans-serif'\">che non ci si pu<\/SPAN><SPAN style=\"FONT-FAMILY: 'Verdana', 'sans-serif'; mso-bidi-font-family: Calibri\">\u00f2<\/SPAN><SPAN style=\"FONT-FAMILY: 'Verdana', 'sans-serif'\"> imbrogliare e dire che ci vogliono ancora 3 anni per portare il piano energetico in aula; al massimo si possono destinare altre risorse per completarlo ma non in quei tempi, dato che <\/SPAN><SPAN style=\"FONT-FAMILY: 'Verdana', 'sans-serif'; mso-bidi-font-family: Calibri\">\u00e8<\/SPAN><SPAN style=\"FONT-FAMILY: 'Verdana', 'sans-serif'\"> necessario non andare oltre la fine del 2011.<\/SPAN><\/p>\n<p><SPAN style=\"FONT-FAMILY: 'Verdana', 'sans-serif'\">Randazzo, primo firmatario dell<\/SPAN><SPAN style=\"FONT-FAMILY: 'Verdana', 'sans-serif'; mso-bidi-font-family: Verdana\">\u2019<\/SPAN><SPAN style=\"FONT-FAMILY: 'Verdana', 'sans-serif'\">emendamento, ne annuncia il ritiro.<\/SPAN><\/p>\n<p><SPAN style=\"FONT-FAMILY: 'Verdana', 'sans-serif'\">Adriano Salis, capogruppo dell<\/SPAN><SPAN style=\"FONT-FAMILY: 'Verdana', 'sans-serif'; mso-bidi-font-family: Verdana\">\u2019<\/SPAN><SPAN style=\"FONT-FAMILY: 'Verdana', 'sans-serif'\">Idv, comunica invece di farlo proprio, <\/SPAN><SPAN style=\"FONT-FAMILY: 'Verdana', 'sans-serif'; mso-bidi-font-family: Verdana\">\u201c<\/SPAN><SPAN style=\"FONT-FAMILY: 'Verdana', 'sans-serif'\">per fare in modo che il piano energetico arrivi in aula almeno entro il 2011. La regione ha bisogno di un provvedimento organico in una materia strategica per l<\/SPAN><SPAN style=\"FONT-FAMILY: 'Verdana', 'sans-serif'; mso-bidi-font-family: Verdana\">\u2019<\/SPAN><SPAN style=\"FONT-FAMILY: 'Verdana', 'sans-serif'\">economia della Sardegna, ma la richiesta di 1,5 milioni di euro aggiuntivi <\/SPAN><SPAN style=\"FONT-FAMILY: 'Verdana', 'sans-serif'; mso-bidi-font-family: Calibri\">\u00e8<\/SPAN><SPAN style=\"FONT-FAMILY: 'Verdana', 'sans-serif'\"> inaccettabile.<\/SPAN><SPAN style=\"FONT-FAMILY: 'Verdana', 'sans-serif'; mso-bidi-font-family: Verdana\">\u201d<\/SPAN><\/p>\n<p><SPAN style=\"FONT-FAMILY: 'Verdana', 'sans-serif'\">Si associa all<\/SPAN><SPAN style=\"FONT-FAMILY: 'Verdana', 'sans-serif'; mso-bidi-font-family: Verdana\">\u2019<\/SPAN><SPAN style=\"FONT-FAMILY: 'Verdana', 'sans-serif'\">iniziativa Salis, Chicco Porcu del Pd, che specifica per<\/SPAN><SPAN style=\"FONT-FAMILY: 'Verdana', 'sans-serif'; mso-bidi-font-family: Calibri\">\u00f2<\/SPAN><SPAN style=\"FONT-FAMILY: 'Verdana', 'sans-serif'\"> la richiesta di votare separatamente la parte relativa all<\/SPAN><SPAN style=\"FONT-FAMILY: 'Verdana', 'sans-serif'; mso-bidi-font-family: Verdana\">\u2019<\/SPAN><SPAN style=\"FONT-FAMILY: 'Verdana', 'sans-serif'\">annualit<\/SPAN><SPAN style=\"FONT-FAMILY: 'Verdana', 'sans-serif'; mso-bidi-font-family: Calibri\">\u00e0<\/SPAN><SPAN style=\"FONT-FAMILY: 'Verdana', 'sans-serif'\"> 2011, dichiarando da subito la sua contrariet<\/SPAN><SPAN style=\"FONT-FAMILY: 'Verdana', 'sans-serif'; mso-bidi-font-family: Calibri\">\u00e0<\/SPAN><SPAN style=\"FONT-FAMILY: 'Verdana', 'sans-serif'\"> agli stanziamenti per il 2012 e 2013.<\/SPAN><\/p>\n<p><SPAN style=\"FONT-FAMILY: 'Verdana', 'sans-serif'\">La Presidente Lombardo, dopo una breve verifica, comunica che la votazione separata \u00e8 possibile.<\/SPAN><\/p>\n<p><SPAN style=\"FONT-FAMILY: 'Verdana', 'sans-serif'\">Dal punto di vista politico, Porcu (Pd) sottolinea quanto accade: <\/SPAN><SPAN style=\"FONT-FAMILY: 'Verdana', 'sans-serif'; mso-bidi-font-family: Verdana\">\u201c<\/SPAN><SPAN style=\"FONT-FAMILY: 'Verdana', 'sans-serif'\">il presidente della commissione industria lamenta una mancanza di risorse ma l<\/SPAN><SPAN style=\"FONT-FAMILY: 'Verdana', 'sans-serif'; mso-bidi-font-family: Verdana\">\u2019<\/SPAN><SPAN style=\"FONT-FAMILY: 'Verdana', 'sans-serif'\">opposizione non pu<\/SPAN><SPAN style=\"FONT-FAMILY: 'Verdana', 'sans-serif'; mso-bidi-font-family: Calibri\">\u00f2<\/SPAN><SPAN style=\"FONT-FAMILY: 'Verdana', 'sans-serif'\"> e non vuole assumersi la responsabilit<\/SPAN><SPAN style=\"FONT-FAMILY: 'Verdana', 'sans-serif'; mso-bidi-font-family: Calibri\">\u00e0<\/SPAN><SPAN style=\"FONT-FAMILY: 'Verdana', 'sans-serif'\"> dei ritardi dell<\/SPAN><SPAN style=\"FONT-FAMILY: 'Verdana', 'sans-serif'; mso-bidi-font-family: Verdana\">\u2019<\/SPAN><SPAN style=\"FONT-FAMILY: 'Verdana', 'sans-serif'\">esecutivo e della maggioranza<\/SPAN><SPAN style=\"FONT-FAMILY: 'Verdana', 'sans-serif'; mso-bidi-font-family: Verdana\">\u201d<\/SPAN><SPAN style=\"FONT-FAMILY: 'Verdana', 'sans-serif'\">. Si parla tanto di rinnovabili e sviluppo sostenibile, aggiunge, senza andare al di l\u00e0 <\/SPAN><SPAN style=\"FONT-FAMILY: 'Verdana', 'sans-serif'; mso-bidi-font-family: Verdana\">\u201c<\/SPAN><SPAN style=\"FONT-FAMILY: 'Verdana', 'sans-serif'\">di promesse e annunci<\/SPAN><SPAN style=\"FONT-FAMILY: 'Verdana', 'sans-serif'; mso-bidi-font-family: Verdana\">\u201d<\/SPAN><SPAN style=\"FONT-FAMILY: 'Verdana', 'sans-serif'\">, mentre la Sardegna <\/SPAN><SPAN style=\"FONT-FAMILY: 'Verdana', 'sans-serif'; mso-bidi-font-family: Calibri\">\u00e8<\/SPAN><SPAN style=\"FONT-FAMILY: 'Verdana', 'sans-serif'\"> ancora priva di uno strumento di programmazione indispensabile come il Piano energetico.<\/SPAN><\/p>\n<p><SPAN style=\"FONT-FAMILY: 'Verdana', 'sans-serif'\">Giampaolo Diana (Pd) sottolinea che si sta cercando di trascurare il merito delle questioni. L<\/SPAN><SPAN style=\"FONT-FAMILY: 'Verdana', 'sans-serif'; mso-bidi-font-family: Verdana\">\u2019<\/SPAN><SPAN style=\"FONT-FAMILY: 'Verdana', 'sans-serif'\">On.Randazzo. afferma, <\/SPAN><SPAN style=\"FONT-FAMILY: 'Verdana', 'sans-serif'; mso-bidi-font-family: Verdana\">\u201c<\/SPAN><SPAN style=\"FONT-FAMILY: 'Verdana', 'sans-serif'\">ha tentato di correggere l<\/SPAN><SPAN style=\"FONT-FAMILY: 'Verdana', 'sans-serif'; mso-bidi-font-family: Verdana\">\u2019<\/SPAN><SPAN style=\"FONT-FAMILY: 'Verdana', 'sans-serif'\">emendamento per risolvere il problema dell<\/SPAN><SPAN style=\"FONT-FAMILY: 'Verdana', 'sans-serif'; mso-bidi-font-family: Verdana\">\u2019<\/SPAN><SPAN style=\"FONT-FAMILY: 'Verdana', 'sans-serif'\">assenza di un piano energetico, che pure era stato predisposto nella passata legislatura<\/SPAN><SPAN style=\"FONT-FAMILY: 'Verdana', 'sans-serif'; mso-bidi-font-family: Verdana\">\u201d<\/SPAN><SPAN style=\"FONT-FAMILY: 'Verdana', 'sans-serif'\">. Occorre a suo giudizio limitarsi a finanziare l<\/SPAN><SPAN style=\"FONT-FAMILY: 'Verdana', 'sans-serif'; mso-bidi-font-family: Verdana\">\u2019<\/SPAN><SPAN style=\"FONT-FAMILY: 'Verdana', 'sans-serif'\">annualit<\/SPAN><SPAN style=\"FONT-FAMILY: 'Verdana', 'sans-serif'; mso-bidi-font-family: Calibri\">\u00e0<\/SPAN><SPAN style=\"FONT-FAMILY: 'Verdana', 'sans-serif'\"> 2011, <\/SPAN><SPAN style=\"FONT-FAMILY: 'Verdana', 'sans-serif'; mso-bidi-font-family: Verdana\">\u201c<\/SPAN><SPAN style=\"FONT-FAMILY: 'Verdana', 'sans-serif'\">condizionando questa disponibilit<\/SPAN><SPAN style=\"FONT-FAMILY: 'Verdana', 'sans-serif'; mso-bidi-font-family: Calibri\">\u00e0<\/SPAN><SPAN style=\"FONT-FAMILY: 'Verdana', 'sans-serif'\"> alla presentazione del piano nell<\/SPAN><SPAN style=\"FONT-FAMILY: 'Verdana', 'sans-serif'; mso-bidi-font-family: Verdana\">\u2019<\/SPAN><SPAN style=\"FONT-FAMILY: 'Verdana', 'sans-serif'\">anno in corso. Il piano <\/SPAN><SPAN style=\"FONT-FAMILY: 'Verdana', 'sans-serif'; mso-bidi-font-family: Calibri\">\u00e8<\/SPAN><SPAN style=\"FONT-FAMILY: 'Verdana', 'sans-serif'\"> la pre-condizione per parlare dello sviluppo della Sardegna, per cui sono sufficienti 250 mila euro.<\/SPAN><SPAN style=\"FONT-FAMILY: 'Verdana', 'sans-serif'; mso-bidi-font-family: Verdana\">\u201d<\/SPAN><\/p>\n<p><SPAN style=\"FONT-FAMILY: 'Verdana', 'sans-serif'\">E<\/SPAN><SPAN style=\"FONT-FAMILY: 'Verdana', 'sans-serif'; mso-bidi-font-family: Verdana\">\u2019<\/SPAN><SPAN style=\"FONT-FAMILY: 'Verdana', 'sans-serif'\">una discussione interessante, dichiara in apertura l<\/SPAN><SPAN style=\"FONT-FAMILY: 'Verdana', 'sans-serif'; mso-bidi-font-family: Verdana\">\u2019<\/SPAN><SPAN style=\"FONT-FAMILY: 'Verdana', 'sans-serif'\">On. Gian Vittorio Campus (Pdl) secondo il quale, per<\/SPAN><SPAN style=\"FONT-FAMILY: 'Verdana', 'sans-serif'; mso-bidi-font-family: Calibri\">\u00f2<\/SPAN><SPAN style=\"FONT-FAMILY: 'Verdana', 'sans-serif'\">, si sta andando fuori tema: <\/SPAN><SPAN style=\"FONT-FAMILY: 'Verdana', 'sans-serif'; mso-bidi-font-family: Verdana\">\u201c<\/SPAN><SPAN style=\"FONT-FAMILY: 'Verdana', 'sans-serif'\">noi qui non stiamo votando per il piano energetico ma per studi, ricerche, cartografie ed altro in materia di attivit<\/SPAN><SPAN style=\"FONT-FAMILY: 'Verdana', 'sans-serif'; mso-bidi-font-family: Calibri\">\u00e0<\/SPAN><SPAN style=\"FONT-FAMILY: 'Verdana', 'sans-serif'\"> estrattive ed energie rinnovabili, e a questo sono destinati i 250 mila euro di cui si parla<\/SPAN><SPAN style=\"FONT-FAMILY: 'Verdana', 'sans-serif'; mso-bidi-font-family: Verdana\">\u201d<\/SPAN><SPAN style=\"FONT-FAMILY: 'Verdana', 'sans-serif'\">.<\/SPAN><\/p>\n<p><SPAN style=\"FONT-FAMILY: 'Verdana', 'sans-serif'\">Mario Bruno, capogruppo del Pd, chiede 5 di sospensione.<\/SPAN><\/p>\n<p><SPAN style=\"FONT-FAMILY: 'Verdana', 'sans-serif'\">Alla ripresa dei lavori, Luciano Uras (Sel-Comunisti-Indipendentistas) ricorda nel suo intervento <\/SPAN><SPAN style=\"FONT-FAMILY: 'Verdana', 'sans-serif'; mso-bidi-font-family: Verdana\">\u201c<\/SPAN><SPAN style=\"FONT-FAMILY: 'Verdana', 'sans-serif'\">che col collegato la giunta ha rastrellato circa 36 milioni per il piano <\/SPAN><SPAN style=\"FONT-FAMILY: 'Verdana', 'sans-serif'; mso-bidi-font-family: Verdana\">\u201c<\/SPAN><SPAN style=\"FONT-FAMILY: 'Verdana', 'sans-serif'\">Sardegna C02.0 riguardante le energie rinnovabili. Quel piano, precisa, ha natura regolamentare e non vorrei fosse espropriata funzione del consiglio da parte della giunta<\/SPAN><SPAN style=\"FONT-FAMILY: 'Verdana', 'sans-serif'; mso-bidi-font-family: Verdana\">\u201d<\/SPAN><SPAN style=\"FONT-FAMILY: 'Verdana', 'sans-serif'\">. Conclude annunciando il suo voto contrario e sollecita la Presidente Lombardo ad una attenta vigilanza per evitare che il consiglio sia espropriato delle sue prerogative.<\/SPAN><\/p>\n<p><SPAN style=\"FONT-FAMILY: 'Verdana', 'sans-serif'\">Il capogruppo dell<\/SPAN><SPAN style=\"FONT-FAMILY: 'Verdana', 'sans-serif'; mso-bidi-font-family: Verdana\">\u2019<\/SPAN><SPAN style=\"FONT-FAMILY: 'Verdana', 'sans-serif'\">Idv Adriano Salis chiarisce di aver fatto proprio <\/SPAN><SPAN style=\"FONT-FAMILY: 'Verdana', 'sans-serif'; mso-bidi-font-family: Verdana\">\u201c<\/SPAN><SPAN style=\"FONT-FAMILY: 'Verdana', 'sans-serif'\">l<\/SPAN><SPAN style=\"FONT-FAMILY: 'Verdana', 'sans-serif'; mso-bidi-font-family: Verdana\">\u2019<\/SPAN><SPAN style=\"FONT-FAMILY: 'Verdana', 'sans-serif'\">emendamento Randazzo<\/SPAN><SPAN style=\"FONT-FAMILY: 'Verdana', 'sans-serif'; mso-bidi-font-family: Verdana\">\u201d<\/SPAN><SPAN style=\"FONT-FAMILY: 'Verdana', 'sans-serif'\"> esclusivamente per richiamare l<\/SPAN><SPAN style=\"FONT-FAMILY: 'Verdana', 'sans-serif'; mso-bidi-font-family: Verdana\">\u2019<\/SPAN><SPAN style=\"FONT-FAMILY: 'Verdana', 'sans-serif'\">attenzione del consiglio regionale sul piano energetico. <\/SPAN><SPAN style=\"FONT-FAMILY: 'Verdana', 'sans-serif'; mso-bidi-font-family: Verdana\">\u201c<\/SPAN><SPAN style=\"FONT-FAMILY: 'Verdana', 'sans-serif'\">La giunta, ha affermato, ha gi<\/SPAN><SPAN style=\"FONT-FAMILY: 'Verdana', 'sans-serif'; mso-bidi-font-family: Calibri\">\u00e0<\/SPAN><SPAN style=\"FONT-FAMILY: 'Verdana', 'sans-serif'\"> approvato un disegno di legge che sottrae al consiglio le sue competenze in materia. Se si vuole fare questo per dare tutto in mano ad ex assessore regionale e <\/SPAN><SPAN style=\"FONT-FAMILY: 'Verdana', 'sans-serif'; mso-bidi-font-family: Verdana\">\u201c<\/SPAN><SPAN style=\"FONT-FAMILY: 'Verdana', 'sans-serif'\">gazzosate<\/SPAN><SPAN style=\"FONT-FAMILY: 'Verdana', 'sans-serif'; mso-bidi-font-family: Verdana\">\u201d<\/SPAN><SPAN style=\"FONT-FAMILY: 'Verdana', 'sans-serif'\">, per giunta spendendo 36 milioni, questo deve essere evitato<\/SPAN><SPAN style=\"FONT-FAMILY: 'Verdana', 'sans-serif'; mso-bidi-font-family: Verdana\">\u201d<\/SPAN><SPAN style=\"FONT-FAMILY: 'Verdana', 'sans-serif'\">. Chiede infine revoca delibera e la sollecita approvazione del piano energetico. Annuncia il ritiro dell<\/SPAN><SPAN style=\"FONT-FAMILY: 'Verdana', 'sans-serif'; mso-bidi-font-family: Verdana\">\u2019<\/SPAN><SPAN style=\"FONT-FAMILY: 'Verdana', 'sans-serif'\">emendamento<\/SPAN><\/p>\n<p><SPAN style=\"FONT-FAMILY: 'Verdana', 'sans-serif'\">Approvato all<\/SPAN><SPAN style=\"FONT-FAMILY: 'Verdana', 'sans-serif'; mso-bidi-font-family: Verdana\">\u2019<\/SPAN><SPAN style=\"FONT-FAMILY: 'Verdana', 'sans-serif'\">unanimit<\/SPAN><SPAN style=\"FONT-FAMILY: 'Verdana', 'sans-serif'; mso-bidi-font-family: Calibri\">\u00e0<\/SPAN><SPAN style=\"FONT-FAMILY: 'Verdana', 'sans-serif'\"> (63 voti favorevoli e 1 astenuto) l<\/SPAN><SPAN style=\"FONT-FAMILY: 'Verdana', 'sans-serif'; mso-bidi-font-family: Verdana\">\u2019<\/SPAN><SPAN style=\"FONT-FAMILY: 'Verdana', 'sans-serif'\">emendamento 158 che obbliga la Regione ad esaminare le richieste presentate dai comuni per le varianti al Piano di assetto idrogeologico su aree inserite in piani di lottizzazione approvati e convenzionati alla data di entrata in vigore del Collegato. Gian Valerio Sanna, Pd, ha annunciato il proprio voto favorevole in quanto l<\/SPAN><SPAN style=\"FONT-FAMILY: 'Verdana', 'sans-serif'; mso-bidi-font-family: Verdana\">\u2019<\/SPAN><SPAN style=\"FONT-FAMILY: 'Verdana', 'sans-serif'\">emendamento <\/SPAN><SPAN style=\"FONT-FAMILY: 'Verdana', 'sans-serif'; mso-bidi-font-family: Verdana\">\u201c<\/SPAN><SPAN style=\"FONT-FAMILY: 'Verdana', 'sans-serif'\">consentirebbe di sbloccare molte pratiche di concessione edilizia, si tratta di una semplificazione che aiuta le giovani coppie a mettere su casa<\/SPAN><SPAN style=\"FONT-FAMILY: 'Verdana', 'sans-serif'; mso-bidi-font-family: Verdana\">\u201d<\/SPAN><SPAN style=\"FONT-FAMILY: 'Verdana', 'sans-serif'\">. Per la giunta era intervenuto l<\/SPAN><SPAN style=\"FONT-FAMILY: 'Verdana', 'sans-serif'; mso-bidi-font-family: Verdana\">\u2019<\/SPAN><SPAN style=\"FONT-FAMILY: 'Verdana', 'sans-serif'\">assessore agli Enti Locali e Urbanistica Nicola Rassu che aveva espresso parere favorevole all<\/SPAN><SPAN style=\"FONT-FAMILY: 'Verdana', 'sans-serif'; mso-bidi-font-family: Verdana\">\u2019<\/SPAN><SPAN style=\"FONT-FAMILY: 'Verdana', 'sans-serif'\">emendamento.<\/SPAN><\/p>\n<p><SPAN style=\"FONT-FAMILY: 'Verdana', 'sans-serif'\">Bocciati poi due emendamenti presentati dal consigliere del Pd Antonio Solinas: il 175 (100mila euro a favore delle associazioni sportive riconosciute dal Coni finalizzate alla pratica sportiva dei disabili) e il 177 (istituzione della scuola regionale di polizia locale a Cuglieri).<\/SPAN><\/p>\n<p><SPAN style=\"FONT-FAMILY: 'Verdana', 'sans-serif'\">Via libera (con 30 voti a favore, 29 contrari e 4 astenuti) all<\/SPAN><SPAN style=\"FONT-FAMILY: 'Verdana', 'sans-serif'; mso-bidi-font-family: Verdana\">\u2019<\/SPAN><SPAN style=\"FONT-FAMILY: 'Verdana', 'sans-serif'\">emendamento 196 sui terreni a uso civico in localit\u00e0 Oddoene, nel Comune di Dorgali.<\/SPAN><\/p>\n<p><SPAN style=\"FONT-FAMILY: 'Verdana', 'sans-serif'\">Approvati anche due emendamenti all<\/SPAN><SPAN style=\"FONT-FAMILY: 'Verdana', 'sans-serif'; mso-bidi-font-family: Verdana\">\u2019<\/SPAN><SPAN style=\"FONT-FAMILY: 'Verdana', 'sans-serif'\">emendamento 204 presentati dalla Giunta regionale: l<\/SPAN><SPAN style=\"FONT-FAMILY: 'Verdana', 'sans-serif'; mso-bidi-font-family: Verdana\">\u2019<\/SPAN><SPAN style=\"FONT-FAMILY: 'Verdana', 'sans-serif'\">emendamento 319<\/SPAN><SPAN style=\"FONT-FAMILY: 'Verdana', 'sans-serif'; mso-bidi-font-family: Calibri\">&nbsp;<\/SPAN><SPAN class=apple-converted-space><SPAN style=\"LINE-HEIGHT: 115%; FONT-FAMILY: 'Verdana', 'sans-serif'; COLOR: black; FONT-SIZE: 12pt\">&nbsp;<\/SPAN><\/SPAN><SPAN style=\"FONT-FAMILY: 'Verdana', 'sans-serif'\">e l<\/SPAN><SPAN style=\"FONT-FAMILY: 'Verdana', 'sans-serif'; mso-bidi-font-family: Verdana\">\u2019<\/SPAN><SPAN style=\"FONT-FAMILY: 'Verdana', 'sans-serif'\">emendamento 329. Via libera dunque anche all<\/SPAN><SPAN style=\"FONT-FAMILY: 'Verdana', 'sans-serif'; mso-bidi-font-family: Verdana\">\u2019<\/SPAN><SPAN style=\"FONT-FAMILY: 'Verdana', 'sans-serif'\">emendamento 204 che riguarda il trasferimento delle risorse allocate presso i fondi rischi a riserve patrimoniali.<\/SPAN><\/p>\n<p><SPAN style=\"FONT-FAMILY: 'Verdana', 'sans-serif'\">S\u00ec anche all<\/SPAN><SPAN style=\"FONT-FAMILY: 'Verdana', 'sans-serif'; mso-bidi-font-family: Verdana\">\u2019<\/SPAN><SPAN style=\"FONT-FAMILY: 'Verdana', 'sans-serif'\">emendamento 270 della Giunta regionale con il quale Si modifica la legge del 2005 sul sistema integrato dei servizi alla persona, consentendo l'erogazione di finanziamenti straordinari ai comuni in caso di affidamenti di minori o di anziani disposti dall'autorit\u00e0 giudiziaria.<\/SPAN><\/p>\n<p><SPAN style=\"FONT-FAMILY: 'Verdana', 'sans-serif'\">E' stato accolto poi il 307, presentato da Franco Mula (Riformatori Sardi - Liberaldemocratici) che proroga al 31 luglio 2011 il termine di presentazione dei rendiconti sui lavori urgenti effettuati dai comuni colpiti dalle alluvioni dell'ottobre dello scorso anno.<\/SPAN><\/p>\n<p><SPAN style=\"FONT-FAMILY: 'Verdana', 'sans-serif'\">La presidente, Claudia Lombardo, ha messo, poi in votazione l<\/SPAN><SPAN style=\"FONT-FAMILY: 'Verdana', 'sans-serif'; mso-bidi-font-family: Verdana\">\u2019<\/SPAN><SPAN style=\"FONT-FAMILY: 'Verdana', 'sans-serif'\">emendamento 271 della Giunta (si proroga di 24 mesi il termine di avvio degli interventi di recupero nei centri storici), che \u00e8 stato approvato. E<\/SPAN><SPAN style=\"FONT-FAMILY: 'Verdana', 'sans-serif'; mso-bidi-font-family: Verdana\">\u2019<\/SPAN><SPAN style=\"FONT-FAMILY: 'Verdana', 'sans-serif'\"> stato poi esaminato l<\/SPAN><SPAN style=\"FONT-FAMILY: 'Verdana', 'sans-serif'; mso-bidi-font-family: Verdana\">\u2019<\/SPAN><SPAN style=\"FONT-FAMILY: 'Verdana', 'sans-serif'\">emendamento 279 (Uras e Sechi). La presidente ha ricordato che sul testo c<\/SPAN><SPAN style=\"FONT-FAMILY: 'Verdana', 'sans-serif'; mso-bidi-font-family: Verdana\">\u2019<\/SPAN><SPAN style=\"FONT-FAMILY: 'Verdana', 'sans-serif'\">era un parere sospeso da parte della Commissione Bilancio. Il presidente Paolo Maninchedda (Psd<\/SPAN><SPAN style=\"FONT-FAMILY: 'Verdana', 'sans-serif'; mso-bidi-font-family: Verdana\">\u2019<\/SPAN><SPAN style=\"FONT-FAMILY: 'Verdana', 'sans-serif'\">Az) ha spiegato che il parere era sospeso in attesa di conoscere il parere della Giunta. E<\/SPAN><SPAN style=\"FONT-FAMILY: 'Verdana', 'sans-serif'; mso-bidi-font-family: Verdana\">\u2019<\/SPAN><SPAN style=\"FONT-FAMILY: 'Verdana', 'sans-serif'\"> intervenuto quindi l<\/SPAN><SPAN style=\"FONT-FAMILY: 'Verdana', 'sans-serif'; mso-bidi-font-family: Verdana\">\u2019<\/SPAN><SPAN style=\"FONT-FAMILY: 'Verdana', 'sans-serif'\">assessore regionale della Cultura, Sergio Milia: <\/SPAN><SPAN style=\"FONT-FAMILY: 'Verdana', 'sans-serif'; mso-bidi-font-family: Verdana\">\u201c<\/SPAN><SPAN style=\"FONT-FAMILY: 'Verdana', 'sans-serif'\">Il parere <\/SPAN><SPAN style=\"FONT-FAMILY: 'Verdana', 'sans-serif'; mso-bidi-font-family: Calibri\">\u00e8<\/SPAN><SPAN style=\"FONT-FAMILY: 'Verdana', 'sans-serif'\"> negativo perch<\/SPAN><SPAN style=\"FONT-FAMILY: 'Verdana', 'sans-serif'; mso-bidi-font-family: Calibri\">\u00e9<\/SPAN><SPAN style=\"FONT-FAMILY: 'Verdana', 'sans-serif'\"> stiamo gi<\/SPAN><SPAN style=\"FONT-FAMILY: 'Verdana', 'sans-serif'; mso-bidi-font-family: Calibri\">\u00e0<\/SPAN><SPAN style=\"FONT-FAMILY: 'Verdana', 'sans-serif'\"> procedendo alla rivisitazione della materia in maniera pi\u00f9 ampia<\/SPAN><SPAN style=\"FONT-FAMILY: 'Verdana', 'sans-serif'; mso-bidi-font-family: Verdana\">\u201d<\/SPAN><SPAN style=\"FONT-FAMILY: 'Verdana', 'sans-serif'\">. Messo in votazione, l<\/SPAN><SPAN style=\"FONT-FAMILY: 'Verdana', 'sans-serif'; mso-bidi-font-family: Verdana\">\u2019<\/SPAN><SPAN style=\"FONT-FAMILY: 'Verdana', 'sans-serif'\">emendamento 279 <\/SPAN><SPAN style=\"FONT-FAMILY: 'Verdana', 'sans-serif'; mso-bidi-font-family: Calibri\">\u00e8<\/SPAN><SPAN style=\"FONT-FAMILY: 'Verdana', 'sans-serif'\"> stato bocciato (20 favorevoli, 37 contrari, 2 astenuti).<\/SPAN><\/p>\n<p><SPAN style=\"FONT-FAMILY: 'Verdana', 'sans-serif'\">L<\/SPAN><SPAN style=\"FONT-FAMILY: 'Verdana', 'sans-serif'; mso-bidi-font-family: Verdana\">\u2019<\/SPAN><SPAN style=\"FONT-FAMILY: 'Verdana', 'sans-serif'\">emendamento successivo, il numero 45 (Giacomo Sanna, Steri e Mario Diana) <\/SPAN><SPAN style=\"FONT-FAMILY: 'Verdana', 'sans-serif'; mso-bidi-font-family: Calibri\">\u00e8<\/SPAN><SPAN style=\"FONT-FAMILY: 'Verdana', 'sans-serif'\"> stato spostato all<\/SPAN><SPAN style=\"FONT-FAMILY: 'Verdana', 'sans-serif'; mso-bidi-font-family: Verdana\">\u2019<\/SPAN><SPAN style=\"FONT-FAMILY: 'Verdana', 'sans-serif'\">articolo 28 su proposta del presidente della Commissione Bilancio, Paolo Maninchedda (Psd<\/SPAN><SPAN style=\"FONT-FAMILY: 'Verdana', 'sans-serif'; mso-bidi-font-family: Verdana\">\u2019<\/SPAN><SPAN style=\"FONT-FAMILY: 'Verdana', 'sans-serif'\">Az). Per l<\/SPAN><SPAN style=\"FONT-FAMILY: 'Verdana', 'sans-serif'; mso-bidi-font-family: Verdana\">\u2019<\/SPAN><SPAN style=\"FONT-FAMILY: 'Verdana', 'sans-serif'\">emendamento 153 (Uras e Sechi), la presidente ha ricordato che era privo di copertura finanziaria.<\/SPAN><\/p>\n<p><SPAN style=\"FONT-FAMILY: 'Verdana', 'sans-serif'\">Luciano Uras (capogruppo di Sel <\/SPAN><SPAN style=\"FONT-FAMILY: 'Verdana', 'sans-serif'; mso-bidi-font-family: Verdana\">\u2013<\/SPAN><SPAN style=\"FONT-FAMILY: 'Verdana', 'sans-serif'\"> Comunisti <\/SPAN><SPAN style=\"FONT-FAMILY: 'Verdana', 'sans-serif'; mso-bidi-font-family: Verdana\">\u2013<\/SPAN><SPAN style=\"FONT-FAMILY: 'Verdana', 'sans-serif'\"> Indipendentistas) ha spiegato che il testo era stato modificato in Commissione e che il comma 3 era stato di fatto ritirato. <\/SPAN><SPAN style=\"FONT-FAMILY: 'Verdana', 'sans-serif'; mso-bidi-font-family: Verdana\">\u201c<\/SPAN><SPAN style=\"FONT-FAMILY: 'Verdana', 'sans-serif'\">Non necessita di copertura finanziaria <\/SPAN><SPAN style=\"FONT-FAMILY: 'Verdana', 'sans-serif'; mso-bidi-font-family: Verdana\">\u2013<\/SPAN><SPAN style=\"FONT-FAMILY: 'Verdana', 'sans-serif'\"> ha affermato -<\/SPAN><SPAN style=\"FONT-FAMILY: 'Verdana', 'sans-serif'; mso-bidi-font-family: Calibri\">&nbsp;<\/SPAN><SPAN style=\"FONT-FAMILY: 'Verdana', 'sans-serif'\">questo emendamento ha l<\/SPAN><SPAN style=\"FONT-FAMILY: 'Verdana', 'sans-serif'; mso-bidi-font-family: Verdana\">\u2019<\/SPAN><SPAN style=\"FONT-FAMILY: 'Verdana', 'sans-serif'\">obiettivo di avviare la discussione per poi arrivare a un ordine del giorno, che impegni a introdurre controlli preventivi di legittimit<\/SPAN><SPAN style=\"FONT-FAMILY: 'Verdana', 'sans-serif'; mso-bidi-font-family: Calibri\">\u00e0<\/SPAN><SPAN style=\"FONT-FAMILY: 'Verdana', 'sans-serif'\"> sugli atti<\/SPAN><SPAN style=\"FONT-FAMILY: 'Verdana', 'sans-serif'; mso-bidi-font-family: Verdana\">\u201d<\/SPAN><SPAN style=\"FONT-FAMILY: 'Verdana', 'sans-serif'\">. Un provvedimento che, secondo Uras, eviterebbe che l<\/SPAN><SPAN style=\"FONT-FAMILY: 'Verdana', 'sans-serif'; mso-bidi-font-family: Verdana\">\u2019<\/SPAN><SPAN style=\"FONT-FAMILY: 'Verdana', 'sans-serif'\">attivit\u00e0 della Regione venga bloccata da continui ricorsi, ma ridurrebbe anche il rischio di incorrere nel reato di abuso d<\/SPAN><SPAN style=\"FONT-FAMILY: 'Verdana', 'sans-serif'; mso-bidi-font-family: Verdana\">\u2019<\/SPAN><SPAN style=\"FONT-FAMILY: 'Verdana', 'sans-serif'\">ufficio, eviterebbe danni all<\/SPAN><SPAN style=\"FONT-FAMILY: 'Verdana', 'sans-serif'; mso-bidi-font-family: Verdana\">\u2019<\/SPAN><SPAN style=\"FONT-FAMILY: 'Verdana', 'sans-serif'\">amministrazione, all<\/SPAN><SPAN style=\"FONT-FAMILY: 'Verdana', 'sans-serif'; mso-bidi-font-family: Verdana\">\u2019<\/SPAN><SPAN style=\"FONT-FAMILY: 'Verdana', 'sans-serif'\">erario e alle persone stesse. Parere favorevole <\/SPAN><SPAN style=\"FONT-FAMILY: 'Verdana', 'sans-serif'; mso-bidi-font-family: Calibri\">\u00e8<\/SPAN><SPAN style=\"FONT-FAMILY: 'Verdana', 'sans-serif'\"> stato espresso da Adriano Salis (capogruppo idv): <\/SPAN><SPAN style=\"FONT-FAMILY: 'Verdana', 'sans-serif'; mso-bidi-font-family: Verdana\">\u201c<\/SPAN><SPAN style=\"FONT-FAMILY: 'Verdana', 'sans-serif'\">Ritengo che la chiusura degli organismi di controllo sugli atti degli enti locali abbia creato seri problemi. Credo che la situazione debba essere corretta da questo Consiglio regionale. L<\/SPAN><SPAN style=\"FONT-FAMILY: 'Verdana', 'sans-serif'; mso-bidi-font-family: Verdana\">\u2019<\/SPAN><SPAN style=\"FONT-FAMILY: 'Verdana', 'sans-serif'\">emendamento <\/SPAN><SPAN style=\"FONT-FAMILY: 'Verdana', 'sans-serif'; mso-bidi-font-family: Verdana\">\u2013<\/SPAN><SPAN style=\"FONT-FAMILY: 'Verdana', 'sans-serif'\"> ha aggiunto - pone un problema serissimo e tutela le minoranze<\/SPAN><SPAN style=\"FONT-FAMILY: 'Verdana', 'sans-serif'; mso-bidi-font-family: Verdana\">\u201d<\/SPAN><SPAN style=\"FONT-FAMILY: 'Verdana', 'sans-serif'\">.<\/SPAN><\/p>\n<p><SPAN style=\"FONT-FAMILY: 'Verdana', 'sans-serif'\">Per Giulio Steri (capogruppo Udc-Fli): <\/SPAN><SPAN style=\"FONT-FAMILY: 'Verdana', 'sans-serif'; mso-bidi-font-family: Verdana\">\u201c<\/SPAN><SPAN style=\"FONT-FAMILY: 'Verdana', 'sans-serif'\">Questo emendamento tratta un tema gi<\/SPAN><SPAN style=\"FONT-FAMILY: 'Verdana', 'sans-serif'; mso-bidi-font-family: Calibri\">\u00e0<\/SPAN><SPAN style=\"FONT-FAMILY: 'Verdana', 'sans-serif'\"> affrontato ieri. Non <\/SPAN><SPAN style=\"FONT-FAMILY: 'Verdana', 'sans-serif'; mso-bidi-font-family: Calibri\">\u00e8<\/SPAN><SPAN style=\"FONT-FAMILY: 'Verdana', 'sans-serif'\"> possibile reintrodurre il tipo di controllo precedente, ma sono possibili delle forme collaborative che, con verifiche di coerenza, non annullerebbero gli atti. Pareri che il Comune potrebbe decidere se seguire oppure no<\/SPAN><SPAN style=\"FONT-FAMILY: 'Verdana', 'sans-serif'; mso-bidi-font-family: Verdana\">\u201d<\/SPAN><SPAN style=\"FONT-FAMILY: 'Verdana', 'sans-serif'\">. Poi vista la votazione precedente ha affermato criticamente: <\/SPAN><SPAN style=\"FONT-FAMILY: 'Verdana', 'sans-serif'; mso-bidi-font-family: Verdana\">\u201c<\/SPAN><SPAN style=\"FONT-FAMILY: 'Verdana', 'sans-serif'\">Noi ci riteniamo liberi nelle votazioni future dagli accordi presi in maggioranza, visto come ha votato parte del Pdl, disattendendo agli accordi stessi<\/SPAN><SPAN style=\"FONT-FAMILY: 'Verdana', 'sans-serif'; mso-bidi-font-family: Verdana\">\u201d<\/SPAN><SPAN style=\"FONT-FAMILY: 'Verdana', 'sans-serif'\">. E<\/SPAN><SPAN style=\"FONT-FAMILY: 'Verdana', 'sans-serif'; mso-bidi-font-family: Verdana\">\u2019<\/SPAN><SPAN style=\"FONT-FAMILY: 'Verdana', 'sans-serif'\"> quindi intervenuto Franco Cuccureddu (Gruppo Misto): <\/SPAN><SPAN style=\"FONT-FAMILY: 'Verdana', 'sans-serif'; mso-bidi-font-family: Verdana\">\u201c<\/SPAN><SPAN style=\"FONT-FAMILY: 'Verdana', 'sans-serif'\">Mi sembra assurdo tornare a un controllo piramidale<\/SPAN><SPAN style=\"FONT-FAMILY: 'Verdana', 'sans-serif'; mso-bidi-font-family: Verdana\">\u201d<\/SPAN><SPAN style=\"FONT-FAMILY: 'Verdana', 'sans-serif'\">. Il capogruppo del Pd, on. Mario Bruno ha accolto favorevolmente la volont\u00e0 dell<\/SPAN><SPAN style=\"FONT-FAMILY: 'Verdana', 'sans-serif'; mso-bidi-font-family: Verdana\">\u2019<\/SPAN><SPAN style=\"FONT-FAMILY: 'Verdana', 'sans-serif'\">on. Uras di approfondire l<\/SPAN><SPAN style=\"FONT-FAMILY: 'Verdana', 'sans-serif'; mso-bidi-font-family: Verdana\">\u2019<\/SPAN><SPAN style=\"FONT-FAMILY: 'Verdana', 'sans-serif'\">argomento in un ordine del giorno e ha aggiunto. L<\/SPAN><SPAN style=\"FONT-FAMILY: 'Verdana', 'sans-serif'; mso-bidi-font-family: Verdana\">\u2019<\/SPAN><SPAN style=\"FONT-FAMILY: 'Verdana', 'sans-serif'\">emendamento <\/SPAN><SPAN style=\"FONT-FAMILY: 'Verdana', 'sans-serif'; mso-bidi-font-family: Calibri\">\u00e8<\/SPAN><SPAN style=\"FONT-FAMILY: 'Verdana', 'sans-serif'\"> stato quindi ritirato dal proponente.<\/SPAN><\/p>\n<p><SPAN style=\"FONT-FAMILY: 'Verdana', 'sans-serif'\">Per gli emendamenti successivi, il 186, il 286, il 276 e il 274 \u00e8 chiesto dal presidente della Commissione Bilancio lo spostamento all<\/SPAN><SPAN style=\"FONT-FAMILY: 'Verdana', 'sans-serif'; mso-bidi-font-family: Verdana\">\u2019<\/SPAN><SPAN style=\"FONT-FAMILY: 'Verdana', 'sans-serif'\">articolo 28 per cercare arrivare a un emendamento di sintesi trattando tutti del caso di Quirra.<\/SPAN><\/p>\n<p><SPAN style=\"FONT-FAMILY: 'Verdana', 'sans-serif'\">Mario Bruno (capogruppo Pd) si <\/SPAN><SPAN style=\"FONT-FAMILY: 'Verdana', 'sans-serif'; mso-bidi-font-family: Calibri\">\u00e8<\/SPAN><SPAN style=\"FONT-FAMILY: 'Verdana', 'sans-serif'\"> detto d<\/SPAN><SPAN style=\"FONT-FAMILY: 'Verdana', 'sans-serif'; mso-bidi-font-family: Verdana\">\u2019<\/SPAN><SPAN style=\"FONT-FAMILY: 'Verdana', 'sans-serif'\">accordo. I quattro emendamenti sono stati dunque spostati all<\/SPAN><SPAN style=\"FONT-FAMILY: 'Verdana', 'sans-serif'; mso-bidi-font-family: Verdana\">\u2019<\/SPAN><SPAN style=\"FONT-FAMILY: 'Verdana', 'sans-serif'\">articolo 28.<\/SPAN><SPAN style=\"FONT-FAMILY: 'Verdana', 'sans-serif'; mso-bidi-font-family: Calibri\">&nbsp;<\/SPAN><\/p>\n<p><SPAN style=\"FONT-FAMILY: 'Verdana', 'sans-serif'\">Sull<\/SPAN><SPAN style=\"FONT-FAMILY: 'Verdana', 'sans-serif'; mso-bidi-font-family: Verdana\">\u2019<\/SPAN><SPAN style=\"FONT-FAMILY: 'Verdana', 'sans-serif'\">emendamento numero 187, l<\/SPAN><SPAN style=\"FONT-FAMILY: 'Verdana', 'sans-serif'; mso-bidi-font-family: Verdana\">\u2019<\/SPAN><SPAN style=\"FONT-FAMILY: 'Verdana', 'sans-serif'\">on. Luciano Uras (Sel) ha parlato della situazione idrogeologica, sulla quale <\/SPAN><SPAN style=\"FONT-FAMILY: 'Verdana', 'sans-serif'; mso-bidi-font-family: Verdana\">\u201c<\/SPAN><SPAN style=\"FONT-FAMILY: 'Verdana', 'sans-serif'\">stamattina c<\/SPAN><SPAN style=\"FONT-FAMILY: 'Verdana', 'sans-serif'; mso-bidi-font-family: Verdana\">\u2019<\/SPAN><SPAN style=\"FONT-FAMILY: 'Verdana', 'sans-serif'; mso-bidi-font-family: Calibri\">\u00e8<\/SPAN><SPAN style=\"FONT-FAMILY: 'Verdana', 'sans-serif'\"> stato un incontro con gli assessori Oppi e<\/SPAN><SPAN class=apple-converted-space><SPAN style=\"LINE-HEIGHT: 115%; FONT-FAMILY: 'Verdana', 'sans-serif'; COLOR: black; FONT-SIZE: 12pt\">&nbsp;<\/SPAN><\/SPAN><SPAN style=\"FONT-FAMILY: 'Verdana', 'sans-serif'\">&nbsp;Cherchi e con<\/SPAN><SPAN class=apple-converted-space><SPAN style=\"LINE-HEIGHT: 115%; FONT-FAMILY: 'Verdana', 'sans-serif'; COLOR: black; FONT-SIZE: 12pt\">&nbsp;<\/SPAN><\/SPAN><SPAN style=\"FONT-FAMILY: 'Verdana', 'sans-serif'\">la Presidente Lombardo, per affrontare il problema. Dall<\/SPAN><SPAN style=\"FONT-FAMILY: 'Verdana', 'sans-serif'; mso-bidi-font-family: Verdana\">\u2019<\/SPAN><SPAN style=\"FONT-FAMILY: 'Verdana', 'sans-serif'\">analisi del territorio regionale, per capire lo stato delle cose, l<\/SPAN><SPAN style=\"FONT-FAMILY: 'Verdana', 'sans-serif'; mso-bidi-font-family: Verdana\">\u2019<\/SPAN><SPAN style=\"FONT-FAMILY: 'Verdana', 'sans-serif'\">assessore Oppi ha fatto il resoconto preciso del<\/SPAN><SPAN class=apple-converted-space><SPAN style=\"LINE-HEIGHT: 115%; FONT-FAMILY: 'Verdana', 'sans-serif'; COLOR: black; FONT-SIZE: 12pt\">&nbsp;<\/SPAN><\/SPAN><SPAN style=\"FONT-FAMILY: 'Verdana', 'sans-serif'\">&nbsp;livello di indagine da parte della Regione. Io perci\u00f2 ritiro l<\/SPAN><SPAN style=\"FONT-FAMILY: 'Verdana', 'sans-serif'; mso-bidi-font-family: Verdana\">\u2019<\/SPAN><SPAN style=\"FONT-FAMILY: 'Verdana', 'sans-serif'\">emendamento, ma chiedo un impegno per un odg e per rivedere le procedure in corso. Si verifichi la normativa e lo stato dell<\/SPAN><SPAN style=\"FONT-FAMILY: 'Verdana', 'sans-serif'; mso-bidi-font-family: Verdana\">\u2019<\/SPAN><SPAN style=\"FONT-FAMILY: 'Verdana', 'sans-serif'\">arte<\/SPAN><SPAN style=\"FONT-FAMILY: 'Verdana', 'sans-serif'; mso-bidi-font-family: Verdana\">\u201d<\/SPAN><SPAN style=\"FONT-FAMILY: 'Verdana', 'sans-serif'\">.<\/SPAN><\/p>\n<p><SPAN style=\"FONT-FAMILY: 'Verdana', 'sans-serif'\">Sull<\/SPAN><SPAN style=\"FONT-FAMILY: 'Verdana', 'sans-serif'; mso-bidi-font-family: Verdana\">\u2019<\/SPAN><SPAN style=\"FONT-FAMILY: 'Verdana', 'sans-serif'\">emendamento 192<\/SPAN><SPAN class=apple-converted-space><SPAN style=\"LINE-HEIGHT: 115%; FONT-FAMILY: 'Verdana', 'sans-serif'; COLOR: black; FONT-SIZE: 12pt\">&nbsp;<\/SPAN><\/SPAN><SPAN style=\"FONT-FAMILY: 'Verdana', 'sans-serif'\">la Giunta<\/SPAN><SPAN class=apple-converted-space><SPAN style=\"LINE-HEIGHT: 115%; FONT-FAMILY: 'Verdana', 'sans-serif'; COLOR: black; FONT-SIZE: 12pt\">&nbsp;<\/SPAN><\/SPAN><SPAN style=\"FONT-FAMILY: 'Verdana', 'sans-serif'\">ha espresso un invito al ritiro. Il relatore, l<\/SPAN><SPAN style=\"FONT-FAMILY: 'Verdana', 'sans-serif'; mso-bidi-font-family: Verdana\">\u2019<\/SPAN><SPAN style=\"FONT-FAMILY: 'Verdana', 'sans-serif'\">on. Luciano Uras (Sel), ha accettato l<\/SPAN><SPAN style=\"FONT-FAMILY: 'Verdana', 'sans-serif'; mso-bidi-font-family: Verdana\">\u2019<\/SPAN><SPAN style=\"FONT-FAMILY: 'Verdana', 'sans-serif'\">invito al ritiro, <\/SPAN><SPAN style=\"FONT-FAMILY: 'Verdana', 'sans-serif'; mso-bidi-font-family: Verdana\">\u201c<\/SPAN><SPAN style=\"FONT-FAMILY: 'Verdana', 'sans-serif'\">ma voglio dire all<\/SPAN><SPAN style=\"FONT-FAMILY: 'Verdana', 'sans-serif'; mso-bidi-font-family: Verdana\">\u2019<\/SPAN><SPAN style=\"FONT-FAMILY: 'Verdana', 'sans-serif'\">assessore<\/SPAN><SPAN style=\"FONT-FAMILY: 'Verdana', 'sans-serif'; mso-bidi-font-family: Verdana\">\u201d<\/SPAN><SPAN style=\"FONT-FAMILY: 'Verdana', 'sans-serif'\">, ha annunciato, <\/SPAN><SPAN style=\"FONT-FAMILY: 'Verdana', 'sans-serif'; mso-bidi-font-family: Verdana\">\u201c<\/SPAN><SPAN style=\"FONT-FAMILY: 'Verdana', 'sans-serif'\">uno dei pi<\/SPAN><SPAN style=\"FONT-FAMILY: 'Verdana', 'sans-serif'; mso-bidi-font-family: Calibri\">\u00f9<\/SPAN><SPAN style=\"FONT-FAMILY: 'Verdana', 'sans-serif'\"> assenti dal Consiglio e dalle Commissioni, nonostante una norma che obbliga l<\/SPAN><SPAN style=\"FONT-FAMILY: 'Verdana', 'sans-serif'; mso-bidi-font-family: Verdana\">\u2019<\/SPAN><SPAN style=\"FONT-FAMILY: 'Verdana', 'sans-serif'\">assessore al Lavoro a venire in Commissione, che lui non viene e snobba il Consiglio, perch<\/SPAN><SPAN style=\"FONT-FAMILY: 'Verdana', 'sans-serif'; mso-bidi-font-family: Calibri\">\u00e9<\/SPAN><SPAN style=\"FONT-FAMILY: 'Verdana', 'sans-serif'\"> deve rendere conto, visto che non fa nulla. Io ritiro l<\/SPAN><SPAN style=\"FONT-FAMILY: 'Verdana', 'sans-serif'; mso-bidi-font-family: Verdana\">\u2019<\/SPAN><SPAN style=\"FONT-FAMILY: 'Verdana', 'sans-serif'\">emendamento, ma voi ritirate l<\/SPAN><SPAN style=\"FONT-FAMILY: 'Verdana', 'sans-serif'; mso-bidi-font-family: Verdana\">\u2019<\/SPAN><SPAN style=\"FONT-FAMILY: 'Verdana', 'sans-serif'\">assessore<\/SPAN><SPAN style=\"FONT-FAMILY: 'Verdana', 'sans-serif'; mso-bidi-font-family: Verdana\">\u201d<\/SPAN><SPAN style=\"FONT-FAMILY: 'Verdana', 'sans-serif'\">.<\/SPAN><\/p>\n<p><SPAN style=\"FONT-FAMILY: 'Verdana', 'sans-serif'\">Anche sull<\/SPAN><SPAN style=\"FONT-FAMILY: 'Verdana', 'sans-serif'; mso-bidi-font-family: Verdana\">\u2019<\/SPAN><SPAN style=\"FONT-FAMILY: 'Verdana', 'sans-serif'\">emendamento 193 vi <\/SPAN><SPAN style=\"FONT-FAMILY: 'Verdana', 'sans-serif'; mso-bidi-font-family: Calibri\">\u00e8<\/SPAN><SPAN style=\"FONT-FAMILY: 'Verdana', 'sans-serif'\"> un invito al ritiro. E identica <\/SPAN><SPAN style=\"FONT-FAMILY: 'Verdana', 'sans-serif'; mso-bidi-font-family: Calibri\">\u00e8<\/SPAN><SPAN style=\"FONT-FAMILY: 'Verdana', 'sans-serif'\"> stata la risposta del relatore Luciano Uras.<\/SPAN><\/p>\n<p><SPAN style=\"FONT-FAMILY: 'Verdana', 'sans-serif'\">Sull<\/SPAN><SPAN style=\"FONT-FAMILY: 'Verdana', 'sans-serif'; mso-bidi-font-family: Verdana\">\u2019<\/SPAN><SPAN style=\"FONT-FAMILY: 'Verdana', 'sans-serif'\">emendamento 197 l<\/SPAN><SPAN style=\"FONT-FAMILY: 'Verdana', 'sans-serif'; mso-bidi-font-family: Verdana\">\u2019<\/SPAN><SPAN style=\"FONT-FAMILY: 'Verdana', 'sans-serif'\">on. Paolo Terzo Sanna (PDL) ha spiegato la ratio del provvedimento. <\/SPAN><SPAN style=\"FONT-FAMILY: 'Verdana', 'sans-serif'; mso-bidi-font-family: Verdana\">\u201c<\/SPAN><SPAN style=\"FONT-FAMILY: 'Verdana', 'sans-serif'\">Alle spese per la pubblicit<\/SPAN><SPAN style=\"FONT-FAMILY: 'Verdana', 'sans-serif'; mso-bidi-font-family: Calibri\">\u00e0<\/SPAN><SPAN style=\"FONT-FAMILY: 'Verdana', 'sans-serif'\"> istituzionale, per fiere, mostre e altro, le societ\u00e0 partecipano con un contributo personale. Per il rimborso spese, per alcuni aspetti, non \u00e8 possibile utilizzare i fondi istituzionali. Perci\u00f2 si chiede che il contributo venga utilizzato come ristoro dall<\/SPAN><SPAN style=\"FONT-FAMILY: 'Verdana', 'sans-serif'; mso-bidi-font-family: Verdana\">\u2019<\/SPAN><SPAN style=\"FONT-FAMILY: 'Verdana', 'sans-serif'\">amministrazione regionale per le spese indirette<\/SPAN><SPAN style=\"FONT-FAMILY: 'Verdana', 'sans-serif'; mso-bidi-font-family: Verdana\">\u201d<\/SPAN><SPAN style=\"FONT-FAMILY: 'Verdana', 'sans-serif'\">.<\/SPAN><\/p>\n<p><SPAN style=\"FONT-FAMILY: 'Verdana', 'sans-serif'\">Gianvalerio Sanna (PD) ha annunciato il voto contrario, anche perch<\/SPAN><SPAN style=\"FONT-FAMILY: 'Verdana', 'sans-serif'; mso-bidi-font-family: Calibri\">\u00e9<\/SPAN><SPAN style=\"FONT-FAMILY: 'Verdana', 'sans-serif'\"> <\/SPAN><SPAN style=\"FONT-FAMILY: 'Verdana', 'sans-serif'; mso-bidi-font-family: Verdana\">\u201c<\/SPAN><SPAN style=\"FONT-FAMILY: 'Verdana', 'sans-serif'\">lo stesso presentatore non ha spiegato bene di cosa si tratta<\/SPAN><SPAN style=\"FONT-FAMILY: 'Verdana', 'sans-serif'; mso-bidi-font-family: Verdana\">\u201d<\/SPAN><SPAN style=\"FONT-FAMILY: 'Verdana', 'sans-serif'\">.<\/SPAN><\/p>\n<p><SPAN style=\"FONT-FAMILY: 'Verdana', 'sans-serif'\">Messo in votazione, l<\/SPAN><SPAN style=\"FONT-FAMILY: 'Verdana', 'sans-serif'; mso-bidi-font-family: Verdana\">\u2019<\/SPAN><SPAN style=\"FONT-FAMILY: 'Verdana', 'sans-serif'\">emendamento non <\/SPAN><SPAN style=\"FONT-FAMILY: 'Verdana', 'sans-serif'; mso-bidi-font-family: Calibri\">\u00e8<\/SPAN><SPAN style=\"FONT-FAMILY: 'Verdana', 'sans-serif'\"> stato approvato, con 6 s<\/SPAN><SPAN style=\"FONT-FAMILY: 'Verdana', 'sans-serif'; mso-bidi-font-family: Calibri\">\u00ec<\/SPAN><SPAN style=\"FONT-FAMILY: 'Verdana', 'sans-serif'\">, 47 no e 7 astenuti.<\/SPAN><\/p>\n<p><SPAN style=\"FONT-FAMILY: 'Verdana', 'sans-serif'\">L<\/SPAN><SPAN style=\"FONT-FAMILY: 'Verdana', 'sans-serif'; mso-bidi-font-family: Verdana\">\u2019<\/SPAN><SPAN style=\"FONT-FAMILY: 'Verdana', 'sans-serif'\">emendamento 391 \u00e8 stato immediatamente approvato.<\/SPAN><\/p>\n<p><SPAN style=\"FONT-FAMILY: 'Verdana', 'sans-serif'\">Paolo Maninchedda (Psd<\/SPAN><SPAN style=\"FONT-FAMILY: 'Verdana', 'sans-serif'; mso-bidi-font-family: Verdana\">\u2019<\/SPAN><SPAN style=\"FONT-FAMILY: 'Verdana', 'sans-serif'\">az) ha quindi proposto un emendamento orale all<\/SPAN><SPAN style=\"FONT-FAMILY: 'Verdana', 'sans-serif'; mso-bidi-font-family: Verdana\">\u2019<\/SPAN><SPAN style=\"FONT-FAMILY: 'Verdana', 'sans-serif'\">emendamento 60. Messo in votazione, <\/SPAN><SPAN style=\"FONT-FAMILY: 'Verdana', 'sans-serif'; mso-bidi-font-family: Calibri\">\u00e8<\/SPAN><SPAN style=\"FONT-FAMILY: 'Verdana', 'sans-serif'\"> stato approvato.<\/SPAN><\/p>\n<p><SPAN style=\"FONT-FAMILY: 'Verdana', 'sans-serif'\">La Presidente<\/SPAN><SPAN class=apple-converted-space><SPAN style=\"LINE-HEIGHT: 115%; FONT-FAMILY: 'Verdana', 'sans-serif'; COLOR: black; FONT-SIZE: 12pt\">&nbsp;<\/SPAN><\/SPAN><SPAN style=\"FONT-FAMILY: 'Verdana', 'sans-serif'\">del Consiglio Claudia Lombardo ha quindi annunciato la conclusione dei lavori, aggiornandoli a<\/SPAN><SPAN class=apple-converted-space><SPAN style=\"LINE-HEIGHT: 115%; FONT-FAMILY: 'Verdana', 'sans-serif'; COLOR: black; FONT-SIZE: 12pt\">&nbsp;<\/SPAN><\/SPAN><SPAN style=\"FONT-FAMILY: 'Verdana', 'sans-serif'\"><A href=\"javascript:mails_addtocal(2,%22domani%22);\"><B><SPAN style=\"LINE-HEIGHT: 115%; COLOR: #ff8000; FONT-SIZE: 12pt\">domani<\/SPAN><\/B><\/A><\/SPAN><SPAN class=apple-converted-space><SPAN style=\"LINE-HEIGHT: 115%; FONT-FAMILY: 'Verdana', 'sans-serif'; COLOR: black; FONT-SIZE: 12pt\">&nbsp;<\/SPAN><\/SPAN><SPAN style=\"FONT-FAMILY: 'Verdana', 'sans-serif'\">mattina alle 10. Red<\/SPAN><\/p>\n","protected":false},"excerpt":{"rendered":"<p>L\u2019Assessore&nbsp;La Spisa&nbsp;\u00e8 quindi intervenuto per spiegare il parere negativo sull\u2019emendamento 36. \u201cImpegna gli investimenti di un ente strumentale della Regione. Lo stesso obiettivo si pu\u00f2&#8230;<\/p>\n","protected":false},"author":2,"featured_media":0,"comment_status":"closed","ping_status":"closed","sticky":false,"template":"","format":"standard","meta":[],"categories":[49],"tags":[],"_links":{"self":[{"href":"https:\/\/www.cronacaonline.it\/index.php\/wp-json\/wp\/v2\/posts\/68370"}],"collection":[{"href":"https:\/\/www.cronacaonline.it\/index.php\/wp-json\/wp\/v2\/posts"}],"about":[{"href":"https:\/\/www.cronacaonline.it\/index.php\/wp-json\/wp\/v2\/types\/post"}],"author":[{"embeddable":true,"href":"https:\/\/www.cronacaonline.it\/index.php\/wp-json\/wp\/v2\/users\/2"}],"replies":[{"embeddable":true,"href":"https:\/\/www.cronacaonline.it\/index.php\/wp-json\/wp\/v2\/comments?post=68370"}],"version-history":[{"count":0,"href":"https:\/\/www.cronacaonline.it\/index.php\/wp-json\/wp\/v2\/posts\/68370\/revisions"}],"wp:attachment":[{"href":"https:\/\/www.cronacaonline.it\/index.php\/wp-json\/wp\/v2\/media?parent=68370"}],"wp:term":[{"taxonomy":"category","embeddable":true,"href":"https:\/\/www.cronacaonline.it\/index.php\/wp-json\/wp\/v2\/categories?post=68370"},{"taxonomy":"post_tag","embeddable":true,"href":"https:\/\/www.cronacaonline.it\/index.php\/wp-json\/wp\/v2\/tags?post=68370"}],"curies":[{"name":"wp","href":"https:\/\/api.w.org\/{rel}","templated":true}]}}