{"id":68337,"date":"2011-06-23T00:00:00","date_gmt":"2011-06-22T22:00:00","guid":{"rendered":"http:\/\/www.cronacaonline.it\/public\/content\/index.php\/2011\/06\/23\/cappellacci-sardegna-pretende-pieno-rispetto-diritto-alla-mobilita\/"},"modified":"2011-06-23T00:00:00","modified_gmt":"2011-06-22T22:00:00","slug":"cappellacci-sardegna-pretende-pieno-rispetto-diritto-alla-mobilita","status":"publish","type":"post","link":"https:\/\/www.cronacaonline.it\/index.php\/2011\/06\/23\/cappellacci-sardegna-pretende-pieno-rispetto-diritto-alla-mobilita\/","title":{"rendered":"Cappellacci: &#8220;Sardegna pretende pieno rispetto diritto alla mobilit\u00e0 &#8220;"},"content":{"rendered":"<p><SPAN class=apple-style-span><SPAN style=\"LINE-HEIGHT: 115%; FONT-FAMILY: 'Arial', 'sans-serif'; COLOR: black; FONT-SIZE: 10pt\">\"Con il ricorso all'antitrust contro il caro-traghetti e con l'avvio della flotta sarda la nostra Isola si \u00e8 ribellata: pretendiamo il pieno rispetto del diritto alla mobilit\u00e0. Ben venga ogni ulteriore iniziativa che vada nella stessa direzione.\" Cos\u00ec il presidente Cappellacci ha commentato l'approvazione da parte della Camera della mozione sulla continuit\u00e0 territoriale.<\/SPAN><\/SPAN><\/p>\n<p><SPAN class=apple-style-span><SPAN style=\"LINE-HEIGHT: 115%; FONT-FAMILY: 'Arial', 'sans-serif'; COLOR: black; FONT-SIZE: 10pt\">\"Le dichiarazioni ostili degli armatori&nbsp;<\/SPAN><\/SPAN><SPAN class=apple-converted-space><SPAN style=\"LINE-HEIGHT: 115%; FONT-FAMILY: 'Arial', 'sans-serif'; COLOR: black; FONT-SIZE: 10pt\">&nbsp;<\/SPAN><\/SPAN><SPAN class=apple-style-span><SPAN style=\"LINE-HEIGHT: 115%; FONT-FAMILY: 'Arial', 'sans-serif'; COLOR: black; FONT-SIZE: 10pt\">non intimidiscono ne' intimoriscono alcuno - ha aggiunto il Presidente, con riferimento a quanto riportato dai quotidiani odierni in merito a un possibile rallentamento dell'acquisto della Tirrenia da parte della CIN. Non accetteranno mai un futuro da vassalli del mare. I Sardi vogliono essere protagonisti di quella politica dei collegamenti che \u00e8 una questione di rispetto del diritto di singoli cittadini, ma in maniera pi\u00f9 ampia riguarda la libert\u00e0 di impresa di un sistema, quello isolano, che per avere reali possibilit\u00e0 di sviluppo non pu\u00f2 che guardare al di la del mare.&nbsp;<\/SPAN><\/SPAN><SPAN class=apple-converted-space><SPAN style=\"LINE-HEIGHT: 115%; FONT-FAMILY: 'Arial', 'sans-serif'; COLOR: black; FONT-SIZE: 10pt\">&nbsp;<\/SPAN><\/SPAN><SPAN class=apple-style-span><SPAN style=\"LINE-HEIGHT: 115%; FONT-FAMILY: 'Arial', 'sans-serif'; COLOR: black; FONT-SIZE: 10pt\">La privatizzazione - ha concluso Cappellacci-&nbsp;<\/SPAN><\/SPAN><SPAN class=apple-converted-space><SPAN style=\"LINE-HEIGHT: 115%; FONT-FAMILY: 'Arial', 'sans-serif'; COLOR: black; FONT-SIZE: 10pt\">&nbsp;<\/SPAN><\/SPAN><SPAN class=apple-style-span><SPAN style=\"LINE-HEIGHT: 115%; FONT-FAMILY: 'Arial', 'sans-serif'; COLOR: black; FONT-SIZE: 10pt\">deve avvenire nel rispetto dei principi comunitari e deve rappresentare un momento di crescita per il sistema e non la nascita di un anacronistico monopolio\"<\/SPAN><FONT face=\"\">. Red<\/FONT><\/SPAN><\/SPAN><\/p>\n","protected":false},"excerpt":{"rendered":"<p>&#8220;Con il ricorso all&#8217;antitrust contro il caro-traghetti e con l&#8217;avvio della flotta sarda la nostra Isola si \u00e8 ribellata: pretendiamo il pieno rispetto del diritto&#8230;<\/p>\n","protected":false},"author":2,"featured_media":9733,"comment_status":"closed","ping_status":"closed","sticky":false,"template":"","format":"standard","meta":[],"categories":[49],"tags":[],"_links":{"self":[{"href":"https:\/\/www.cronacaonline.it\/index.php\/wp-json\/wp\/v2\/posts\/68337"}],"collection":[{"href":"https:\/\/www.cronacaonline.it\/index.php\/wp-json\/wp\/v2\/posts"}],"about":[{"href":"https:\/\/www.cronacaonline.it\/index.php\/wp-json\/wp\/v2\/types\/post"}],"author":[{"embeddable":true,"href":"https:\/\/www.cronacaonline.it\/index.php\/wp-json\/wp\/v2\/users\/2"}],"replies":[{"embeddable":true,"href":"https:\/\/www.cronacaonline.it\/index.php\/wp-json\/wp\/v2\/comments?post=68337"}],"version-history":[{"count":0,"href":"https:\/\/www.cronacaonline.it\/index.php\/wp-json\/wp\/v2\/posts\/68337\/revisions"}],"wp:featuredmedia":[{"embeddable":true,"href":"https:\/\/www.cronacaonline.it\/index.php\/wp-json\/"}],"wp:attachment":[{"href":"https:\/\/www.cronacaonline.it\/index.php\/wp-json\/wp\/v2\/media?parent=68337"}],"wp:term":[{"taxonomy":"category","embeddable":true,"href":"https:\/\/www.cronacaonline.it\/index.php\/wp-json\/wp\/v2\/categories?post=68337"},{"taxonomy":"post_tag","embeddable":true,"href":"https:\/\/www.cronacaonline.it\/index.php\/wp-json\/wp\/v2\/tags?post=68337"}],"curies":[{"name":"wp","href":"https:\/\/api.w.org\/{rel}","templated":true}]}}